{"id":1071,"global_id":"www.academiapsicologia.com?id=1071","global_id_lineage":["www.academiapsicologia.com?id=1071"],"author":"1","status":"publish","date":"2021-09-19 12:26:56","date_utc":"2021-09-19 10:26:56","modified":"2021-09-19 12:26:56","modified_utc":"2021-09-19 10:26:56","url":"https:\/\/www.academiapsicologia.com\/index.php\/event\/webinar-ivie-2021-no-5-cambio-tecnologico-y-futuro-del-empleo\/","rest_url":"https:\/\/www.academiapsicologia.com\/index.php\/wp-json\/tribe\/events\/v1\/events\/1071","title":"Webinar IVIE 2021 N\u00ba 5: Cambio tecnol\u00f3gico y futuro del empleo","description":"<div align=\"justify\">\n<p><strong>Online, v\u00eda Zoom, y en streaming por YouTube<\/strong><\/p>\n<h2 class=\"section\"><strong>OBJETIVOS<\/strong><\/h2>\n<p>El progreso tecnol\u00f3gico es la base del extraordinario crecimiento experimentado por nuestro bienestar en los \u00faltimos dos siglos. Gracias a \u00e9l, la esperanza de vida en Espa\u00f1a ha pasado de los 29 a los 83 a\u00f1os y la renta per c\u00e1pita se ha multiplicado en t\u00e9rminos reales por m\u00e1s de 15 entre 1870 y 2020. En las pr\u00f3ximas d\u00e9cadas, se espera que el progreso tecnol\u00f3gico siga proporcionando aun mayores oportunidades de mejora de nuestro bienestar. No obstante, este progreso tambi\u00e9n suscita temores. La inteligencia artificial, la digitalizaci\u00f3n, los robots, etc. podr\u00edan eliminar numerosos puestos de trabajo y exigir un costoso reciclaje laboral. La manera de afrontar estos retos y oportunidades es entenderlos y prepararnos individual y colectivamente para superarlos. Con el fin de analizar las oportunidades tecnol\u00f3gicas y los retos laborales que se avecinan, el pr\u00f3ximo webinar de la serie\u00a0<em>Retos 2030 de la econom\u00eda y la sociedad espa\u00f1ola,<\/em>\u00a0organizado por el Ivie, tratar\u00e1 el tema\u00a0<em>Cambios tecnol\u00f3gicos y futuro del empleo<\/em>.<\/p>\n<p>Los ponentes ser\u00e1n Javier Andr\u00e9s, catedr\u00e1tico de An\u00e1lisis Econ\u00f3mico de la Universitat de Val\u00e8ncia y coautor del libro sobre\u00a0<em>La era de la disrupci\u00f3n digital: Empleo, desigualdad y bienestar social ante las nuevas tecnolog\u00edas globales<\/em>; y Jos\u00e9 Mar\u00eda Peir\u00f3, catedr\u00e1tico em\u00e9rito de la Universitat de Val\u00e8ncia, investigador del Ivie y coautor del informe para el Consejo Econ\u00f3mico y Social de Espa\u00f1a\u00a0<em>Cambios tecnol\u00f3gicos, trabajo y actividad empresarial: el impacto socioecon\u00f3mico de la econom\u00eda digital<\/em>.<\/p>\n<p>Se plantear\u00e1n cuestiones como: \u00bfVan a generar m\u00e1s paro la robotizaci\u00f3n, la inteligencia artificial y las nuevas tecnolog\u00edas? \u00bfC\u00f3mo van a cambiar la tareas que desarrollamos en nuestro puesto de trabajo? \u00bfVamos a tener que volver a las aulas despu\u00e9s de cumplir los 40 si queremos seguir teniendo trabajo? \u00bfQu\u00e9 pol\u00edticas p\u00fablicas habr\u00eda que poner en marcha frente al futuro de los nuevos desarrollos tecnol\u00f3gicos? Los trabajadores, las empresas y las instituciones p\u00fablicas espa\u00f1olas \u00bfnos estamos preparando adecuadamente para los cambios tecnol\u00f3gicos que se avecinan o vamos con retraso?<\/p>\n<p>La sesi\u00f3n ser\u00e1 moderada por el tambi\u00e9n investigador del Ivie y research fellow del Centre for Economic Policy Research (CEPR), Francisco Alcal\u00e1.<\/p>\n<h2 class=\"section\"><strong>PROGRAMA<\/strong><\/h2>\n<p>17:00 \u2013 17:10.\u00a0Presentaci\u00f3n por parte de <strong>Francisco Alcal\u00e1<\/strong><\/p>\n<p>17:10 \u2013 17:30.\u00a0Intervenci\u00f3n de <strong>Javier Andr\u00e9s<\/strong><\/p>\n<p>17:30 \u2013 17:50. Intervenci\u00f3n de <strong>Jos\u00e9 M. Peir\u00f3<\/strong><\/p>\n<p>17:50 \u2013 18:15.\u00a0Turno de preguntas<\/p>\n<div align=\"center\"><div class=\"fusion-button-wrapper\"><a class=\"fusion-button button-flat fusion-button-default-size button-default fusion-button-default button-1 fusion-button-default-span fusion-button-default-type\" target=\"_blank\" rel=\"noopener noreferrer\" href=\"https:\/\/us06web.zoom.us\/webinar\/register\/WN_tie6MJuMQ7-lDmxvRqF6tQ\"><i class=\"fa-check-circle fas button-icon-left\" aria-hidden=\"true\"><\/i><span class=\"fusion-button-text\">INSCRIPCI\u00d3N<\/span><\/a><\/div><\/div>\n<\/div>","excerpt":"","slug":"webinar-ivie-2021-no-5-cambio-tecnologico-y-futuro-del-empleo","image":{"url":"https:\/\/www.academiapsicologia.com\/wp-content\/uploads\/2021\/09\/Webinar-Ivie-2021-No-5.-Cambio-tecnologico-y-futuro-del-empleo.jpg","id":1070,"extension":"jpg","width":1000,"height":563,"sizes":{"medium":{"width":300,"height":169,"mime-type":"image\/jpeg","url":"https:\/\/www.academiapsicologia.com\/wp-content\/uploads\/2021\/09\/Webinar-Ivie-2021-No-5.-Cambio-tecnologico-y-futuro-del-empleo-300x169.jpg"},"thumbnail":{"width":150,"height":150,"mime-type":"image\/jpeg","url":"https:\/\/www.academiapsicologia.com\/wp-content\/uploads\/2021\/09\/Webinar-Ivie-2021-No-5.-Cambio-tecnologico-y-futuro-del-empleo-150x150.jpg"},"medium_large":{"width":768,"height":432,"mime-type":"image\/jpeg","url":"https:\/\/www.academiapsicologia.com\/wp-content\/uploads\/2021\/09\/Webinar-Ivie-2021-No-5.-Cambio-tecnologico-y-futuro-del-empleo-768x432.jpg"},"blog-large":{"width":669,"height":272,"mime-type":"image\/jpeg","url":"https:\/\/www.academiapsicologia.com\/wp-content\/uploads\/2021\/09\/Webinar-Ivie-2021-No-5.-Cambio-tecnologico-y-futuro-del-empleo-669x272.jpg"},"blog-medium":{"width":320,"height":202,"mime-type":"image\/jpeg","url":"https:\/\/www.academiapsicologia.com\/wp-content\/uploads\/2021\/09\/Webinar-Ivie-2021-No-5.-Cambio-tecnologico-y-futuro-del-empleo-320x202.jpg"},"recent-posts":{"width":700,"height":441,"mime-type":"image\/jpeg","url":"https:\/\/www.academiapsicologia.com\/wp-content\/uploads\/2021\/09\/Webinar-Ivie-2021-No-5.-Cambio-tecnologico-y-futuro-del-empleo-700x441.jpg"},"recent-works-thumbnail":{"width":66,"height":66,"mime-type":"image\/jpeg","url":"https:\/\/www.academiapsicologia.com\/wp-content\/uploads\/2021\/09\/Webinar-Ivie-2021-No-5.-Cambio-tecnologico-y-futuro-del-empleo-66x66.jpg"},"fusion-200":{"width":200,"height":113,"mime-type":"image\/jpeg","url":"https:\/\/www.academiapsicologia.com\/wp-content\/uploads\/2021\/09\/Webinar-Ivie-2021-No-5.-Cambio-tecnologico-y-futuro-del-empleo-200x113.jpg"},"fusion-400":{"width":400,"height":225,"mime-type":"image\/jpeg","url":"https:\/\/www.academiapsicologia.com\/wp-content\/uploads\/2021\/09\/Webinar-Ivie-2021-No-5.-Cambio-tecnologico-y-futuro-del-empleo-400x225.jpg"},"fusion-600":{"width":600,"height":338,"mime-type":"image\/jpeg","url":"https:\/\/www.academiapsicologia.com\/wp-content\/uploads\/2021\/09\/Webinar-Ivie-2021-No-5.-Cambio-tecnologico-y-futuro-del-empleo-600x338.jpg"},"fusion-800":{"width":800,"height":450,"mime-type":"image\/jpeg","url":"https:\/\/www.academiapsicologia.com\/wp-content\/uploads\/2021\/09\/Webinar-Ivie-2021-No-5.-Cambio-tecnologico-y-futuro-del-empleo-800x450.jpg"},"portfolio-full":{"width":940,"height":400,"mime-type":"image\/jpeg","url":"https:\/\/www.academiapsicologia.com\/wp-content\/uploads\/2021\/09\/Webinar-Ivie-2021-No-5.-Cambio-tecnologico-y-futuro-del-empleo-940x400.jpg"},"portfolio-one":{"width":540,"height":272,"mime-type":"image\/jpeg","url":"https:\/\/www.academiapsicologia.com\/wp-content\/uploads\/2021\/09\/Webinar-Ivie-2021-No-5.-Cambio-tecnologico-y-futuro-del-empleo-540x272.jpg"},"portfolio-two":{"width":460,"height":295,"mime-type":"image\/jpeg","url":"https:\/\/www.academiapsicologia.com\/wp-content\/uploads\/2021\/09\/Webinar-Ivie-2021-No-5.-Cambio-tecnologico-y-futuro-del-empleo-460x295.jpg"},"portfolio-three":{"width":300,"height":214,"mime-type":"image\/jpeg","url":"https:\/\/www.academiapsicologia.com\/wp-content\/uploads\/2021\/09\/Webinar-Ivie-2021-No-5.-Cambio-tecnologico-y-futuro-del-empleo-300x214.jpg"},"portfolio-five":{"width":177,"height":142,"mime-type":"image\/jpeg","url":"https:\/\/www.academiapsicologia.com\/wp-content\/uploads\/2021\/09\/Webinar-Ivie-2021-No-5.-Cambio-tecnologico-y-futuro-del-empleo-177x142.jpg"}}},"all_day":false,"start_date":"2021-10-06 17:00:00","start_date_details":{"year":"2021","month":"10","day":"06","hour":"17","minutes":"00","seconds":"00"},"end_date":"2021-10-06 18:30:00","end_date_details":{"year":"2021","month":"10","day":"06","hour":"18","minutes":"30","seconds":"00"},"utc_start_date":"2021-10-06 15:00:00","utc_start_date_details":{"year":"2021","month":"10","day":"06","hour":"15","minutes":"00","seconds":"00"},"utc_end_date":"2021-10-06 16:30:00","utc_end_date_details":{"year":"2021","month":"10","day":"06","hour":"16","minutes":"30","seconds":"00"},"timezone":"Europe\/Madrid","timezone_abbr":"CEST","cost":"","cost_details":{"currency_symbol":"","currency_position":"prefix","values":[]},"website":"https:\/\/www.ivie.es\/es_ES\/ptseminario\/cambio-tecnologico-futuro-del-empleo\/?utm_source=WebinarsIvie&amp;utm_medium=email&amp;utm_campaign=5-2021&amp;utm_content=envio1","show_map":true,"show_map_link":true,"hide_from_listings":false,"sticky":false,"featured":false,"categories":[],"tags":[],"venue":[],"organizer":[{"id":1073,"author":"1","status":"publish","date":"2021-09-19 12:26:56","date_utc":"2021-09-19 10:26:56","modified":"2021-09-19 12:26:56","modified_utc":"2021-09-19 10:26:56","url":"https:\/\/www.academiapsicologia.com\/index.php\/organizador\/instituto-valenciano-de-investigaciones-economicas-ivie\/","organizer":"Instituto Valenciano de Investigaciones Econ\u00f3micas (IVIE)","slug":"instituto-valenciano-de-investigaciones-economicas-ivie","website":"https:\/\/www.ivie.es\/es_ES\/","json_ld":{"@type":"Person","name":"Instituto Valenciano de Investigaciones Econ\u00f3micas (IVIE)","description":"","url":"https:\/\/www.ivie.es\/es_ES\/","telephone":"","email":"","sameAs":"https:\/\/www.ivie.es\/es_ES\/"},"global_id":"www.academiapsicologia.com?id=1073","global_id_lineage":["www.academiapsicologia.com?id=1073"]}],"json_ld":{"@context":"http:\/\/schema.org","@type":"Event","name":"Webinar IVIE 2021 N\u00ba 5: Cambio tecnol\u00f3gico y futuro del empleo","description":"&lt;p&gt;Online, v\u00eda Zoom, y en streaming por YouTube OBJETIVOS El  [...]&lt;\/p&gt;\\n","image":"https:\/\/www.academiapsicologia.com\/wp-content\/uploads\/2021\/09\/Webinar-Ivie-2021-No-5.-Cambio-tecnologico-y-futuro-del-empleo.jpg","url":"https:\/\/www.academiapsicologia.com\/index.php\/event\/webinar-ivie-2021-no-5-cambio-tecnologico-y-futuro-del-empleo\/","eventAttendanceMode":"https:\/\/schema.org\/OfflineEventAttendanceMode","startDate":"2021-10-06T17:00:00+02:00","endDate":"2021-10-06T18:30:00+02:00","organizer":{"@type":"Person","name":"Instituto Valenciano de Investigaciones Econ\u00f3micas (IVIE)","description":"","url":"https:\/\/www.ivie.es\/es_ES\/","telephone":"","email":"","sameAs":"https:\/\/www.ivie.es\/es_ES\/"},"performer":"Organization"}}