{"id":1092,"global_id":"www.academiapsicologia.com?id=1092","global_id_lineage":["www.academiapsicologia.com?id=1092"],"author":"1","status":"publish","date":"2021-10-06 14:49:02","date_utc":"2021-10-06 12:49:02","modified":"2021-10-13 18:07:24","modified_utc":"2021-10-13 16:07:24","url":"https:\/\/www.academiapsicologia.com\/index.php\/event\/webinar-la-educacion-y-los-objetivos-del-desarrollo-sostenible-el-pacto-educativo-global\/","rest_url":"https:\/\/www.academiapsicologia.com\/index.php\/wp-json\/tribe\/events\/v1\/events\/1092","title":"Webinar: \u00abLa Educaci\u00f3n y los Objetivos del Desarrollo Sostenible. El Pacto Educativo Global\u00bb","description":"<h2><strong>Dr. D. AGUST\u00cdN DOSIL MACEIRA<\/strong><\/h2>\n<div align=\"justify\">\n<p>Realiza sus primeros estudios en su pueblo natal y, posteriormente, Humanidades en Santiago de Compostela. Ingresa en su Universidad donde sigue los estudios de Filosof\u00eda y Letras para concluirlos en la de Valencia, licenci\u00e1ndose en la especialidad de Filosof\u00eda y doctor\u00e1ndose con una tesis en Psicolog\u00eda. Se inicia como docente en Centros de Ense\u00f1anza Media.<\/p>\n<p>Es invitado a retornar a su Universidad de origen para poner en marcha los estudios de Psicolog\u00eda, donde desempe\u00f1ar\u00eda diversos cargos administrativos y acad\u00e9micos de la naciente Facultad, al tiempo que visita y colabora con centros de investigaci\u00f3n extranjeros. Accede por concurso-oposici\u00f3n a la plaza de Profesor Adjunto de Psicolog\u00eda en la USC, y a la C\u00e1tedra de Psicolog\u00eda General, para incorporarse, luego, a la de Psicolog\u00eda Evolutiva y de la Educaci\u00f3n, en la que imparte diversas materias y dirige un importante n\u00famero de tesis doctorales y proyectos de investigaci\u00f3n que dan lugar a publicaciones en el \u00e1mbito del desarrollo, la educaci\u00f3n y la familia.<\/p>\n<p>En torno a su persona se ha ido configurando un equipo de profesionales espa\u00f1oles y extranjeros en el \u00e1mbito de la docencia y la investigaci\u00f3n en psicolog\u00eda y educaci\u00f3n. Desde hace algunos a\u00f1os cerca de un centenar de graduados de distintos pa\u00edses acuden anualmente a los cursos que \u00e9l dirige y coordina en la Universidad de Santiago. Profesor invitado en varias Universidades, imparti\u00f3 conferencias y particip\u00f3 en actos acad\u00e9micos en diversos pa\u00edses principalmente de Europa y Am\u00e9rica. Su actividad docente-investigadora en la Universidad se vio acompa\u00f1ada de un compromiso social, presidiendo organizaciones educativas y familiares en Espa\u00f1a, Europa y Am\u00e9rica. Represent\u00f3 a las Organizaciones Sociales y a las Universidades de Espa\u00f1a en el Consejo Escolar del Estado y ha sido miembro del Instituto Nacional de Calidad y Evaluaci\u00f3n Educativa. Fundador de varios centros de investigaci\u00f3n y atenci\u00f3n, asesora a Organismos nacionales e internacionales.<\/p>\n<p>Entre los reconocimientos de los que ha sido objeto se encuentra la Encomienda de Alfonso X El Sabio, la Insignia de la Universidad y la Estatuilla Jes\u00fas Maestro de la CIEC. Es Miembro Correspondiente de la Real Academia de Ciencias Morales y Pol\u00edticas, y de N\u00famero de la Academia de Psicolog\u00eda de Espa\u00f1a. Con motivo del A\u00f1o Dual Rusia-Espa\u00f1a, se le dedic\u00f3 el primer volumen de la Colecci\u00f3n Cient\u00edficos del Mundo a su persona y obra.<\/p>\n<div class=\"fusion-button-wrapper\"><a class=\"fusion-button button-flat fusion-button-default-size button-default fusion-button-default button-1 fusion-button-default-span fusion-button-default-type\" target=\"_blank\" rel=\"noopener noreferrer\" href=\"https:\/\/www.academiapsicologia.com\/wp-content\/uploads\/2021\/10\/FIDAP_Webinar_Dr_M_Agustin_Dosil_Maceira_20211007.pdf\"><span class=\"fusion-button-text\">Descargar Invitaci\u00f3n<\/span><\/a><\/div>\n<\/div>","excerpt":"","slug":"webinar-la-educacion-y-los-objetivos-del-desarrollo-sostenible-el-pacto-educativo-global","image":{"url":"https:\/\/www.academiapsicologia.com\/wp-content\/uploads\/2021\/10\/FIDAP_Webinar_Dr_M_Agustin_Dosil_Maceira_20211007.jpg","id":1090,"extension":"jpg","width":1000,"height":563,"sizes":{"medium":{"width":300,"height":169,"mime-type":"image\/jpeg","url":"https:\/\/www.academiapsicologia.com\/wp-content\/uploads\/2021\/10\/FIDAP_Webinar_Dr_M_Agustin_Dosil_Maceira_20211007-300x169.jpg"},"thumbnail":{"width":150,"height":150,"mime-type":"image\/jpeg","url":"https:\/\/www.academiapsicologia.com\/wp-content\/uploads\/2021\/10\/FIDAP_Webinar_Dr_M_Agustin_Dosil_Maceira_20211007-150x150.jpg"},"medium_large":{"width":768,"height":432,"mime-type":"image\/jpeg","url":"https:\/\/www.academiapsicologia.com\/wp-content\/uploads\/2021\/10\/FIDAP_Webinar_Dr_M_Agustin_Dosil_Maceira_20211007-768x432.jpg"},"blog-large":{"width":669,"height":272,"mime-type":"image\/jpeg","url":"https:\/\/www.academiapsicologia.com\/wp-content\/uploads\/2021\/10\/FIDAP_Webinar_Dr_M_Agustin_Dosil_Maceira_20211007-669x272.jpg"},"blog-medium":{"width":320,"height":202,"mime-type":"image\/jpeg","url":"https:\/\/www.academiapsicologia.com\/wp-content\/uploads\/2021\/10\/FIDAP_Webinar_Dr_M_Agustin_Dosil_Maceira_20211007-320x202.jpg"},"recent-posts":{"width":700,"height":441,"mime-type":"image\/jpeg","url":"https:\/\/www.academiapsicologia.com\/wp-content\/uploads\/2021\/10\/FIDAP_Webinar_Dr_M_Agustin_Dosil_Maceira_20211007-700x441.jpg"},"recent-works-thumbnail":{"width":66,"height":66,"mime-type":"image\/jpeg","url":"https:\/\/www.academiapsicologia.com\/wp-content\/uploads\/2021\/10\/FIDAP_Webinar_Dr_M_Agustin_Dosil_Maceira_20211007-66x66.jpg"},"fusion-200":{"width":200,"height":113,"mime-type":"image\/jpeg","url":"https:\/\/www.academiapsicologia.com\/wp-content\/uploads\/2021\/10\/FIDAP_Webinar_Dr_M_Agustin_Dosil_Maceira_20211007-200x113.jpg"},"fusion-400":{"width":400,"height":225,"mime-type":"image\/jpeg","url":"https:\/\/www.academiapsicologia.com\/wp-content\/uploads\/2021\/10\/FIDAP_Webinar_Dr_M_Agustin_Dosil_Maceira_20211007-400x225.jpg"},"fusion-600":{"width":600,"height":338,"mime-type":"image\/jpeg","url":"https:\/\/www.academiapsicologia.com\/wp-content\/uploads\/2021\/10\/FIDAP_Webinar_Dr_M_Agustin_Dosil_Maceira_20211007-600x338.jpg"},"fusion-800":{"width":800,"height":450,"mime-type":"image\/jpeg","url":"https:\/\/www.academiapsicologia.com\/wp-content\/uploads\/2021\/10\/FIDAP_Webinar_Dr_M_Agustin_Dosil_Maceira_20211007-800x450.jpg"},"portfolio-full":{"width":940,"height":400,"mime-type":"image\/jpeg","url":"https:\/\/www.academiapsicologia.com\/wp-content\/uploads\/2021\/10\/FIDAP_Webinar_Dr_M_Agustin_Dosil_Maceira_20211007-940x400.jpg"},"portfolio-one":{"width":540,"height":272,"mime-type":"image\/jpeg","url":"https:\/\/www.academiapsicologia.com\/wp-content\/uploads\/2021\/10\/FIDAP_Webinar_Dr_M_Agustin_Dosil_Maceira_20211007-540x272.jpg"},"portfolio-two":{"width":460,"height":295,"mime-type":"image\/jpeg","url":"https:\/\/www.academiapsicologia.com\/wp-content\/uploads\/2021\/10\/FIDAP_Webinar_Dr_M_Agustin_Dosil_Maceira_20211007-460x295.jpg"},"portfolio-three":{"width":300,"height":214,"mime-type":"image\/jpeg","url":"https:\/\/www.academiapsicologia.com\/wp-content\/uploads\/2021\/10\/FIDAP_Webinar_Dr_M_Agustin_Dosil_Maceira_20211007-300x214.jpg"},"portfolio-five":{"width":177,"height":142,"mime-type":"image\/jpeg","url":"https:\/\/www.academiapsicologia.com\/wp-content\/uploads\/2021\/10\/FIDAP_Webinar_Dr_M_Agustin_Dosil_Maceira_20211007-177x142.jpg"}}},"all_day":false,"start_date":"2021-10-07 19:00:00","start_date_details":{"year":"2021","month":"10","day":"07","hour":"19","minutes":"00","seconds":"00"},"end_date":"2021-10-07 20:30:00","end_date_details":{"year":"2021","month":"10","day":"07","hour":"20","minutes":"30","seconds":"00"},"utc_start_date":"2021-10-07 17:00:00","utc_start_date_details":{"year":"2021","month":"10","day":"07","hour":"17","minutes":"00","seconds":"00"},"utc_end_date":"2021-10-07 18:30:00","utc_end_date_details":{"year":"2021","month":"10","day":"07","hour":"18","minutes":"30","seconds":"00"},"timezone":"Europe\/Madrid","timezone_abbr":"CEST","cost":"","cost_details":{"currency_symbol":"","currency_position":"prefix","values":[]},"website":"https:\/\/www.cop-cv.org\/buscar-noticias\/tag-Fidap","show_map":true,"show_map_link":true,"hide_from_listings":false,"sticky":false,"featured":false,"categories":[],"tags":[],"venue":[],"organizer":[{"id":22,"author":"1","status":"publish","date":"2021-02-05 12:21:14","date_utc":"2021-02-05 12:21:14","modified":"2021-02-05 12:21:14","modified_utc":"2021-02-05 12:21:14","url":"https:\/\/www.academiapsicologia.com\/index.php\/organizador\/academia-de-psicologia-de-espana\/","organizer":"Academia de Psicolog\u00eda de Espa\u00f1a","slug":"academia-de-psicologia-de-espana","phone":"+34 658 131 700","website":"https:\/\/www.academiapsicologia.com\/","email":"secretaria@academiadepsicologia.es","json_ld":{"@type":"Person","name":"Academia de Psicolog\u00eda de Espa\u00f1a","description":"","url":"https:\/\/www.academiapsicologia.com\/","telephone":"+34 658 131 700","email":"sec&#114;&#101;t&#97;&#114;ia&#64;a&#99;ad&#101;m&#105;&#97;&#100;e&#112;sicol&#111;gia.es","sameAs":"https:\/\/www.academiapsicologia.com\/"},"global_id":"www.academiapsicologia.com?id=22","global_id_lineage":["www.academiapsicologia.com?id=22"]}],"json_ld":{"@context":"http:\/\/schema.org","@type":"Event","name":"Webinar: \u00abLa Educaci\u00f3n y los Objetivos del Desarrollo Sostenible. El Pacto Educativo Global\u00bb","description":"&lt;p&gt;Dr. D. AGUST\u00cdN DOSIL MACEIRA Realiza sus primeros estudios en  [...]&lt;\/p&gt;\\n","image":"https:\/\/www.academiapsicologia.com\/wp-content\/uploads\/2021\/10\/FIDAP_Webinar_Dr_M_Agustin_Dosil_Maceira_20211007.jpg","url":"https:\/\/www.academiapsicologia.com\/index.php\/event\/webinar-la-educacion-y-los-objetivos-del-desarrollo-sostenible-el-pacto-educativo-global\/","eventAttendanceMode":"https:\/\/schema.org\/OfflineEventAttendanceMode","startDate":"2021-10-07T19:00:00+02:00","endDate":"2021-10-07T20:30:00+02:00","organizer":{"@type":"Person","name":"Academia de Psicolog\u00eda de Espa\u00f1a","description":"","url":"https:\/\/www.academiapsicologia.com\/","telephone":"+34 658 131 700","email":"&#115;ecr&#101;&#116;ar&#105;a&#64;a&#99;ad&#101;m&#105;ade&#112;&#115;ic&#111;lo&#103;&#105;&#97;.e&#115;","sameAs":"https:\/\/www.academiapsicologia.com\/"},"performer":"Organization"}}