{"id":2287,"global_id":"www.academiapsicologia.com?id=2287","global_id_lineage":["www.academiapsicologia.com?id=2287"],"author":"1","status":"publish","date":"2023-10-04 13:10:38","date_utc":"2023-10-04 11:10:38","modified":"2023-10-04 13:10:38","modified_utc":"2023-10-04 11:10:38","url":"https:\/\/www.academiapsicologia.com\/index.php\/event\/webinar-bienestar-y-malestar-en-el-deporte-antecedentes-psicosociales\/","rest_url":"https:\/\/www.academiapsicologia.com\/index.php\/wp-json\/tribe\/events\/v1\/events\/2287","title":"Webinar: \u201cBienestar y malestar en el deporte. Antecedentes psicosociales\u201d","description":"<div align=\"justify\">\n<h2><strong>Dra. D\u00aa Mar\u00eda Isabel Balaguer Sol\u00e1<\/strong><\/h2>\n<p>Catedr\u00e1tica de Psicolog\u00eda Social en la Universitat de Valencia y Directora de la Unidad de Investigaci\u00f3n de Psicolog\u00eda del Deporte (UIPD) de la misma universidad. A nivel internacional es Honorary Associate Lecturer de la Universidad de Birmingham, en Gran Breta\u00f1a y ha recibido la m\u00e1xima distinci\u00f3n acad\u00e9mica de Doctora Honoris Causa por la Universidad Aut\u00f3noma de Nuevo Le\u00f3n, M\u00e9xico.<\/p>\n<p>La Profesora Balaguer es Personal Docente e Investigador Em\u00e9rito de la Universitat de Val\u00e8ncia, Espa\u00f1a, participa en diferentes Masters a nivel nacional e internacional y ha dirigido diferentes proyectos de investigaci\u00f3n, tanto nacionales como internacionales. Su inter\u00e9s investigador se centra fundamentalmente en conocer los procesos psicosociales que favorecen el desarrollo \u00f3ptimo y el bienestar en los contextos de logro.<\/p>\n<\/div>\n<div align=\"justify\">\n<div align=\"center\"><div class=\"fusion-button-wrapper\"><a class=\"fusion-button button-flat fusion-button-default-size button-custom fusion-button-default button-1 fusion-button-default-span fusion-button-default-type\" style=\"--button_bevel_color:#8a5e9e;--button_accent_color:#ffffff;--button_accent_hover_color:#ffffff;--button_border_hover_color:#ffffff;--button_gradient_top_color:#b67cd1;--button_gradient_bottom_color:#b67cd1;--button_gradient_top_color_hover:#b67cd1;--button_gradient_bottom_color_hover:#b67cd1;\" target=\"_blank\" rel=\"noopener noreferrer\" href=\"https:\/\/www.academiapsicologia.com\/wp-content\/uploads\/2023\/10\/20231019-Bienestar-y-malestar-en-el-deporte.-Antecedentes-psicosociales-Dra.-Da-Maria-Isabel-Balaguer-Sola.pdf\"><span class=\"fusion-button-text\">Descargar Invitaci\u00f3n<\/span><\/a><\/div><\/div>\n<p>&nbsp;<\/p>\n<div align=\"center\"><div class=\"fusion-button-wrapper\"><a class=\"fusion-button button-flat fusion-button-default-size button-custom fusion-button-default button-2 fusion-button-default-span fusion-button-default-type\" style=\"--button_accent_color:#ffffff;--button_border_color:#8a5e9e;--button_accent_hover_color:#ffffff;--button_border_hover_color:#ffffff;--button_gradient_top_color:#b67cd1;--button_gradient_bottom_color:#b67cd1;--button_gradient_top_color_hover:#b67cd1;--button_gradient_bottom_color_hover:#b67cd1;\" target=\"_blank\" rel=\"noopener noreferrer\" href=\"https:\/\/www.cop-cv.org\/formacion\/4545\"><span class=\"fusion-button-text\">Inscripci\u00f3n con registro para obtenci\u00f3n certificaci\u00f3n<\/span><\/a><\/div><\/div>\n<p>&nbsp;<\/p>\n<div align=\"center\"><div class=\"fusion-button-wrapper\"><a class=\"fusion-button button-flat fusion-button-default-size button-custom fusion-button-default button-3 fusion-button-default-span fusion-button-default-type\" style=\"--button_accent_color:#ffffff;--button_border_color:#8a5e9e;--button_accent_hover_color:#ffffff;--button_border_hover_color:#ffffff;--button_gradient_top_color:#b67cd1;--button_gradient_bottom_color:#b67cd1;--button_gradient_top_color_hover:#b67cd1;--button_gradient_bottom_color_hover:#b67cd1;\" target=\"_blank\" rel=\"noopener noreferrer\" href=\"https:\/\/www.cop-cv.org\/formacion\/emision-en-directo\/4545\"><span class=\"fusion-button-text\">Acceso libre sin registro<\/span><\/a><\/div><\/div>\n<\/div>\n<p>&nbsp;<\/p>\n<p>&nbsp;<\/p>","excerpt":"","slug":"webinar-bienestar-y-malestar-en-el-deporte-antecedentes-psicosociales","image":{"url":"https:\/\/www.academiapsicologia.com\/wp-content\/uploads\/2023\/10\/20231019-Bienestar-y-malestar-en-el-deporte.-Antecedentes-psicosociales-Dra.-Da-Maria-Isabel-Balaguer-Sola.jpg","id":2285,"extension":"jpg","width":1000,"height":563,"sizes":{"medium":{"width":300,"height":169,"mime-type":"image\/jpeg","url":"https:\/\/www.academiapsicologia.com\/wp-content\/uploads\/2023\/10\/20231019-Bienestar-y-malestar-en-el-deporte.-Antecedentes-psicosociales-Dra.-Da-Maria-Isabel-Balaguer-Sola-300x169.jpg"},"thumbnail":{"width":150,"height":150,"mime-type":"image\/jpeg","url":"https:\/\/www.academiapsicologia.com\/wp-content\/uploads\/2023\/10\/20231019-Bienestar-y-malestar-en-el-deporte.-Antecedentes-psicosociales-Dra.-Da-Maria-Isabel-Balaguer-Sola-150x150.jpg"},"medium_large":{"width":768,"height":432,"mime-type":"image\/jpeg","url":"https:\/\/www.academiapsicologia.com\/wp-content\/uploads\/2023\/10\/20231019-Bienestar-y-malestar-en-el-deporte.-Antecedentes-psicosociales-Dra.-Da-Maria-Isabel-Balaguer-Sola-768x432.jpg"},"blog-large":{"width":669,"height":272,"mime-type":"image\/jpeg","url":"https:\/\/www.academiapsicologia.com\/wp-content\/uploads\/2023\/10\/20231019-Bienestar-y-malestar-en-el-deporte.-Antecedentes-psicosociales-Dra.-Da-Maria-Isabel-Balaguer-Sola-669x272.jpg"},"blog-medium":{"width":320,"height":202,"mime-type":"image\/jpeg","url":"https:\/\/www.academiapsicologia.com\/wp-content\/uploads\/2023\/10\/20231019-Bienestar-y-malestar-en-el-deporte.-Antecedentes-psicosociales-Dra.-Da-Maria-Isabel-Balaguer-Sola-320x202.jpg"},"recent-posts":{"width":700,"height":441,"mime-type":"image\/jpeg","url":"https:\/\/www.academiapsicologia.com\/wp-content\/uploads\/2023\/10\/20231019-Bienestar-y-malestar-en-el-deporte.-Antecedentes-psicosociales-Dra.-Da-Maria-Isabel-Balaguer-Sola-700x441.jpg"},"recent-works-thumbnail":{"width":66,"height":66,"mime-type":"image\/jpeg","url":"https:\/\/www.academiapsicologia.com\/wp-content\/uploads\/2023\/10\/20231019-Bienestar-y-malestar-en-el-deporte.-Antecedentes-psicosociales-Dra.-Da-Maria-Isabel-Balaguer-Sola-66x66.jpg"},"fusion-200":{"width":200,"height":113,"mime-type":"image\/jpeg","url":"https:\/\/www.academiapsicologia.com\/wp-content\/uploads\/2023\/10\/20231019-Bienestar-y-malestar-en-el-deporte.-Antecedentes-psicosociales-Dra.-Da-Maria-Isabel-Balaguer-Sola-200x113.jpg"},"fusion-400":{"width":400,"height":225,"mime-type":"image\/jpeg","url":"https:\/\/www.academiapsicologia.com\/wp-content\/uploads\/2023\/10\/20231019-Bienestar-y-malestar-en-el-deporte.-Antecedentes-psicosociales-Dra.-Da-Maria-Isabel-Balaguer-Sola-400x225.jpg"},"fusion-600":{"width":600,"height":338,"mime-type":"image\/jpeg","url":"https:\/\/www.academiapsicologia.com\/wp-content\/uploads\/2023\/10\/20231019-Bienestar-y-malestar-en-el-deporte.-Antecedentes-psicosociales-Dra.-Da-Maria-Isabel-Balaguer-Sola-600x338.jpg"},"fusion-800":{"width":800,"height":450,"mime-type":"image\/jpeg","url":"https:\/\/www.academiapsicologia.com\/wp-content\/uploads\/2023\/10\/20231019-Bienestar-y-malestar-en-el-deporte.-Antecedentes-psicosociales-Dra.-Da-Maria-Isabel-Balaguer-Sola-800x450.jpg"},"portfolio-full":{"width":940,"height":400,"mime-type":"image\/jpeg","url":"https:\/\/www.academiapsicologia.com\/wp-content\/uploads\/2023\/10\/20231019-Bienestar-y-malestar-en-el-deporte.-Antecedentes-psicosociales-Dra.-Da-Maria-Isabel-Balaguer-Sola-940x400.jpg"},"portfolio-one":{"width":540,"height":272,"mime-type":"image\/jpeg","url":"https:\/\/www.academiapsicologia.com\/wp-content\/uploads\/2023\/10\/20231019-Bienestar-y-malestar-en-el-deporte.-Antecedentes-psicosociales-Dra.-Da-Maria-Isabel-Balaguer-Sola-540x272.jpg"},"portfolio-two":{"width":460,"height":295,"mime-type":"image\/jpeg","url":"https:\/\/www.academiapsicologia.com\/wp-content\/uploads\/2023\/10\/20231019-Bienestar-y-malestar-en-el-deporte.-Antecedentes-psicosociales-Dra.-Da-Maria-Isabel-Balaguer-Sola-460x295.jpg"},"portfolio-three":{"width":300,"height":214,"mime-type":"image\/jpeg","url":"https:\/\/www.academiapsicologia.com\/wp-content\/uploads\/2023\/10\/20231019-Bienestar-y-malestar-en-el-deporte.-Antecedentes-psicosociales-Dra.-Da-Maria-Isabel-Balaguer-Sola-300x214.jpg"},"portfolio-five":{"width":177,"height":142,"mime-type":"image\/jpeg","url":"https:\/\/www.academiapsicologia.com\/wp-content\/uploads\/2023\/10\/20231019-Bienestar-y-malestar-en-el-deporte.-Antecedentes-psicosociales-Dra.-Da-Maria-Isabel-Balaguer-Sola-177x142.jpg"}}},"all_day":false,"start_date":"2023-10-19 19:00:00","start_date_details":{"year":"2023","month":"10","day":"19","hour":"19","minutes":"00","seconds":"00"},"end_date":"2023-10-19 20:30:00","end_date_details":{"year":"2023","month":"10","day":"19","hour":"20","minutes":"30","seconds":"00"},"utc_start_date":"2023-10-19 17:00:00","utc_start_date_details":{"year":"2023","month":"10","day":"19","hour":"17","minutes":"00","seconds":"00"},"utc_end_date":"2023-10-19 18:30:00","utc_end_date_details":{"year":"2023","month":"10","day":"19","hour":"18","minutes":"30","seconds":"00"},"timezone":"Europe\/Madrid","timezone_abbr":"CEST","cost":"","cost_details":{"currency_symbol":"","currency_position":"prefix","values":[]},"website":"https:\/\/www.cop-cv.org\/formacion\/emision-en-directo\/4545","show_map":true,"show_map_link":true,"hide_from_listings":false,"sticky":false,"featured":false,"categories":[],"tags":[],"venue":[],"organizer":[{"id":1049,"author":"1","status":"publish","date":"2021-09-09 12:29:12","date_utc":"2021-09-09 10:29:12","modified":"2021-09-09 12:29:12","modified_utc":"2021-09-09 10:29:12","url":"https:\/\/www.academiapsicologia.com\/index.php\/organizador\/fundacion-para-la-investigacion-desarrollo-y-aplicacion-de-la-psicologia-de-la-comunitat-valenciana-fidap-2\/","organizer":"Fundaci\u00f3n para la Investigaci\u00f3n, Desarrollo y Aplicaci\u00f3n de la Psicolog\u00eda de la Comunitat Valenciana (FIDAP)","slug":"fundacion-para-la-investigacion-desarrollo-y-aplicacion-de-la-psicologia-de-la-comunitat-valenciana-fidap-2","website":"https:\/\/www.cop-cv.org\/buscar-noticias\/tag-Fidap","json_ld":{"@type":"Person","name":"Fundaci\u00f3n para la Investigaci\u00f3n, Desarrollo y Aplicaci\u00f3n de la Psicolog\u00eda de la Comunitat Valenciana (FIDAP)","description":"","url":"https:\/\/www.cop-cv.org\/buscar-noticias\/tag-Fidap","telephone":"","email":"","sameAs":"https:\/\/www.cop-cv.org\/buscar-noticias\/tag-Fidap"},"global_id":"www.academiapsicologia.com?id=1049","global_id_lineage":["www.academiapsicologia.com?id=1049"]},{"id":22,"author":"1","status":"publish","date":"2021-02-05 12:21:14","date_utc":"2021-02-05 12:21:14","modified":"2021-02-05 12:21:14","modified_utc":"2021-02-05 12:21:14","url":"https:\/\/www.academiapsicologia.com\/index.php\/organizador\/academia-de-psicologia-de-espana\/","organizer":"Academia de Psicolog\u00eda de Espa\u00f1a","slug":"academia-de-psicologia-de-espana","phone":"+34 658 131 700","website":"https:\/\/www.academiapsicologia.com\/","email":"secretaria@academiadepsicologia.es","json_ld":{"@type":"Person","name":"Academia de Psicolog\u00eda de Espa\u00f1a","description":"","url":"https:\/\/www.academiapsicologia.com\/","telephone":"+34 658 131 700","email":"&#115;e&#99;&#114;&#101;&#116;a&#114;ia&#64;&#97;&#99;a&#100;e&#109;ia&#100;&#101;&#112;&#115;&#105;co&#108;&#111;&#103;ia&#46;es","sameAs":"https:\/\/www.academiapsicologia.com\/"},"global_id":"www.academiapsicologia.com?id=22","global_id_lineage":["www.academiapsicologia.com?id=22"]}],"json_ld":{"@context":"http:\/\/schema.org","@type":"Event","name":"Webinar: \u201cBienestar y malestar en el deporte. Antecedentes psicosociales\u201d","description":"&lt;p&gt;Dra. D\u00aa Mar\u00eda Isabel Balaguer Sol\u00e1 Catedr\u00e1tica de Psicolog\u00eda Social  [...]&lt;\/p&gt;\\n","image":"https:\/\/www.academiapsicologia.com\/wp-content\/uploads\/2023\/10\/20231019-Bienestar-y-malestar-en-el-deporte.-Antecedentes-psicosociales-Dra.-Da-Maria-Isabel-Balaguer-Sola.jpg","url":"https:\/\/www.academiapsicologia.com\/index.php\/event\/webinar-bienestar-y-malestar-en-el-deporte-antecedentes-psicosociales\/","eventAttendanceMode":"https:\/\/schema.org\/OfflineEventAttendanceMode","startDate":"2023-10-19T19:00:00+02:00","endDate":"2023-10-19T20:30:00+02:00","organizer":{"@type":"Person","name":"Fundaci\u00f3n para la Investigaci\u00f3n, Desarrollo y Aplicaci\u00f3n de la Psicolog\u00eda de la Comunitat Valenciana (FIDAP)","description":"","url":"https:\/\/www.cop-cv.org\/buscar-noticias\/tag-Fidap","telephone":"","email":"","sameAs":"https:\/\/www.cop-cv.org\/buscar-noticias\/tag-Fidap"},"performer":"Organization"}}