{"id":2442,"global_id":"www.academiapsicologia.com?id=2442","global_id_lineage":["www.academiapsicologia.com?id=2442"],"author":"1","status":"publish","date":"2024-01-24 14:31:10","date_utc":"2024-01-24 13:31:10","modified":"2024-01-24 14:31:10","modified_utc":"2024-01-24 13:31:10","url":"https:\/\/www.academiapsicologia.com\/index.php\/event\/los-miercoles-con-la-academia-abusos-sexuales-en-la-infancia-por-que-se-recuerdan-o-se-revelan-anos-despues\/","rest_url":"https:\/\/www.academiapsicologia.com\/index.php\/wp-json\/tribe\/events\/v1\/events\/2442","title":"Los Mi\u00e9rcoles con la Academia \u2013 Abusos sexuales en la infancia: \u00bfPor qu\u00e9 se recuerdan o se revelan a\u00f1os despu\u00e9s?","description":"<h1><strong>WEBINAR DE LA APE<\/strong><\/h1>\n<p><b>Moderadora:<\/b><\/p>\n<p style=\"padding-left: 40px;\"><strong>Dra. Mar\u00eda Paz Garc\u00eda-Vera<\/strong><br \/>\n<strong><em>Acad\u00e9mica de N\u00famero de la APE <\/em><\/strong><\/p>\n<p><b>Interviene:<\/b><\/p>\n<p style=\"padding-left: 40px;\"><strong>Dr. Enrique Echebur\u00faa Odriozola<\/strong><br \/>\n<em><strong>Acad\u00e9mico de N\u00famero de la APE<\/strong><\/em><\/p>\n<p>&nbsp;<\/p>\n<div class=\"fusion-button-wrapper\"><a class=\"fusion-button button-flat fusion-button-default-size button-custom fusion-button-default button-1 fusion-button-default-span fusion-button-default-type\" style=\"--button_accent_color:#ffffff;--button_border_color:#8a5e9e;--button_accent_hover_color:#000000;--button_border_hover_color:#000000;--button_gradient_top_color:#b67cd1;--button_gradient_bottom_color:#b67cd1;--button_gradient_top_color_hover:#b67cd1;--button_gradient_bottom_color_hover:#b67cd1;\" target=\"_blank\" rel=\"noopener noreferrer\" href=\"https:\/\/www.academiapsicologia.com\/wp-content\/uploads\/2024\/01\/20240131-Conferencia-Abusos-sexuales-en-la-infancia.pdf\"><i class=\"fa-info-circle fas button-icon-left\" aria-hidden=\"true\"><\/i><span class=\"fusion-button-text\">DESCARGAR PROGRAMA<\/span><\/a><\/div>\n<div class=\"fusion-button-wrapper\"><a class=\"fusion-button button-flat fusion-button-default-size button-custom fusion-button-default button-2 fusion-button-default-span fusion-button-default-type\" style=\"--button_accent_color:#ffffff;--button_border_color:#8a5e9e;--button_accent_hover_color:#000000;--button_border_hover_color:#000000;--button_gradient_top_color:#b67cd1;--button_gradient_bottom_color:#b67cd1;--button_gradient_top_color_hover:#b67cd1;--button_gradient_bottom_color_hover:#b67cd1;\" target=\"_blank\" rel=\"noopener noreferrer\" href=\"https:\/\/us06web.zoom.us\/meeting\/register\/tZ0pdeGupj8uGtfcymQRcdiuSYv8L4UeW2nz\"><i class=\"fa-calendar-check fas button-icon-left\" aria-hidden=\"true\"><\/i><span class=\"fusion-button-text\">INSCRIPCI\u00d3N<\/span><\/a><\/div>\n<p>&nbsp;<\/p>\n<p>&nbsp;<\/p>\n<p>&nbsp;<\/p>","excerpt":"","slug":"los-miercoles-con-la-academia-abusos-sexuales-en-la-infancia-por-que-se-recuerdan-o-se-revelan-anos-despues","image":{"url":"https:\/\/www.academiapsicologia.com\/wp-content\/uploads\/2024\/01\/20240131-Conferencia-Abusos-sexuales-en-la-infancia.jpg","id":2440,"extension":"jpg","width":1000,"height":563,"sizes":{"medium":{"width":300,"height":169,"mime-type":"image\/jpeg","url":"https:\/\/www.academiapsicologia.com\/wp-content\/uploads\/2024\/01\/20240131-Conferencia-Abusos-sexuales-en-la-infancia-300x169.jpg"},"thumbnail":{"width":150,"height":150,"mime-type":"image\/jpeg","url":"https:\/\/www.academiapsicologia.com\/wp-content\/uploads\/2024\/01\/20240131-Conferencia-Abusos-sexuales-en-la-infancia-150x150.jpg"},"medium_large":{"width":768,"height":432,"mime-type":"image\/jpeg","url":"https:\/\/www.academiapsicologia.com\/wp-content\/uploads\/2024\/01\/20240131-Conferencia-Abusos-sexuales-en-la-infancia-768x432.jpg"},"blog-large":{"width":669,"height":272,"mime-type":"image\/jpeg","url":"https:\/\/www.academiapsicologia.com\/wp-content\/uploads\/2024\/01\/20240131-Conferencia-Abusos-sexuales-en-la-infancia-669x272.jpg"},"blog-medium":{"width":320,"height":202,"mime-type":"image\/jpeg","url":"https:\/\/www.academiapsicologia.com\/wp-content\/uploads\/2024\/01\/20240131-Conferencia-Abusos-sexuales-en-la-infancia-320x202.jpg"},"recent-posts":{"width":700,"height":441,"mime-type":"image\/jpeg","url":"https:\/\/www.academiapsicologia.com\/wp-content\/uploads\/2024\/01\/20240131-Conferencia-Abusos-sexuales-en-la-infancia-700x441.jpg"},"recent-works-thumbnail":{"width":66,"height":66,"mime-type":"image\/jpeg","url":"https:\/\/www.academiapsicologia.com\/wp-content\/uploads\/2024\/01\/20240131-Conferencia-Abusos-sexuales-en-la-infancia-66x66.jpg"},"fusion-200":{"width":200,"height":113,"mime-type":"image\/jpeg","url":"https:\/\/www.academiapsicologia.com\/wp-content\/uploads\/2024\/01\/20240131-Conferencia-Abusos-sexuales-en-la-infancia-200x113.jpg"},"fusion-400":{"width":400,"height":225,"mime-type":"image\/jpeg","url":"https:\/\/www.academiapsicologia.com\/wp-content\/uploads\/2024\/01\/20240131-Conferencia-Abusos-sexuales-en-la-infancia-400x225.jpg"},"fusion-600":{"width":600,"height":338,"mime-type":"image\/jpeg","url":"https:\/\/www.academiapsicologia.com\/wp-content\/uploads\/2024\/01\/20240131-Conferencia-Abusos-sexuales-en-la-infancia-600x338.jpg"},"fusion-800":{"width":800,"height":450,"mime-type":"image\/jpeg","url":"https:\/\/www.academiapsicologia.com\/wp-content\/uploads\/2024\/01\/20240131-Conferencia-Abusos-sexuales-en-la-infancia-800x450.jpg"},"portfolio-full":{"width":940,"height":400,"mime-type":"image\/jpeg","url":"https:\/\/www.academiapsicologia.com\/wp-content\/uploads\/2024\/01\/20240131-Conferencia-Abusos-sexuales-en-la-infancia-940x400.jpg"},"portfolio-one":{"width":540,"height":272,"mime-type":"image\/jpeg","url":"https:\/\/www.academiapsicologia.com\/wp-content\/uploads\/2024\/01\/20240131-Conferencia-Abusos-sexuales-en-la-infancia-540x272.jpg"},"portfolio-two":{"width":460,"height":295,"mime-type":"image\/jpeg","url":"https:\/\/www.academiapsicologia.com\/wp-content\/uploads\/2024\/01\/20240131-Conferencia-Abusos-sexuales-en-la-infancia-460x295.jpg"},"portfolio-three":{"width":300,"height":214,"mime-type":"image\/jpeg","url":"https:\/\/www.academiapsicologia.com\/wp-content\/uploads\/2024\/01\/20240131-Conferencia-Abusos-sexuales-en-la-infancia-300x214.jpg"},"portfolio-five":{"width":177,"height":142,"mime-type":"image\/jpeg","url":"https:\/\/www.academiapsicologia.com\/wp-content\/uploads\/2024\/01\/20240131-Conferencia-Abusos-sexuales-en-la-infancia-177x142.jpg"}}},"all_day":false,"start_date":"2024-01-31 19:00:00","start_date_details":{"year":"2024","month":"01","day":"31","hour":"19","minutes":"00","seconds":"00"},"end_date":"2024-01-31 20:30:00","end_date_details":{"year":"2024","month":"01","day":"31","hour":"20","minutes":"30","seconds":"00"},"utc_start_date":"2024-01-31 18:00:00","utc_start_date_details":{"year":"2024","month":"01","day":"31","hour":"18","minutes":"00","seconds":"00"},"utc_end_date":"2024-01-31 19:30:00","utc_end_date_details":{"year":"2024","month":"01","day":"31","hour":"19","minutes":"30","seconds":"00"},"timezone":"Europe\/Madrid","timezone_abbr":"CET","cost":"","cost_details":{"currency_symbol":"","currency_position":"prefix","values":[]},"website":"https:\/\/us06web.zoom.us\/meeting\/register\/tZ0pdeGupj8uGtfcymQRcdiuSYv8L4UeW2nz","show_map":true,"show_map_link":true,"hide_from_listings":false,"sticky":false,"featured":false,"categories":[],"tags":[],"venue":[],"organizer":[{"id":22,"author":"1","status":"publish","date":"2021-02-05 12:21:14","date_utc":"2021-02-05 12:21:14","modified":"2021-02-05 12:21:14","modified_utc":"2021-02-05 12:21:14","url":"https:\/\/www.academiapsicologia.com\/index.php\/organizador\/academia-de-psicologia-de-espana\/","organizer":"Academia de Psicolog\u00eda de Espa\u00f1a","slug":"academia-de-psicologia-de-espana","phone":"+34 658 131 700","website":"https:\/\/www.academiapsicologia.com\/","email":"secretaria@academiadepsicologia.es","json_ld":{"@type":"Person","name":"Academia de Psicolog\u00eda de Espa\u00f1a","description":"","url":"https:\/\/www.academiapsicologia.com\/","telephone":"+34 658 131 700","email":"&#115;ecreta&#114;&#105;&#97;&#64;academi&#97;de&#112;&#115;&#105;c&#111;logia&#46;e&#115;","sameAs":"https:\/\/www.academiapsicologia.com\/"},"global_id":"www.academiapsicologia.com?id=22","global_id_lineage":["www.academiapsicologia.com?id=22"]}],"json_ld":{"@context":"http:\/\/schema.org","@type":"Event","name":"Los Mi\u00e9rcoles con la Academia \u2013 Abusos sexuales en la infancia: \u00bfPor qu\u00e9 se recuerdan o se revelan a\u00f1os despu\u00e9s?","description":"&lt;p&gt;WEBINAR DE LA APE Moderadora: Dra. Mar\u00eda Paz Garc\u00eda-Vera Acad\u00e9mica  [...]&lt;\/p&gt;\\n","image":"https:\/\/www.academiapsicologia.com\/wp-content\/uploads\/2024\/01\/20240131-Conferencia-Abusos-sexuales-en-la-infancia.jpg","url":"https:\/\/www.academiapsicologia.com\/index.php\/event\/los-miercoles-con-la-academia-abusos-sexuales-en-la-infancia-por-que-se-recuerdan-o-se-revelan-anos-despues\/","eventAttendanceMode":"https:\/\/schema.org\/OfflineEventAttendanceMode","startDate":"2024-01-31T19:00:00+01:00","endDate":"2024-01-31T20:30:00+01:00","organizer":{"@type":"Person","name":"Academia de Psicolog\u00eda de Espa\u00f1a","description":"","url":"https:\/\/www.academiapsicologia.com\/","telephone":"+34 658 131 700","email":"sec&#114;eta&#114;&#105;&#97;&#64;aca&#100;&#101;&#109;i&#97;&#100;e&#112;si&#99;&#111;l&#111;&#103;&#105;&#97;&#46;e&#115;","sameAs":"https:\/\/www.academiapsicologia.com\/"},"performer":"Organization"}}