{"id":2551,"global_id":"www.academiapsicologia.com?id=2551","global_id_lineage":["www.academiapsicologia.com?id=2551"],"author":"1","status":"publish","date":"2024-04-10 11:55:40","date_utc":"2024-04-10 09:55:40","modified":"2024-04-10 11:55:40","modified_utc":"2024-04-10 09:55:40","url":"https:\/\/www.academiapsicologia.com\/index.php\/event\/xxi-escuela-de-psicologia-jose-germain-psicologia-en-el-mundo-digital\/","rest_url":"https:\/\/www.academiapsicologia.com\/index.php\/wp-json\/tribe\/events\/v1\/events\/2551","title":"XXI Escuela de Psicolog\u00eda \u00abJos\u00e9 Germain\u00bb. Psicolog\u00eda en el mundo digital","description":"<\/p>\n<div class=\"table-1\">\n<table width=\"100%\">\n<thead>\n<tr>\n<th align=\"left\"><div class=\"fusion-button-wrapper\"><a class=\"fusion-button button-flat fusion-button-default-size button-custom fusion-button-default button-1 fusion-button-default-span fusion-button-default-type\" style=\"--button_accent_color:#ffffff;--button_border_color:#8a5e9e;--button_accent_hover_color:#000000;--button_border_hover_color:#000000;--button_gradient_top_color:#b67cd1;--button_gradient_bottom_color:#b67cd1;--button_gradient_top_color_hover:#b67cd1;--button_gradient_bottom_color_hover:#b67cd1;\" target=\"_blank\" rel=\"noopener noreferrer\" href=\"https:\/\/www.uimp.es\/agenda-link.html?id_actividad=65PU&amp;anyaca=2024-25\"><i class=\"fa-info-circle fas button-icon-left\" aria-hidden=\"true\"><\/i><span class=\"fusion-button-text\">MATRICULA ONLINE<\/span><\/a><\/div><\/th>\n<th style=\"text-align: right;\" align=\"left\"><div class=\"fusion-button-wrapper\"><a class=\"fusion-button button-flat fusion-button-default-size button-custom fusion-button-default button-2 fusion-button-default-span fusion-button-default-type\" style=\"--button_accent_color:#ffffff;--button_border_color:#8a5e9e;--button_accent_hover_color:#000000;--button_border_hover_color:#000000;--button_gradient_top_color:#b67cd1;--button_gradient_bottom_color:#b67cd1;--button_gradient_top_color_hover:#b67cd1;--button_gradient_bottom_color_hover:#b67cd1;\" target=\"_blank\" rel=\"noopener noreferrer\" href=\"https:\/\/wapps001.uimp.es\/uxxiconsultas\/ficheros\/5\/6732665pu.web.pdf\"><i class=\"fa-map fas button-icon-left\" aria-hidden=\"true\"><\/i><span class=\"fusion-button-text\">TR\u00cdPTICO DEL CURSO<\/span><\/a><\/div><\/th>\n<\/tr>\n<\/thead>\n<\/table>\n<\/div>\n<p>\n<h2><strong>Sede donde se gestiona<\/strong><\/h2>\n<p>Santander<\/p>\n<h2><strong>Lugar de impartici\u00f3n<\/strong><\/h2>\n<p>Santander &#8211; Pen\u00ednsula de la Magdalena<\/p>\n<h2><strong>Direcci\u00f3n<\/strong><\/h2>\n<p><strong>Helio Carpintero<\/strong><\/p>\n<p style=\"padding-left: 40px;\"><em>Catedr\u00e1tico Em\u00e9rito<br \/>\nMiembro de la Academia de Psicolog\u00eda de Espa\u00f1a<br \/>\nDe la Real Academia de Ciencias Morales y Pol\u00edticas<\/em><\/p>\n<h2><strong>Descripci\u00f3n de la actividad<\/strong><\/h2>\n<div align=\"justify\">\n<p>La \u00abEscuela de Psicolog\u00eda Jos\u00e9 Germain\u00bb viene presentando temas y cuestiones de psicolog\u00eda cient\u00edfica a cuantos se interesan por esos problemas, en el marco cultural de la UIMP.<\/p>\n<p>La creaci\u00f3n, en el pasado siglo, de m\u00e1quinas capaces de realizar procesos similares a los de la mente humana inteligente, abri\u00f3 un campo que viene explotando la simulaci\u00f3n de los comportamientos biol\u00f3gicos con mecanismos de complejidad creciente. Los robots, y los computadores, han venido a transformar las formas y contenidos de la vida social, aportando sus potencias t\u00e9cnicas a los mundos m\u00e1s variados de la vida humana. As\u00ed est\u00e1n haciendo hoy posibles comportamientos individuales y colectivos nunca antes contemplados.<\/p>\n<p>La psicolog\u00eda ha asumido como una tarea propia el estudio, dise\u00f1o y aplicaci\u00f3n de todos los procesos en que los individuos interaccionan con los sistemas de informaci\u00f3n y comunicaci\u00f3n que van apareciendo de modo imparable.<\/p>\n<p>El presente curso aspira a examinar diversas aplicaciones de las tecnolog\u00edas digitales a la vida humana, su impacto, sus pros y contras y en la mente de los hombres y mujeres de hoy.<\/p>\n<p>Los docentes del curso son miembros de la Academia de Psicolog\u00eda de Espa\u00f1a, instituci\u00f3n que colabora hace a\u00f1os con la UIMP.<\/p>\n<p>El curso se dirige a estudiantes y licenciados en Psicolog\u00eda y en Ciencias Sociales, y personas interesadas en las cuestiones sociales y humanistas propias de la sociedad contempor\u00e1nea.<\/p>\n<\/div>\n<h2><strong>Participantes<\/strong><\/h2>\n<h4><span style=\"color: #cc99ff;\">DIRECCI\u00d3N<\/span><\/h4>\n<p><strong>Helio Carpintero<\/strong><\/p>\n<p style=\"padding-left: 40px;\"><em>Catedr\u00e1tico Em\u00e9rito<br \/>\nMiembro de la Academia de Psicolog\u00eda de Espa\u00f1a<br \/>\nDe la Real Academia de Ciencias Morales y Pol\u00edticas<\/em><\/p>\n<h4><span style=\"color: #cc99ff;\">PARTICIPANTES<\/span><\/h4>\n<p><strong>Cristina Botella<\/strong><\/p>\n<p style=\"padding-left: 40px;\"><em>Catedr\u00e1tica de Psicolog\u00eda Cl\u00ednica<br \/>\nUniversidad Jaume I de Castell\u00f3n<br \/>\nMiembro de la Academia de Psicolog\u00eda de Espa\u00f1a<br \/>\n<\/em><\/p>\n<p><strong>Maite Garaigordobil<\/strong><\/p>\n<p style=\"padding-left: 40px;\"><em>Catedr\u00e1tica Em\u00e9rita de la Universidad del Pa\u00eds Vasco<br \/>\nMiembro de la Academia de Psicolog\u00eda de Espa\u00f1a<br \/>\n<\/em><\/p>\n<p><strong>Helena Matute<\/strong><\/p>\n<p style=\"padding-left: 40px;\"><em>Catedr\u00e1tica de Psicolog\u00eda Experimental<br \/>\nUniversidad de Deusto<br \/>\nMiembro (electo) de la Academia de Psicolog\u00eda de Espa\u00f1a<br \/>\n<\/em><\/p>\n<p><strong>Jos\u00e9 Mu\u00f1iz<\/strong><\/p>\n<p style=\"padding-left: 40px;\"><em>Catedr\u00e1tico Em\u00e9rito de Evaluaci\u00f3n Psicol\u00f3gica de la Universidad Nebrija, Madrid<br \/>\nMiembro de la Academia de Psicolog\u00eda de Espa\u00f1a<br \/>\n<\/em><\/p>\n<p><strong>Jos\u00e9 Mar\u00eda Peir\u00f3<\/strong><\/p>\n<p style=\"padding-left: 40px;\"><em>Catedr\u00e1tico Em\u00e9rito de Psicolog\u00eda de las Organizaciones de la Universidad de Valencia<br \/>\nMiembro de la Academia de Psicolog\u00eda de Espa\u00f1a<br \/>\n<\/em><\/p>\n<p><strong>Jaime Vila<\/strong><\/p>\n<p style=\"padding-left: 40px;\"><em>Catedr\u00e1tico Em\u00e9rito de Psicolog\u00eda de la Universidad de Granada<br \/>\nMiembro de la Academia de Psicolog\u00eda de Espa\u00f1a<br \/>\n<\/em><\/p>\n<h2><strong>Programa<\/strong><\/h2>\n<h3><span style=\"color: #cc99ff;\"><u>Lunes, 29 Julio 2024<\/u><\/span><\/h3>\n<p><strong>10:00<\/strong><br \/>\nInauguraci\u00f3n<\/p>\n<p><strong>10:30<\/strong><br \/>\nPsicolog\u00eda y vida en un mundo digital<br \/>\n<strong>Helio Carpintero<\/strong><\/p>\n<p><strong>12:00<\/strong><br \/>\nEl Cyberbullying, un peligro social<br \/>\n<strong>Maite Garaigordobil<\/strong><\/p>\n<p><strong>15:30<\/strong><br \/>\nCyberbullying, un peligro social (clase pr\u00e1ctica)<br \/>\n<strong>Maite Garaigordobil<\/strong><\/p>\n<h3><span style=\"color: #cc99ff;\"><u>Martes, 30 Julio 2024<\/u><\/span><\/h3>\n<p><strong>09:30<\/strong><br \/>\nEl ordenador emocional<br \/>\n<strong>Jaime Vila<\/strong><\/p>\n<p><strong>12:00<\/strong><br \/>\nPsicolog\u00eda e inteligencia artificial<br \/>\n<strong>Helena Matute<\/strong><\/p>\n<p><strong>15:30<\/strong><br \/>\nEl ordenador emocional (clase pr\u00e1ctica)<br \/>\n<strong>Jaime Vila<\/strong><br \/>\n<u><\/u><\/p>\n<h3><span style=\"color: #cc99ff;\"><u>Mi\u00e9rcoles, 31 Julio 2024<\/u><\/span><\/h3>\n<p><strong>09:30<\/strong><br \/>\nPsicolog\u00eda e inteligencia artificial (clase pr\u00e1ctica)<br \/>\n<strong>Helena Matute<\/strong><\/p>\n<p><strong>12:00<\/strong><br \/>\nLa evaluaci\u00f3n psicol\u00f3gica en la era digital<br \/>\n<strong>Jos\u00e9 Mu\u00f1iz<\/strong><\/p>\n<p><strong>15:30<\/strong><br \/>\nLa evaluaci\u00f3n psicol\u00f3gica en la era digital (clase pr\u00e1ctica)<br \/>\n<strong>Jos\u00e9 Mu\u00f1iz<\/strong><br \/>\n<u><\/u><\/p>\n<h3><span style=\"color: #cc99ff;\"><u>Jueves, 1 Agosto 2024<\/u><\/span><\/h3>\n<p><strong>09:30<\/strong><br \/>\nEl futuro del trabajo en un mundo digitalizado<br \/>\n<strong>Jos\u00e9 Mar\u00eda Peir\u00f3<\/strong><\/p>\n<p><strong>12:00<\/strong><br \/>\nLas TIC (tecnolog\u00edas de informaci\u00f3n y comunicaci\u00f3n) en la Psicolog\u00eda Cl\u00ednica<br \/>\n<strong>Cristina Botella<\/strong><\/p>\n<p><strong>15:30<\/strong><br \/>\nLas TIC en la Psicolog\u00eda Cl\u00ednica del Siglo XXI (clase pr\u00e1ctica)<br \/>\n<strong>Cristina Botella<\/strong><br \/>\n<u><\/u><\/p>\n<h3><span style=\"color: #cc99ff;\"><u>Viernes, 2 Agosto 2024<\/u><\/span><\/h3>\n<p><strong>09:30<\/strong><br \/>\nEl futuro del trabajo en un mundo digitalizado (clase pr\u00e1ctica)<br \/>\n<strong>Jos\u00e9 Mar\u00eda Peir\u00f3<\/strong><\/p>\n<p><strong>12:00<\/strong><br \/>\nPsicolog\u00eda de robots con personalidad<br \/>\n<strong>Helio Carpintero<\/strong><\/p>\n<p><strong>13:00<\/strong><br \/>\nClausura<\/p>","excerpt":"","slug":"xxi-escuela-de-psicologia-jose-germain-psicologia-en-el-mundo-digital","image":{"url":"https:\/\/www.academiapsicologia.com\/wp-content\/uploads\/2024\/04\/XXI-Escuela-de-Psicologia-Jose-Germain.-Psicologia-en-el-mundo-digital.jpg","id":2550,"extension":"jpg","width":1000,"height":563,"sizes":{"medium":{"width":300,"height":169,"mime-type":"image\/jpeg","url":"https:\/\/www.academiapsicologia.com\/wp-content\/uploads\/2024\/04\/XXI-Escuela-de-Psicologia-Jose-Germain.-Psicologia-en-el-mundo-digital-300x169.jpg"},"thumbnail":{"width":150,"height":150,"mime-type":"image\/jpeg","url":"https:\/\/www.academiapsicologia.com\/wp-content\/uploads\/2024\/04\/XXI-Escuela-de-Psicologia-Jose-Germain.-Psicologia-en-el-mundo-digital-150x150.jpg"},"medium_large":{"width":768,"height":432,"mime-type":"image\/jpeg","url":"https:\/\/www.academiapsicologia.com\/wp-content\/uploads\/2024\/04\/XXI-Escuela-de-Psicologia-Jose-Germain.-Psicologia-en-el-mundo-digital-768x432.jpg"},"blog-large":{"width":669,"height":272,"mime-type":"image\/jpeg","url":"https:\/\/www.academiapsicologia.com\/wp-content\/uploads\/2024\/04\/XXI-Escuela-de-Psicologia-Jose-Germain.-Psicologia-en-el-mundo-digital-669x272.jpg"},"blog-medium":{"width":320,"height":202,"mime-type":"image\/jpeg","url":"https:\/\/www.academiapsicologia.com\/wp-content\/uploads\/2024\/04\/XXI-Escuela-de-Psicologia-Jose-Germain.-Psicologia-en-el-mundo-digital-320x202.jpg"},"recent-posts":{"width":700,"height":441,"mime-type":"image\/jpeg","url":"https:\/\/www.academiapsicologia.com\/wp-content\/uploads\/2024\/04\/XXI-Escuela-de-Psicologia-Jose-Germain.-Psicologia-en-el-mundo-digital-700x441.jpg"},"recent-works-thumbnail":{"width":66,"height":66,"mime-type":"image\/jpeg","url":"https:\/\/www.academiapsicologia.com\/wp-content\/uploads\/2024\/04\/XXI-Escuela-de-Psicologia-Jose-Germain.-Psicologia-en-el-mundo-digital-66x66.jpg"},"fusion-200":{"width":200,"height":113,"mime-type":"image\/jpeg","url":"https:\/\/www.academiapsicologia.com\/wp-content\/uploads\/2024\/04\/XXI-Escuela-de-Psicologia-Jose-Germain.-Psicologia-en-el-mundo-digital-200x113.jpg"},"fusion-400":{"width":400,"height":225,"mime-type":"image\/jpeg","url":"https:\/\/www.academiapsicologia.com\/wp-content\/uploads\/2024\/04\/XXI-Escuela-de-Psicologia-Jose-Germain.-Psicologia-en-el-mundo-digital-400x225.jpg"},"fusion-600":{"width":600,"height":338,"mime-type":"image\/jpeg","url":"https:\/\/www.academiapsicologia.com\/wp-content\/uploads\/2024\/04\/XXI-Escuela-de-Psicologia-Jose-Germain.-Psicologia-en-el-mundo-digital-600x338.jpg"},"fusion-800":{"width":800,"height":450,"mime-type":"image\/jpeg","url":"https:\/\/www.academiapsicologia.com\/wp-content\/uploads\/2024\/04\/XXI-Escuela-de-Psicologia-Jose-Germain.-Psicologia-en-el-mundo-digital-800x450.jpg"},"portfolio-full":{"width":940,"height":400,"mime-type":"image\/jpeg","url":"https:\/\/www.academiapsicologia.com\/wp-content\/uploads\/2024\/04\/XXI-Escuela-de-Psicologia-Jose-Germain.-Psicologia-en-el-mundo-digital-940x400.jpg"},"portfolio-one":{"width":540,"height":272,"mime-type":"image\/jpeg","url":"https:\/\/www.academiapsicologia.com\/wp-content\/uploads\/2024\/04\/XXI-Escuela-de-Psicologia-Jose-Germain.-Psicologia-en-el-mundo-digital-540x272.jpg"},"portfolio-two":{"width":460,"height":295,"mime-type":"image\/jpeg","url":"https:\/\/www.academiapsicologia.com\/wp-content\/uploads\/2024\/04\/XXI-Escuela-de-Psicologia-Jose-Germain.-Psicologia-en-el-mundo-digital-460x295.jpg"},"portfolio-three":{"width":300,"height":214,"mime-type":"image\/jpeg","url":"https:\/\/www.academiapsicologia.com\/wp-content\/uploads\/2024\/04\/XXI-Escuela-de-Psicologia-Jose-Germain.-Psicologia-en-el-mundo-digital-300x214.jpg"},"portfolio-five":{"width":177,"height":142,"mime-type":"image\/jpeg","url":"https:\/\/www.academiapsicologia.com\/wp-content\/uploads\/2024\/04\/XXI-Escuela-de-Psicologia-Jose-Germain.-Psicologia-en-el-mundo-digital-177x142.jpg"}}},"all_day":true,"start_date":"2024-07-29 00:00:00","start_date_details":{"year":"2024","month":"07","day":"29","hour":"00","minutes":"00","seconds":"00"},"end_date":"2024-08-02 23:59:59","end_date_details":{"year":"2024","month":"08","day":"02","hour":"23","minutes":"59","seconds":"59"},"utc_start_date":"2024-07-28 22:00:00","utc_start_date_details":{"year":"2024","month":"07","day":"28","hour":"22","minutes":"00","seconds":"00"},"utc_end_date":"2024-08-02 21:59:59","utc_end_date_details":{"year":"2024","month":"08","day":"02","hour":"21","minutes":"59","seconds":"59"},"timezone":"Europe\/Madrid","timezone_abbr":"CEST","cost":"","cost_details":{"currency_symbol":"","currency_position":"prefix","values":[]},"website":"https:\/\/www.uimp.es\/agenda-link.html?id_actividad=65PU&amp;anyaca=2024-25","show_map":true,"show_map_link":true,"hide_from_listings":false,"sticky":false,"featured":false,"categories":[],"tags":[],"venue":{"id":1529,"author":"1","status":"publish","date":"2022-06-23 17:52:28","date_utc":"2022-06-23 15:52:28","modified":"2022-06-23 17:52:28","modified_utc":"2022-06-23 15:52:28","url":"https:\/\/www.academiapsicologia.com\/index.php\/local\/universidad-internacional-menendez-pelayo\/","venue":"Universidad Internacional Men\u00e9ndez Pelayo","slug":"universidad-internacional-menendez-pelayo","address":"Av. de la Magdalena, 0 - Pen\u00ednsula de la Magdalena","city":"Santander","province":"Cantabria","zip":"39005","phone":"942 29 88 00","website":"http:\/\/www.uimp.es\/","stateprovince":"Cantabria","json_ld":{"@type":"Place","name":"Universidad Internacional Men\u00e9ndez Pelayo","description":"","url":"","address":{"@type":"PostalAddress","streetAddress":"Av. de la Magdalena, 0 - Pen\u00ednsula de la Magdalena","addressLocality":"Santander","addressRegion":"Cantabria","postalCode":"39005"},"telephone":"942 29 88 00","sameAs":"http:\/\/www.uimp.es\/"},"show_map":true,"show_map_link":true,"global_id":"www.academiapsicologia.com?id=1529","global_id_lineage":["www.academiapsicologia.com?id=1529"]},"organizer":[{"id":1530,"author":"1","status":"publish","date":"2022-06-23 17:52:28","date_utc":"2022-06-23 15:52:28","modified":"2022-06-23 17:52:28","modified_utc":"2022-06-23 15:52:28","url":"https:\/\/www.academiapsicologia.com\/index.php\/organizador\/universidad-internacional-menendez-pelayo\/","organizer":"Universidad Internacional Men\u00e9ndez Pelayo","slug":"universidad-internacional-menendez-pelayo","phone":"942 29 88 00","website":"http:\/\/www.uimp.es\/","email":"cau@uimp.es","json_ld":{"@type":"Person","name":"Universidad Internacional Men\u00e9ndez Pelayo","description":"","url":"http:\/\/www.uimp.es\/","telephone":"942 29 88 00","email":"&#99;a&#117;&#64;&#117;i&#109;p.&#101;s","sameAs":"http:\/\/www.uimp.es\/"},"global_id":"www.academiapsicologia.com?id=1530","global_id_lineage":["www.academiapsicologia.com?id=1530"]},{"id":22,"author":"1","status":"publish","date":"2021-02-05 12:21:14","date_utc":"2021-02-05 12:21:14","modified":"2021-02-05 12:21:14","modified_utc":"2021-02-05 12:21:14","url":"https:\/\/www.academiapsicologia.com\/index.php\/organizador\/academia-de-psicologia-de-espana\/","organizer":"Academia de Psicolog\u00eda de Espa\u00f1a","slug":"academia-de-psicologia-de-espana","phone":"+34 658 131 700","website":"https:\/\/www.academiapsicologia.com\/","email":"secretaria@academiadepsicologia.es","json_ld":{"@type":"Person","name":"Academia de Psicolog\u00eda de Espa\u00f1a","description":"","url":"https:\/\/www.academiapsicologia.com\/","telephone":"+34 658 131 700","email":"&#115;&#101;c&#114;eta&#114;i&#97;&#64;&#97;ca&#100;e&#109;i&#97;&#100;&#101;&#112;&#115;&#105;cologia.&#101;&#115;","sameAs":"https:\/\/www.academiapsicologia.com\/"},"global_id":"www.academiapsicologia.com?id=22","global_id_lineage":["www.academiapsicologia.com?id=22"]}],"json_ld":{"@context":"http:\/\/schema.org","@type":"Event","name":"XXI Escuela de Psicolog\u00eda \u00abJos\u00e9 Germain\u00bb. Psicolog\u00eda en el mundo digital","description":"&lt;p&gt;MATRICULA ONLINE TR\u00cdPTICO DEL CURSO Sede donde se gestiona Santander  [...]&lt;\/p&gt;\\n","image":"https:\/\/www.academiapsicologia.com\/wp-content\/uploads\/2024\/04\/XXI-Escuela-de-Psicologia-Jose-Germain.-Psicologia-en-el-mundo-digital.jpg","url":"https:\/\/www.academiapsicologia.com\/index.php\/event\/xxi-escuela-de-psicologia-jose-germain-psicologia-en-el-mundo-digital\/","eventAttendanceMode":"https:\/\/schema.org\/OfflineEventAttendanceMode","startDate":"2024-07-29T00:00:00+02:00","endDate":"2024-08-02T23:59:59+02:00","location":{"@type":"Place","name":"Universidad Internacional Men\u00e9ndez Pelayo","description":"","url":"","address":{"@type":"PostalAddress","streetAddress":"Av. de la Magdalena, 0 - Pen\u00ednsula de la Magdalena","addressLocality":"Santander","addressRegion":"Cantabria","postalCode":"39005"},"telephone":"942 29 88 00","sameAs":"http:\/\/www.uimp.es\/"},"organizer":{"@type":"Person","name":"Universidad Internacional Men\u00e9ndez Pelayo","description":"","url":"http:\/\/www.uimp.es\/","telephone":"942 29 88 00","email":"c&#97;u&#64;&#117;&#105;&#109;p.e&#115;","sameAs":"http:\/\/www.uimp.es\/"},"performer":"Organization"}}