{"id":3857,"global_id":"www.academiapsicologia.com?id=3857","global_id_lineage":["www.academiapsicologia.com?id=3857"],"author":"1","status":"publish","date":"2026-08-31 11:48:10","date_utc":"2026-08-31 09:48:10","modified":"2026-08-31 11:48:10","modified_utc":"2026-08-31 09:48:10","url":"https:\/\/www.academiapsicologia.com\/index.php\/event\/validez-en-tiempos-de-ia\/","rest_url":"https:\/\/www.academiapsicologia.com\/index.php\/wp-json\/tribe\/events\/v1\/events\/3857","title":"Validez en tiempos de IA","description":"<h1><strong>WEBINAR DE LA APE<\/strong><\/h1>\n<p><b>Moderadora:<\/b><\/p>\n<p style=\"padding-left: 40px;\"><strong>Dra. Mar\u00eda Paz Garc\u00eda-Vera<\/strong><br \/>\n<strong><em>Acad\u00e9mica de N\u00famero de la APE <\/em><\/strong><\/p>\n<p><b>Interviene:<\/b><\/p>\n<p style=\"padding-left: 40px;\"><strong>Dr. Jos\u00e9 Mu\u00f1iz Fern\u00e1ndez<\/strong><br \/>\n<strong><em>Acad\u00e9mico de N\u00famero de la APE<\/em><\/strong><\/p>\n<p>&nbsp;<\/p>\n<div class=\"fusion-button-wrapper\"><a class=\"fusion-button button-flat fusion-button-default-size button-custom fusion-button-default button-1 fusion-button-default-span fusion-button-default-type\" style=\"--button_accent_color:#ffffff;--button_border_color:#8a5e9e;--button_accent_hover_color:#000000;--button_border_hover_color:#000000;--button_gradient_top_color:#b67cd1;--button_gradient_bottom_color:#b67cd1;--button_gradient_top_color_hover:#b67cd1;--button_gradient_bottom_color_hover:#b67cd1;\" target=\"_blank\" rel=\"noopener noreferrer\" href=\"https:\/\/www.academiapsicologia.com\/wp-content\/uploads\/2026\/08\/20260916-Validez-en-tiempos-de-IA.pdf\"><i class=\"fa-info-circle fas button-icon-left\" aria-hidden=\"true\"><\/i><span class=\"fusion-button-text\">DESCARGAR PROGRAMA<\/span><\/a><\/div>\n<div class=\"fusion-button-wrapper\"><a class=\"fusion-button button-flat fusion-button-default-size button-custom fusion-button-default button-2 fusion-button-default-span fusion-button-default-type\" style=\"--button_accent_color:#ffffff;--button_border_color:#8a5e9e;--button_accent_hover_color:#000000;--button_border_hover_color:#000000;--button_gradient_top_color:#b67cd1;--button_gradient_bottom_color:#b67cd1;--button_gradient_top_color_hover:#b67cd1;--button_gradient_bottom_color_hover:#b67cd1;\" target=\"_blank\" rel=\"noopener noreferrer\" href=\"https:\/\/us06web.zoom.us\/webinar\/register\/WN_lmeFefkzRrqZ9vHSJR7v2Q#\/registration\"><i class=\"fa-calendar-check fas button-icon-left\" aria-hidden=\"true\"><\/i><span class=\"fusion-button-text\">INSCRIPCI\u00d3N<\/span><\/a><\/div>\n<p>&nbsp;<\/p>\n<p>&nbsp;<\/p>","excerpt":"","slug":"validez-en-tiempos-de-ia","image":{"url":"https:\/\/www.academiapsicologia.com\/wp-content\/uploads\/2026\/08\/20260916-Validez-en-tiempos-de-IA.jpg","id":3856,"extension":"jpg","width":1000,"height":563,"filesize":182881,"sizes":{"medium":{"width":300,"height":169,"mime-type":"image\/jpeg","filesize":23297,"url":"https:\/\/www.academiapsicologia.com\/wp-content\/uploads\/2026\/08\/20260916-Validez-en-tiempos-de-IA-300x169.jpg"},"thumbnail":{"width":150,"height":150,"mime-type":"image\/jpeg","filesize":15701,"url":"https:\/\/www.academiapsicologia.com\/wp-content\/uploads\/2026\/08\/20260916-Validez-en-tiempos-de-IA-150x150.jpg"},"medium_large":{"width":768,"height":432,"mime-type":"image\/jpeg","filesize":70497,"url":"https:\/\/www.academiapsicologia.com\/wp-content\/uploads\/2026\/08\/20260916-Validez-en-tiempos-de-IA-768x432.jpg"},"blog-large":{"width":669,"height":272,"mime-type":"image\/jpeg","filesize":50125,"url":"https:\/\/www.academiapsicologia.com\/wp-content\/uploads\/2026\/08\/20260916-Validez-en-tiempos-de-IA-669x272.jpg"},"blog-medium":{"width":320,"height":202,"mime-type":"image\/jpeg","filesize":26096,"url":"https:\/\/www.academiapsicologia.com\/wp-content\/uploads\/2026\/08\/20260916-Validez-en-tiempos-de-IA-320x202.jpg"},"recent-posts":{"width":700,"height":441,"mime-type":"image\/jpeg","filesize":66981,"url":"https:\/\/www.academiapsicologia.com\/wp-content\/uploads\/2026\/08\/20260916-Validez-en-tiempos-de-IA-700x441.jpg"},"recent-works-thumbnail":{"width":66,"height":66,"mime-type":"image\/jpeg","filesize":11563,"url":"https:\/\/www.academiapsicologia.com\/wp-content\/uploads\/2026\/08\/20260916-Validez-en-tiempos-de-IA-66x66.jpg"},"fusion-200":{"width":200,"height":113,"mime-type":"image\/jpeg","filesize":16850,"url":"https:\/\/www.academiapsicologia.com\/wp-content\/uploads\/2026\/08\/20260916-Validez-en-tiempos-de-IA-200x113.jpg"},"fusion-400":{"width":400,"height":225,"mime-type":"image\/jpeg","filesize":31026,"url":"https:\/\/www.academiapsicologia.com\/wp-content\/uploads\/2026\/08\/20260916-Validez-en-tiempos-de-IA-400x225.jpg"},"fusion-600":{"width":600,"height":338,"mime-type":"image\/jpeg","filesize":50690,"url":"https:\/\/www.academiapsicologia.com\/wp-content\/uploads\/2026\/08\/20260916-Validez-en-tiempos-de-IA-600x338.jpg"},"fusion-800":{"width":800,"height":450,"mime-type":"image\/jpeg","filesize":75419,"url":"https:\/\/www.academiapsicologia.com\/wp-content\/uploads\/2026\/08\/20260916-Validez-en-tiempos-de-IA-800x450.jpg"},"portfolio-full":{"width":940,"height":400,"mime-type":"image\/jpeg","filesize":80499,"url":"https:\/\/www.academiapsicologia.com\/wp-content\/uploads\/2026\/08\/20260916-Validez-en-tiempos-de-IA-940x400.jpg"},"portfolio-one":{"width":540,"height":272,"mime-type":"image\/jpeg","filesize":43424,"url":"https:\/\/www.academiapsicologia.com\/wp-content\/uploads\/2026\/08\/20260916-Validez-en-tiempos-de-IA-540x272.jpg"},"portfolio-two":{"width":460,"height":295,"mime-type":"image\/jpeg","filesize":39173,"url":"https:\/\/www.academiapsicologia.com\/wp-content\/uploads\/2026\/08\/20260916-Validez-en-tiempos-de-IA-460x295.jpg"},"portfolio-three":{"width":300,"height":214,"mime-type":"image\/jpeg","filesize":25348,"url":"https:\/\/www.academiapsicologia.com\/wp-content\/uploads\/2026\/08\/20260916-Validez-en-tiempos-de-IA-300x214.jpg"},"portfolio-five":{"width":177,"height":142,"mime-type":"image\/jpeg","filesize":16699,"url":"https:\/\/www.academiapsicologia.com\/wp-content\/uploads\/2026\/08\/20260916-Validez-en-tiempos-de-IA-177x142.jpg"}}},"all_day":false,"start_date":"2026-09-16 19:00:00","start_date_details":{"year":"2026","month":"09","day":"16","hour":"19","minutes":"00","seconds":"00"},"end_date":"2026-09-16 20:30:00","end_date_details":{"year":"2026","month":"09","day":"16","hour":"20","minutes":"30","seconds":"00"},"utc_start_date":"2026-09-16 17:00:00","utc_start_date_details":{"year":"2026","month":"09","day":"16","hour":"17","minutes":"00","seconds":"00"},"utc_end_date":"2026-09-16 18:30:00","utc_end_date_details":{"year":"2026","month":"09","day":"16","hour":"18","minutes":"30","seconds":"00"},"timezone":"Europe\/Madrid","timezone_abbr":"CEST","cost":"","cost_details":{"currency_symbol":"","currency_position":"prefix","values":[]},"website":"https:\/\/us06web.zoom.us\/webinar\/register\/WN_lmeFefkzRrqZ9vHSJR7v2Q#\/registration","show_map":true,"show_map_link":true,"hide_from_listings":false,"sticky":false,"featured":false,"categories":[],"tags":[],"venue":[],"organizer":[{"id":22,"author":"1","status":"publish","date":"2021-02-05 12:21:14","date_utc":"2021-02-05 12:21:14","modified":"2021-02-05 12:21:14","modified_utc":"2021-02-05 12:21:14","url":"https:\/\/www.academiapsicologia.com\/index.php\/organizador\/academia-de-psicologia-de-espana\/","organizer":"Academia de Psicolog\u00eda de Espa\u00f1a","slug":"academia-de-psicologia-de-espana","phone":"+34 658 131 700","website":"https:\/\/www.academiapsicologia.com\/","email":"secretaria@academiadepsicologia.es","json_ld":{"@type":"Person","name":"Academia de Psicolog\u00eda de Espa\u00f1a","description":"","url":"https:\/\/www.academiapsicologia.com\/","telephone":"+34 658 131 700","email":"s&#101;c&#114;&#101;&#116;ar&#105;a&#64;&#97;c&#97;dem&#105;&#97;dep&#115;i&#99;&#111;&#108;&#111;&#103;i&#97;.&#101;s","sameAs":"https:\/\/www.academiapsicologia.com\/"},"global_id":"www.academiapsicologia.com?id=22","global_id_lineage":["www.academiapsicologia.com?id=22"]}],"json_ld":{"@context":"http:\/\/schema.org","@type":"Event","name":"Validez en tiempos de IA","description":"&lt;p&gt;WEBINAR DE LA APE Moderadora: Dra. Mar\u00eda Paz Garc\u00eda-Vera Acad\u00e9mica  [...]&lt;\/p&gt;\\n","image":"https:\/\/www.academiapsicologia.com\/wp-content\/uploads\/2026\/08\/20260916-Validez-en-tiempos-de-IA.jpg","url":"https:\/\/www.academiapsicologia.com\/index.php\/event\/validez-en-tiempos-de-ia\/","eventAttendanceMode":"https:\/\/schema.org\/OfflineEventAttendanceMode","startDate":"2026-09-16T19:00:00+02:00","endDate":"2026-09-16T20:30:00+02:00","organizer":{"@type":"Person","name":"Academia de Psicolog\u00eda de Espa\u00f1a","description":"","url":"https:\/\/www.academiapsicologia.com\/","telephone":"+34 658 131 700","email":"&#115;ec&#114;&#101;ta&#114;ia&#64;ac&#97;&#100;&#101;&#109;&#105;&#97;d&#101;p&#115;&#105;&#99;&#111;&#108;&#111;g&#105;&#97;&#46;&#101;&#115;","sameAs":"https:\/\/www.academiapsicologia.com\/"},"performer":"Organization"}}