{"id":877,"global_id":"www.academiapsicologia.com?id=877","global_id_lineage":["www.academiapsicologia.com?id=877"],"author":"1","status":"publish","date":"2021-05-04 15:51:28","date_utc":"2021-05-04 13:51:28","modified":"2021-05-25 11:11:52","modified_utc":"2021-05-25 09:11:52","url":"https:\/\/www.academiapsicologia.com\/index.php\/event\/presentacion-de-la-coleccion-de-libros-de-la-academia-monografias-de-psicologia\/","rest_url":"https:\/\/www.academiapsicologia.com\/index.php\/wp-json\/tribe\/events\/v1\/events\/877","title":"Presentaci\u00f3n de la colecci\u00f3n de libros de la Academia \u00abMonograf\u00edas de Psicolog\u00eda\u00bb","description":"<h1><strong>WEBINAR DE LA APE<\/strong><\/h1>\n<h2><strong>Presentaci\u00f3n del libro, \u00abComunicaci\u00f3n y Psicolog\u00eda\u00bb<\/strong><\/h2>\n<h2>Moderadora:<\/h2>\n<p><strong>Dra. M\u00aa Araceli Maci\u00e1<\/strong><br \/>\n<em>Acad\u00e9mica de N\u00famero de la APE<\/em><\/p>\n<h2>Intervienen:<\/h2>\n<p><strong>Dr. Javier Horcajo<\/strong><br \/>\n<em>Profesor Titular de Psicolog\u00eda Social de la Facultad de Psicolog\u00eda de la UAM<\/em><\/p>\n<p><strong>Dr. Pedro Rocamora Garc\u00eda-Valls<\/strong><br \/>\n<em>Miembro de la Secci\u00f3n de Derecho de la Real Academia de Doctores<\/em><\/p>\n<p><strong>Dr. Jes\u00fas Rodr\u00edguez-Mar\u00edn<\/strong><br \/>\n<em>Acad\u00e9mico de N\u00famero de la APE<\/em><\/p>\n<p><strong>Dr. Jos\u00e9 Fco. Morales<\/strong><br \/>\n<em>Acad\u00e9mico de N\u00famero de la APE<\/em><\/p>\n<p>&nbsp;<\/p>\n<div class=\"fusion-button-wrapper\"><a class=\"fusion-button button-flat fusion-button-default-size button-custom fusion-button-default button-1 fusion-button-default-span fusion-button-default-type\" style=\"--button_accent_color:#ffffff;--button_border_color:#8a5e9e;--button_accent_hover_color:#000000;--button_border_hover_color:#000000;--button_gradient_top_color:#b67cd1;--button_gradient_bottom_color:#b67cd1;--button_gradient_top_color_hover:#b67cd1;--button_gradient_bottom_color_hover:#b67cd1;\" target=\"_blank\" rel=\"noopener noreferrer\" href=\"https:\/\/www.academiapsicologia.com\/wp-content\/uploads\/2021\/05\/20210512-Presentacion-del-Libro-Comunicacion-y-Psicologia.pdf\"><i class=\"fa-info-circle fas button-icon-left\" aria-hidden=\"true\"><\/i><span class=\"fusion-button-text\">DESCARGAR PROGRAMA<\/span><\/a><\/div>\n<p>&nbsp;<\/p>\n<div align=\"center\"><iframe title=\"YouTube video player\" src=\"https:\/\/www.youtube.com\/embed\/gqAixjfEif4\" width=\"560\" height=\"315\" frameborder=\"0\" allowfullscreen=\"allowfullscreen\"><\/iframe><\/div>","excerpt":"","slug":"presentacion-de-la-coleccion-de-libros-de-la-academia-monografias-de-psicologia","image":{"url":"https:\/\/www.academiapsicologia.com\/wp-content\/uploads\/2021\/05\/20210512-Presentacion-del-Libro-Comunicacion-y-Psicologia.jpg","id":878,"extension":"jpg","width":1000,"height":563,"sizes":{"medium":{"width":300,"height":169,"mime-type":"image\/jpeg","url":"https:\/\/www.academiapsicologia.com\/wp-content\/uploads\/2021\/05\/20210512-Presentacion-del-Libro-Comunicacion-y-Psicologia-300x169.jpg"},"thumbnail":{"width":150,"height":150,"mime-type":"image\/jpeg","url":"https:\/\/www.academiapsicologia.com\/wp-content\/uploads\/2021\/05\/20210512-Presentacion-del-Libro-Comunicacion-y-Psicologia-150x150.jpg"},"medium_large":{"width":768,"height":432,"mime-type":"image\/jpeg","url":"https:\/\/www.academiapsicologia.com\/wp-content\/uploads\/2021\/05\/20210512-Presentacion-del-Libro-Comunicacion-y-Psicologia-768x432.jpg"},"blog-large":{"width":669,"height":272,"mime-type":"image\/jpeg","url":"https:\/\/www.academiapsicologia.com\/wp-content\/uploads\/2021\/05\/20210512-Presentacion-del-Libro-Comunicacion-y-Psicologia-669x272.jpg"},"blog-medium":{"width":320,"height":202,"mime-type":"image\/jpeg","url":"https:\/\/www.academiapsicologia.com\/wp-content\/uploads\/2021\/05\/20210512-Presentacion-del-Libro-Comunicacion-y-Psicologia-320x202.jpg"},"recent-posts":{"width":700,"height":441,"mime-type":"image\/jpeg","url":"https:\/\/www.academiapsicologia.com\/wp-content\/uploads\/2021\/05\/20210512-Presentacion-del-Libro-Comunicacion-y-Psicologia-700x441.jpg"},"recent-works-thumbnail":{"width":66,"height":66,"mime-type":"image\/jpeg","url":"https:\/\/www.academiapsicologia.com\/wp-content\/uploads\/2021\/05\/20210512-Presentacion-del-Libro-Comunicacion-y-Psicologia-66x66.jpg"},"fusion-200":{"width":200,"height":113,"mime-type":"image\/jpeg","url":"https:\/\/www.academiapsicologia.com\/wp-content\/uploads\/2021\/05\/20210512-Presentacion-del-Libro-Comunicacion-y-Psicologia-200x113.jpg"},"fusion-400":{"width":400,"height":225,"mime-type":"image\/jpeg","url":"https:\/\/www.academiapsicologia.com\/wp-content\/uploads\/2021\/05\/20210512-Presentacion-del-Libro-Comunicacion-y-Psicologia-400x225.jpg"},"fusion-600":{"width":600,"height":338,"mime-type":"image\/jpeg","url":"https:\/\/www.academiapsicologia.com\/wp-content\/uploads\/2021\/05\/20210512-Presentacion-del-Libro-Comunicacion-y-Psicologia-600x338.jpg"},"fusion-800":{"width":800,"height":450,"mime-type":"image\/jpeg","url":"https:\/\/www.academiapsicologia.com\/wp-content\/uploads\/2021\/05\/20210512-Presentacion-del-Libro-Comunicacion-y-Psicologia-800x450.jpg"},"portfolio-full":{"width":940,"height":400,"mime-type":"image\/jpeg","url":"https:\/\/www.academiapsicologia.com\/wp-content\/uploads\/2021\/05\/20210512-Presentacion-del-Libro-Comunicacion-y-Psicologia-940x400.jpg"},"portfolio-one":{"width":540,"height":272,"mime-type":"image\/jpeg","url":"https:\/\/www.academiapsicologia.com\/wp-content\/uploads\/2021\/05\/20210512-Presentacion-del-Libro-Comunicacion-y-Psicologia-540x272.jpg"},"portfolio-two":{"width":460,"height":295,"mime-type":"image\/jpeg","url":"https:\/\/www.academiapsicologia.com\/wp-content\/uploads\/2021\/05\/20210512-Presentacion-del-Libro-Comunicacion-y-Psicologia-460x295.jpg"},"portfolio-three":{"width":300,"height":214,"mime-type":"image\/jpeg","url":"https:\/\/www.academiapsicologia.com\/wp-content\/uploads\/2021\/05\/20210512-Presentacion-del-Libro-Comunicacion-y-Psicologia-300x214.jpg"},"portfolio-five":{"width":177,"height":142,"mime-type":"image\/jpeg","url":"https:\/\/www.academiapsicologia.com\/wp-content\/uploads\/2021\/05\/20210512-Presentacion-del-Libro-Comunicacion-y-Psicologia-177x142.jpg"}}},"all_day":false,"start_date":"2021-05-12 19:00:00","start_date_details":{"year":"2021","month":"05","day":"12","hour":"19","minutes":"00","seconds":"00"},"end_date":"2021-05-12 20:30:00","end_date_details":{"year":"2021","month":"05","day":"12","hour":"20","minutes":"30","seconds":"00"},"utc_start_date":"2021-05-12 17:00:00","utc_start_date_details":{"year":"2021","month":"05","day":"12","hour":"17","minutes":"00","seconds":"00"},"utc_end_date":"2021-05-12 18:30:00","utc_end_date_details":{"year":"2021","month":"05","day":"12","hour":"18","minutes":"30","seconds":"00"},"timezone":"Europe\/Madrid","timezone_abbr":"CEST","cost":"","cost_details":{"currency_symbol":"","currency_position":"prefix","values":[]},"website":"https:\/\/zoom.us\/meeting\/register\/tJ0pduuhrjorH9JLSXNQbyAUW7YwoyG2t9jT","show_map":true,"show_map_link":true,"hide_from_listings":false,"sticky":false,"featured":false,"categories":[],"tags":[],"venue":[],"organizer":[{"id":22,"author":"1","status":"publish","date":"2021-02-05 12:21:14","date_utc":"2021-02-05 12:21:14","modified":"2021-02-05 12:21:14","modified_utc":"2021-02-05 12:21:14","url":"https:\/\/www.academiapsicologia.com\/index.php\/organizador\/academia-de-psicologia-de-espana\/","organizer":"Academia de Psicolog\u00eda de Espa\u00f1a","slug":"academia-de-psicologia-de-espana","phone":"+34 658 131 700","website":"https:\/\/www.academiapsicologia.com\/","email":"secretaria@academiadepsicologia.es","json_ld":{"@type":"Person","name":"Academia de Psicolog\u00eda de Espa\u00f1a","description":"","url":"https:\/\/www.academiapsicologia.com\/","telephone":"+34 658 131 700","email":"&#115;&#101;cretaria&#64;a&#99;&#97;d&#101;mia&#100;ep&#115;i&#99;ol&#111;&#103;&#105;&#97;.&#101;s","sameAs":"https:\/\/www.academiapsicologia.com\/"},"global_id":"www.academiapsicologia.com?id=22","global_id_lineage":["www.academiapsicologia.com?id=22"]}],"json_ld":{"@context":"http:\/\/schema.org","@type":"Event","name":"Presentaci\u00f3n de la colecci\u00f3n de libros de la Academia \u00abMonograf\u00edas de Psicolog\u00eda\u00bb","description":"&lt;p&gt;WEBINAR DE LA APE Presentaci\u00f3n del libro, &quot;Comunicaci\u00f3n y Psicolog\u00eda&quot;  [...]&lt;\/p&gt;\\n","image":"https:\/\/www.academiapsicologia.com\/wp-content\/uploads\/2021\/05\/20210512-Presentacion-del-Libro-Comunicacion-y-Psicologia.jpg","url":"https:\/\/www.academiapsicologia.com\/index.php\/event\/presentacion-de-la-coleccion-de-libros-de-la-academia-monografias-de-psicologia\/","eventAttendanceMode":"https:\/\/schema.org\/OfflineEventAttendanceMode","startDate":"2021-05-12T19:00:00+02:00","endDate":"2021-05-12T20:30:00+02:00","organizer":{"@type":"Person","name":"Academia de Psicolog\u00eda de Espa\u00f1a","description":"","url":"https:\/\/www.academiapsicologia.com\/","telephone":"+34 658 131 700","email":"sec&#114;&#101;t&#97;&#114;ia&#64;a&#99;&#97;&#100;em&#105;ad&#101;psi&#99;&#111;l&#111;g&#105;a.es","sameAs":"https:\/\/www.academiapsicologia.com\/"},"performer":"Organization"}}