{"id":980,"global_id":"www.academiapsicologia.com?id=980","global_id_lineage":["www.academiapsicologia.com?id=980"],"author":"1","status":"publish","date":"2021-06-11 11:31:09","date_utc":"2021-06-11 09:31:09","modified":"2021-07-09 13:29:55","modified_utc":"2021-07-09 11:29:55","url":"https:\/\/www.academiapsicologia.com\/index.php\/event\/los-miercoles-con-la-academia-competencias-digitales-y-digitalizadas-en-contextos-de-teletrabajo-aportaciones-de-la-psicologia\/","rest_url":"https:\/\/www.academiapsicologia.com\/index.php\/wp-json\/tribe\/events\/v1\/events\/980","title":"Los Mi\u00e9rcoles con la Academia &#8211; Competencias digitales y digitalizadas en contextos de teletrabajo. Aportaciones de la psicolog\u00eda","description":"<h1><strong>WEBINAR DE LA APE<\/strong><\/h1>\n<p><b>Moderadora:<\/b><\/p>\n<p><strong>Dra. Araceli Maci\u00e1<\/strong><br \/>\n<i>Acad\u00e9mica de N\u00famero de la APE <\/i><\/p>\n<p><b>Interviene:<\/b><\/p>\n<p><strong>Dr. Jos\u00e9 Mar\u00eda Peir\u00f3<\/strong><br \/>\n<i>Acad\u00e9mico de N\u00famero de la APE <\/i><\/p>\n<div class=\"fusion-button-wrapper\"><a class=\"fusion-button button-flat fusion-button-default-size button-custom fusion-button-default button-1 fusion-button-default-span fusion-button-default-type\" style=\"--button_accent_color:#ffffff;--button_border_color:#8a5e9e;--button_accent_hover_color:#000000;--button_border_hover_color:#000000;--button_gradient_top_color:#b67cd1;--button_gradient_bottom_color:#b67cd1;--button_gradient_top_color_hover:#b67cd1;--button_gradient_bottom_color_hover:#b67cd1;\" target=\"_blank\" rel=\"noopener noreferrer\" href=\"https:\/\/www.academiapsicologia.com\/wp-content\/uploads\/2021\/06\/20210623-Conferencia-Competencias-Digitales-y-Digitalizadas.pdf\"><i class=\"fa-info-circle fas button-icon-left\" aria-hidden=\"true\"><\/i><span class=\"fusion-button-text\">DESCARGAR PROGRAMA<\/span><\/a><\/div>\n<p>&nbsp;<\/p>\n<div align=\"center\"><iframe title=\"YouTube video player\" src=\"https:\/\/www.youtube.com\/embed\/JwusP0zLI-g\" width=\"560\" height=\"315\" frameborder=\"0\" allowfullscreen=\"allowfullscreen\"><span data-mce-type=\"bookmark\" style=\"display: inline-block; width: 0px; overflow: hidden; line-height: 0;\" class=\"mce_SELRES_start\">\ufeff<\/span><\/iframe><\/div>","excerpt":"","slug":"los-miercoles-con-la-academia-competencias-digitales-y-digitalizadas-en-contextos-de-teletrabajo-aportaciones-de-la-psicologia","image":{"url":"https:\/\/www.academiapsicologia.com\/wp-content\/uploads\/2021\/06\/20210623-Conferencia-Competencias-Digitales-y-Digitalizadas.jpg","id":978,"extension":"jpg","width":1000,"height":563,"sizes":{"medium":{"width":300,"height":169,"mime-type":"image\/jpeg","url":"https:\/\/www.academiapsicologia.com\/wp-content\/uploads\/2021\/06\/20210623-Conferencia-Competencias-Digitales-y-Digitalizadas-300x169.jpg"},"thumbnail":{"width":150,"height":150,"mime-type":"image\/jpeg","url":"https:\/\/www.academiapsicologia.com\/wp-content\/uploads\/2021\/06\/20210623-Conferencia-Competencias-Digitales-y-Digitalizadas-150x150.jpg"},"medium_large":{"width":768,"height":432,"mime-type":"image\/jpeg","url":"https:\/\/www.academiapsicologia.com\/wp-content\/uploads\/2021\/06\/20210623-Conferencia-Competencias-Digitales-y-Digitalizadas-768x432.jpg"},"blog-large":{"width":669,"height":272,"mime-type":"image\/jpeg","url":"https:\/\/www.academiapsicologia.com\/wp-content\/uploads\/2021\/06\/20210623-Conferencia-Competencias-Digitales-y-Digitalizadas-669x272.jpg"},"blog-medium":{"width":320,"height":202,"mime-type":"image\/jpeg","url":"https:\/\/www.academiapsicologia.com\/wp-content\/uploads\/2021\/06\/20210623-Conferencia-Competencias-Digitales-y-Digitalizadas-320x202.jpg"},"recent-posts":{"width":700,"height":441,"mime-type":"image\/jpeg","url":"https:\/\/www.academiapsicologia.com\/wp-content\/uploads\/2021\/06\/20210623-Conferencia-Competencias-Digitales-y-Digitalizadas-700x441.jpg"},"recent-works-thumbnail":{"width":66,"height":66,"mime-type":"image\/jpeg","url":"https:\/\/www.academiapsicologia.com\/wp-content\/uploads\/2021\/06\/20210623-Conferencia-Competencias-Digitales-y-Digitalizadas-66x66.jpg"},"fusion-200":{"width":200,"height":113,"mime-type":"image\/jpeg","url":"https:\/\/www.academiapsicologia.com\/wp-content\/uploads\/2021\/06\/20210623-Conferencia-Competencias-Digitales-y-Digitalizadas-200x113.jpg"},"fusion-400":{"width":400,"height":225,"mime-type":"image\/jpeg","url":"https:\/\/www.academiapsicologia.com\/wp-content\/uploads\/2021\/06\/20210623-Conferencia-Competencias-Digitales-y-Digitalizadas-400x225.jpg"},"fusion-600":{"width":600,"height":338,"mime-type":"image\/jpeg","url":"https:\/\/www.academiapsicologia.com\/wp-content\/uploads\/2021\/06\/20210623-Conferencia-Competencias-Digitales-y-Digitalizadas-600x338.jpg"},"fusion-800":{"width":800,"height":450,"mime-type":"image\/jpeg","url":"https:\/\/www.academiapsicologia.com\/wp-content\/uploads\/2021\/06\/20210623-Conferencia-Competencias-Digitales-y-Digitalizadas-800x450.jpg"},"portfolio-full":{"width":940,"height":400,"mime-type":"image\/jpeg","url":"https:\/\/www.academiapsicologia.com\/wp-content\/uploads\/2021\/06\/20210623-Conferencia-Competencias-Digitales-y-Digitalizadas-940x400.jpg"},"portfolio-one":{"width":540,"height":272,"mime-type":"image\/jpeg","url":"https:\/\/www.academiapsicologia.com\/wp-content\/uploads\/2021\/06\/20210623-Conferencia-Competencias-Digitales-y-Digitalizadas-540x272.jpg"},"portfolio-two":{"width":460,"height":295,"mime-type":"image\/jpeg","url":"https:\/\/www.academiapsicologia.com\/wp-content\/uploads\/2021\/06\/20210623-Conferencia-Competencias-Digitales-y-Digitalizadas-460x295.jpg"},"portfolio-three":{"width":300,"height":214,"mime-type":"image\/jpeg","url":"https:\/\/www.academiapsicologia.com\/wp-content\/uploads\/2021\/06\/20210623-Conferencia-Competencias-Digitales-y-Digitalizadas-300x214.jpg"},"portfolio-five":{"width":177,"height":142,"mime-type":"image\/jpeg","url":"https:\/\/www.academiapsicologia.com\/wp-content\/uploads\/2021\/06\/20210623-Conferencia-Competencias-Digitales-y-Digitalizadas-177x142.jpg"}}},"all_day":false,"start_date":"2021-06-23 19:00:00","start_date_details":{"year":"2021","month":"06","day":"23","hour":"19","minutes":"00","seconds":"00"},"end_date":"2021-06-23 20:30:00","end_date_details":{"year":"2021","month":"06","day":"23","hour":"20","minutes":"30","seconds":"00"},"utc_start_date":"2021-06-23 17:00:00","utc_start_date_details":{"year":"2021","month":"06","day":"23","hour":"17","minutes":"00","seconds":"00"},"utc_end_date":"2021-06-23 18:30:00","utc_end_date_details":{"year":"2021","month":"06","day":"23","hour":"18","minutes":"30","seconds":"00"},"timezone":"Europe\/Madrid","timezone_abbr":"CEST","cost":"","cost_details":{"currency_symbol":"","currency_position":"prefix","values":[]},"website":"https:\/\/zoom.us\/meeting\/register\/tJAsd--qpzwpE9c5HY5rJUq5giAPSvqKtsE1","show_map":false,"show_map_link":false,"hide_from_listings":false,"sticky":false,"featured":false,"categories":[],"tags":[],"venue":[],"organizer":[],"json_ld":{"@context":"http:\/\/schema.org","@type":"Event","name":"Los Mi\u00e9rcoles con la Academia &#8211; Competencias digitales y digitalizadas en contextos de teletrabajo. Aportaciones de la psicolog\u00eda","description":"&lt;p&gt;WEBINAR DE LA APE Moderadora: Dra. Araceli Maci\u00e1 Acad\u00e9mica de  [...]&lt;\/p&gt;\\n","image":"https:\/\/www.academiapsicologia.com\/wp-content\/uploads\/2021\/06\/20210623-Conferencia-Competencias-Digitales-y-Digitalizadas.jpg","url":"https:\/\/www.academiapsicologia.com\/index.php\/event\/los-miercoles-con-la-academia-competencias-digitales-y-digitalizadas-en-contextos-de-teletrabajo-aportaciones-de-la-psicologia\/","eventAttendanceMode":"https:\/\/schema.org\/OfflineEventAttendanceMode","startDate":"2021-06-23T19:00:00+02:00","endDate":"2021-06-23T20:30:00+02:00","performer":"Organization"}}