{"id":1012,"date":"2021-08-31T10:06:48","date_gmt":"2021-08-31T08:06:48","guid":{"rendered":"https:\/\/www.academiapsicologia.com\/?p=1012"},"modified":"2021-08-31T10:06:48","modified_gmt":"2021-08-31T08:06:48","slug":"el-presente-y-el-futuro-de-la-psicologia-espanola-28-03-2019","status":"publish","type":"post","link":"https:\/\/www.academiapsicologia.com\/index.php\/2021\/08\/31\/el-presente-y-el-futuro-de-la-psicologia-espanola-28-03-2019\/","title":{"rendered":"El presente y el futuro de la psicolog\u00eda espa\u00f1ola (28\/03\/2019)"},"content":{"rendered":"<h4><strong>Intervienen:<\/strong><\/h4>\n<h4><strong>Ana I. Vergara Iraeta<\/strong><br \/>\n<em>Presidenta Conferencia de Decanos y Decanas de Psicolog\u00eda de las Universidades Espa\u00f1olas (CDPUE)<\/em><\/h4>\n<h4><strong>Francisco Santolaya Ochando<\/strong><br \/>\n<em>Presidente del Consejo General de la Psicolog\u00eda de Espa\u00f1a<\/em><\/h4>\n<h4><strong>Jes\u00fas Rodr\u00edguez Mar\u00edn<\/strong><br \/>\n<em>Director Biblioteca. Academia de Psicolog\u00eda de Espa\u00f1a<\/em><\/h4>\n<h4><strong>M\u00aa Virtudes P\u00e9rez Jover (moderadora)<\/strong><br \/>\n<em>Vicedecana de Grado en Psicolog\u00eda UMH<\/em><\/h4>\n","protected":false},"excerpt":{"rendered":"<p>Intervienen: Ana I. Vergara Iraeta Presidenta Conferencia de Decanos y  [&#8230;]<\/p>\n","protected":false},"author":1,"featured_media":0,"comment_status":"closed","ping_status":"open","sticky":false,"template":"","format":"standard","meta":{"footnotes":""},"categories":[4],"tags":[],"class_list":["post-1012","post","type-post","status-publish","format-standard","hentry","category-mesas-redondas"],"_links":{"self":[{"href":"https:\/\/www.academiapsicologia.com\/index.php\/wp-json\/wp\/v2\/posts\/1012","targetHints":{"allow":["GET"]}}],"collection":[{"href":"https:\/\/www.academiapsicologia.com\/index.php\/wp-json\/wp\/v2\/posts"}],"about":[{"href":"https:\/\/www.academiapsicologia.com\/index.php\/wp-json\/wp\/v2\/types\/post"}],"author":[{"embeddable":true,"href":"https:\/\/www.academiapsicologia.com\/index.php\/wp-json\/wp\/v2\/users\/1"}],"replies":[{"embeddable":true,"href":"https:\/\/www.academiapsicologia.com\/index.php\/wp-json\/wp\/v2\/comments?post=1012"}],"version-history":[{"count":2,"href":"https:\/\/www.academiapsicologia.com\/index.php\/wp-json\/wp\/v2\/posts\/1012\/revisions"}],"predecessor-version":[{"id":1014,"href":"https:\/\/www.academiapsicologia.com\/index.php\/wp-json\/wp\/v2\/posts\/1012\/revisions\/1014"}],"wp:attachment":[{"href":"https:\/\/www.academiapsicologia.com\/index.php\/wp-json\/wp\/v2\/media?parent=1012"}],"wp:term":[{"taxonomy":"category","embeddable":true,"href":"https:\/\/www.academiapsicologia.com\/index.php\/wp-json\/wp\/v2\/categories?post=1012"},{"taxonomy":"post_tag","embeddable":true,"href":"https:\/\/www.academiapsicologia.com\/index.php\/wp-json\/wp\/v2\/tags?post=1012"}],"curies":[{"name":"wp","href":"https:\/\/api.w.org\/{rel}","templated":true}]}}