{"id":112,"date":"2020-11-23T12:31:22","date_gmt":"2020-11-23T11:31:22","guid":{"rendered":"https:\/\/www.academiapsicologia.com\/?p=112"},"modified":"2021-02-08T13:20:38","modified_gmt":"2021-02-08T12:20:38","slug":"la-universidad-nacional-federico-villareal-de-lima-peru-va-a-realizar-un-reconocimiento-a-los-profesores-jose-muniz-y-jose-ma-peiro","status":"publish","type":"post","link":"https:\/\/www.academiapsicologia.com\/index.php\/2020\/11\/23\/la-universidad-nacional-federico-villareal-de-lima-peru-va-a-realizar-un-reconocimiento-a-los-profesores-jose-muniz-y-jose-ma-peiro\/","title":{"rendered":"La universidad Nacional Federico Villareal de Lima (Per\u00fa) va a realizar un reconocimiento a los profesores Jos\u00e9 Mu\u00f1iz y Jos\u00e9 M\u00aa Peiro"},"content":{"rendered":"<div align=\"justify\">En el marco de la VII Conferencia internacional de Psicolog\u00eda. La universidad Nacional Federico Villareal de Lima (Per\u00fa) va a realizar un reconocimiento a los profesores Jos\u00e9 Mu\u00f1iz (24 Noviembre) y Jos\u00e9 M\u00aa Peiro (23 de Noviembre). Horario 12 horas (Per\u00fa) y 18 horas (Espa\u00f1a).<\/div>\n<p>&nbsp;<\/p>\n<div align=\"center\"><div class=\"fusion-button-wrapper\"><a class=\"fusion-button button-flat fusion-button-default-size button-custom fusion-button-default button-1 fusion-button-default-span fusion-button-default-type\" style=\"--button_accent_color:#ffffff;--button_border_color:#8a5e9e;--button_accent_hover_color:#000000;--button_border_hover_color:#000000;--button_gradient_top_color:#b67cd1;--button_gradient_bottom_color:#b67cd1;--button_gradient_top_color_hover:#b67cd1;--button_gradient_bottom_color_hover:#b67cd1;\" target=\"_blank\" rel=\"noopener noreferrer\" href=\"https:\/\/www.academiapsicologia.com\/wp-content\/uploads\/2021\/02\/VII-Conferencia-Internacional-UNFV.pdf\"><i class=\"fa-info-circle fas button-icon-left\" aria-hidden=\"true\"><\/i><span class=\"fusion-button-text\">DESCARGAR PROGRAMA<\/span><\/a><\/div><\/div>\n","protected":false},"excerpt":{"rendered":"<p>En el marco de la VII Conferencia internacional de Psicolog\u00eda.  [&#8230;]<\/p>\n","protected":false},"author":1,"featured_media":113,"comment_status":"closed","ping_status":"open","sticky":false,"template":"","format":"standard","meta":{"footnotes":""},"categories":[6],"tags":[],"class_list":["post-112","post","type-post","status-publish","format-standard","has-post-thumbnail","hentry","category-noticias"],"_links":{"self":[{"href":"https:\/\/www.academiapsicologia.com\/index.php\/wp-json\/wp\/v2\/posts\/112","targetHints":{"allow":["GET"]}}],"collection":[{"href":"https:\/\/www.academiapsicologia.com\/index.php\/wp-json\/wp\/v2\/posts"}],"about":[{"href":"https:\/\/www.academiapsicologia.com\/index.php\/wp-json\/wp\/v2\/types\/post"}],"author":[{"embeddable":true,"href":"https:\/\/www.academiapsicologia.com\/index.php\/wp-json\/wp\/v2\/users\/1"}],"replies":[{"embeddable":true,"href":"https:\/\/www.academiapsicologia.com\/index.php\/wp-json\/wp\/v2\/comments?post=112"}],"version-history":[{"count":6,"href":"https:\/\/www.academiapsicologia.com\/index.php\/wp-json\/wp\/v2\/posts\/112\/revisions"}],"predecessor-version":[{"id":123,"href":"https:\/\/www.academiapsicologia.com\/index.php\/wp-json\/wp\/v2\/posts\/112\/revisions\/123"}],"wp:featuredmedia":[{"embeddable":true,"href":"https:\/\/www.academiapsicologia.com\/index.php\/wp-json\/wp\/v2\/media\/113"}],"wp:attachment":[{"href":"https:\/\/www.academiapsicologia.com\/index.php\/wp-json\/wp\/v2\/media?parent=112"}],"wp:term":[{"taxonomy":"category","embeddable":true,"href":"https:\/\/www.academiapsicologia.com\/index.php\/wp-json\/wp\/v2\/categories?post=112"},{"taxonomy":"post_tag","embeddable":true,"href":"https:\/\/www.academiapsicologia.com\/index.php\/wp-json\/wp\/v2\/tags?post=112"}],"curies":[{"name":"wp","href":"https:\/\/api.w.org\/{rel}","templated":true}]}}