{"id":1147,"date":"2021-11-22T16:37:44","date_gmt":"2021-11-22T15:37:44","guid":{"rendered":"https:\/\/www.academiapsicologia.com\/?p=1147"},"modified":"2022-01-18T15:08:36","modified_gmt":"2022-01-18T14:08:36","slug":"encuentros-en-la-fundacion-fidap-27-05-2021-16-12-2021","status":"publish","type":"post","link":"https:\/\/www.academiapsicologia.com\/index.php\/2021\/11\/22\/encuentros-en-la-fundacion-fidap-27-05-2021-16-12-2021\/","title":{"rendered":"Encuentros en la Fundaci\u00f3n FIDAP (27\/05\/2021 &#8211; 16\/12\/2021)"},"content":{"rendered":"<p>Desde la Fundaci\u00f3n FIDAP os invitamos todos los jueves a nuestro espacio \u201cEncuentros en la Fundaci\u00f3n\u201d. Con motivo de la inauguraci\u00f3n de estos encuentros participar\u00e1n Psic\u00f3logos\/as y Acad\u00e9micos de reconocido prestigio, a continuaci\u00f3n la programaci\u00f3n:<\/p>\n<ul>\n<li><strong>27\/05\/2021 &#8211; WEBINAR: \u201cEL BELLO RETO DE EDUCAR\u201d<\/strong><\/li>\n<\/ul>\n<p style=\"padding-left: 40px;\">Impartida por: <strong>Dr. D. Javier Urra<\/strong><\/p>\n<div align=\"center\"><iframe title=\"YouTube video player\" src=\"https:\/\/www.youtube.com\/embed\/C7U0dREd26c\" width=\"560\" height=\"315\" frameborder=\"0\" allowfullscreen=\"allowfullscreen\" data-mce-fragment=\"1\"><\/iframe><\/div>\n<ul>\n<li><strong>3\/06\/2021 &#8211; WEBINAR: \u201cDIEZ COSAS QUE TODO PSIC\u00d3LOGO DEBE SABER SOBRE EL TRATAMIENTO DE LOS TRASTORNOS MENTALES EN V\u00cdCTIMAS DEL TERRORISMO\u201d<\/strong><\/li>\n<\/ul>\n<p style=\"padding-left: 40px;\">Impartida por: <strong>Dra. D\u00aa M\u00aa Paz Garc\u00eda Vera<\/strong><\/p>\n<div align=\"center\"><iframe title=\"YouTube video player\" src=\"https:\/\/www.youtube.com\/embed\/alAdVvoZG8s\" width=\"560\" height=\"315\" frameborder=\"0\" allowfullscreen=\"allowfullscreen\" data-mce-fragment=\"1\"><span data-mce-type=\"bookmark\" style=\"display: inline-block; width: 0px; overflow: hidden; line-height: 0;\" class=\"mce_SELRES_start\">\ufeff<\/span><\/iframe><\/div>\n<ul>\n<li><strong>17\/06\/2021 &#8211; WEBINAR: \u201cLUIS SIMARRO, PRIMER CATEDR\u00c1TICO DE PSICOLOG\u00cdA. UN CENTENARIO: 1921-2021\u201d<\/strong><\/li>\n<\/ul>\n<p style=\"padding-left: 40px;\">Impartida por: <strong>Dr. D. Heliodoro Carpintero Capell<\/strong><\/p>\n<div align=\"center\"><iframe title=\"YouTube video player\" src=\"https:\/\/www.youtube.com\/embed\/kFsRvJpdwXQ\" width=\"560\" height=\"315\" frameborder=\"0\" allowfullscreen=\"allowfullscreen\" data-mce-fragment=\"1\"><\/iframe><\/div>\n<ul>\n<li><strong>23\/09\/2021 &#8211; <a href=\"https:\/\/www.academiapsicologia.com\/wp-content\/uploads\/2021\/09\/FIDAP_Webinar_Dra_M_Teresa_Anguera_Argilaga_20210923.pdf\" target=\"_blank\" rel=\"noopener\">WEBINAR: \u201cEL AMPLIO POTENCIAL DE LA ENTREVISTA EN PROFUNDIDAD: INCIDENCIA DE LOS MIXED METHODS\u201d<\/a><\/strong><\/li>\n<\/ul>\n<p style=\"padding-left: 40px;\">Impartida por: <strong>Dra. D\u00aa M\u00aa Teresa Anguera Argilaga<\/strong><\/p>\n<div align=\"center\"><iframe title=\"YouTube video player\" src=\"https:\/\/www.youtube.com\/embed\/mLolKgb2oXQ\" width=\"560\" height=\"315\" frameborder=\"0\" allowfullscreen=\"allowfullscreen\" data-mce-fragment=\"1\"><\/iframe><\/div>\n<ul>\n<li><strong>7\/10\/2021 &#8211; <a href=\"https:\/\/www.academiapsicologia.com\/wp-content\/uploads\/2021\/10\/FIDAP_Webinar_Dr_M_Agustin_Dosil_Maceira_20211007.pdf\" target=\"_blank\" rel=\"noopener\">WEBINAR: \u201cLA EDUCACI\u00d3N Y LOS OBJETIVOS DEL DESARROLLO SOSTENIBLE. EL PACTO EDUCATIVO GLOBAL\u201d<\/a><\/strong><\/li>\n<\/ul>\n<p style=\"padding-left: 40px;\">Impartida por: <strong>Dr. D. Agust\u00edn Dosil Maceira<\/strong><\/p>\n<div align=\"center\"><iframe title=\"YouTube video player\" src=\"https:\/\/www.youtube.com\/embed\/dfcB0ExMpgw\" width=\"560\" height=\"315\" frameborder=\"0\" allowfullscreen=\"allowfullscreen\" data-mce-fragment=\"1\"><span data-mce-type=\"bookmark\" style=\"display: inline-block; width: 0px; overflow: hidden; line-height: 0;\" class=\"mce_SELRES_start\">\ufeff<\/span><\/iframe><\/div>\n<ul>\n<li><strong>28\/10\/2021 &#8211; <a href=\"https:\/\/www.academiapsicologia.com\/wp-content\/uploads\/2021\/10\/FIDAP_Webinar_Dr_Jose_Maria_Peiro_20211028.pdf\" target=\"_blank\" rel=\"noopener\">WEBINAR: \u201cEL DESARROLLO DE COMPETENCIAS EN LOS PROCESOS DE DIGITALIZACI\u00d3N. OPORTUNIDADES PARA LA PSICOLOG\u00cdA EN LOS PROGRAMAS NEXTGENERATION-EU\u201d<\/a><\/strong><\/li>\n<\/ul>\n<p style=\"padding-left: 40px;\">Impartida por: <strong>Dr. D. Jos\u00e9 M\u00aa Peir\u00f3 Silla<\/strong><\/p>\n<div align=\"center\"><iframe title=\"YouTube video player\" src=\"https:\/\/www.youtube.com\/embed\/d2mbA50qRLg\" width=\"560\" height=\"315\" frameborder=\"0\" allowfullscreen=\"allowfullscreen\" data-mce-fragment=\"1\"><span data-mce-type=\"bookmark\" style=\"display: inline-block; width: 0px; overflow: hidden; line-height: 0;\" class=\"mce_SELRES_start\">\ufeff<\/span><span data-mce-type=\"bookmark\" style=\"display: inline-block; width: 0px; overflow: hidden; line-height: 0;\" class=\"mce_SELRES_start\">\ufeff<\/span><\/iframe><\/div>\n<ul>\n<li><strong>4\/11\/2021 &#8211; <a href=\"https:\/\/www.academiapsicologia.com\/wp-content\/uploads\/2021\/10\/FIDAP_Webinar_Excma_Sra_Rectora_Mgfca_Maria_Vicenta_Mestre_Escriva_20211104.pdf\" target=\"_blank\" rel=\"noopener\">WEBINAR: \u201cLA PSICOLOG\u00cdA ANTE LOS ACTUALES PROYECTOS DE ORDENACI\u00d3N UNIVERSITARIA\u201d<\/a><\/strong><\/li>\n<\/ul>\n<p style=\"padding-left: 40px;\">Impartida por: <strong>Excma. Sra. Rectora Mgfca. M\u00aa Vicenta Mestre Escriv\u00e1<\/strong><\/p>\n<div align=\"center\"><iframe title=\"YouTube video player\" src=\"https:\/\/www.youtube.com\/embed\/O4x89B1SJyk\" width=\"560\" height=\"315\" frameborder=\"0\" allowfullscreen=\"allowfullscreen\" data-mce-fragment=\"1\"><\/iframe><\/div>\n<ul>\n<li><strong>18\/11\/2021 &#8211; <a href=\"https:\/\/www.academiapsicologia.com\/wp-content\/uploads\/2021\/11\/FIDAP_Webinar_Dr_Jose_Maria_Prieto_Zamora_20211118.pdf\" target=\"_blank\" rel=\"noopener\">WEBINAR: \u201cEL ROMPECABEZAS ANTROPOL\u00d3GICO, PSICOL\u00d3GICO Y RELIGIOSO DE LA MEDITACI\u00d3N\u201d<\/a><\/strong><\/li>\n<\/ul>\n<p style=\"padding-left: 40px;\">Impartida por: <strong>Dr. D. Jos\u00e9 M\u00aa Prieto Zamora<\/strong><\/p>\n<div align=\"center\"><iframe title=\"YouTube video player\" src=\"https:\/\/www.youtube.com\/embed\/dE5IXPwvFU0\" width=\"560\" height=\"315\" frameborder=\"0\" allowfullscreen=\"allowfullscreen\" data-mce-fragment=\"1\"><\/iframe><\/div>\n<ul>\n<li><strong>16\/12\/2021 &#8211; <a href=\"https:\/\/www.academiapsicologia.com\/wp-content\/uploads\/2021\/11\/FIDAP_Webinar_Dr_Jesus_Rodriguez_Marin_20211216.pdf\" target=\"_blank\" rel=\"noopener\">WEBINAR: \u201cPSICOLOG\u00cdA Y ENFERMEDAD CR\u00d3NICA\u201d<\/a><\/strong><\/li>\n<\/ul>\n<p style=\"padding-left: 40px;\">Impartida por: <strong>Dr. D. Jes\u00fas Rodr\u00edguez Mar\u00edn<\/strong><\/p>\n<div align=\"center\"><iframe title=\"YouTube video player\" src=\"https:\/\/www.youtube.com\/embed\/Y4z9y2yD51A\" width=\"560\" height=\"315\" frameborder=\"0\" allowfullscreen=\"allowfullscreen\" data-mce-fragment=\"1\"><span data-mce-type=\"bookmark\" style=\"display: inline-block; width: 0px; overflow: hidden; line-height: 0;\" class=\"mce_SELRES_start\">\ufeff<\/span><\/iframe><\/div>\n<ul>\n<li><strong>11\/01\/2022 &#8211; <a href=\"https:\/\/www.academiapsicologia.com\/wp-content\/uploads\/2021\/12\/FIDAP_Webinar_Dra_Alicia-Salvador-Fernandez_20220111.pdf\" target=\"_blank\" rel=\"noopener\">WEBINAR: \u201cEFECTOS DEL ESTR\u00c9S SOBRE LA MEMORIA. IMPORTANCIA DE LA EDAD\u201d<\/a><\/strong><\/li>\n<\/ul>\n<p style=\"padding-left: 40px;\">Impartida por: <strong>Dra. D\u00aa Alicia Salvador Fern\u00e1ndez-Montejo<\/strong><\/p>\n<div align=\"center\"><iframe title=\"YouTube video player\" src=\"https:\/\/www.youtube.com\/embed\/bJmXuJ7ySks\" width=\"560\" height=\"315\" frameborder=\"0\" allowfullscreen=\"allowfullscreen\" data-mce-fragment=\"1\"><span data-mce-type=\"bookmark\" style=\"display: inline-block; width: 0px; overflow: hidden; line-height: 0;\" class=\"mce_SELRES_start\">\ufeff<\/span><span data-mce-type=\"bookmark\" style=\"display: inline-block; width: 0px; overflow: hidden; line-height: 0;\" class=\"mce_SELRES_start\">\ufeff<\/span><\/iframe><\/div>\n<p>&nbsp;<\/p>\n<p><strong>Actividades organizadas en colaboraci\u00f3n con el Col\u00b7legi Oficial de Psicologia de la Comunitat Valenciana y la Academia de Psicolog\u00eda de Espa\u00f1a<\/strong><\/p>\n<div class=\"fusion-button-wrapper\"><a class=\"fusion-button button-flat fusion-button-default-size button-custom fusion-button-default button-1 fusion-button-default-span fusion-button-default-type\" style=\"--button_accent_color:#ffffff;--button_border_color:#8a5e9e;--button_accent_hover_color:#000000;--button_border_hover_color:#000000;--button_gradient_top_color:#b67cd1;--button_gradient_bottom_color:#b67cd1;--button_gradient_top_color_hover:#b67cd1;--button_gradient_bottom_color_hover:#b67cd1;\" target=\"_blank\" rel=\"noopener noreferrer\" href=\"https:\/\/www.academiapsicologia.com\/wp-content\/uploads\/2021\/06\/Encuentros-en-la-Fundacion-FIDAP.pdf\"><i class=\"fa-info-circle fas button-icon-left\" aria-hidden=\"true\"><\/i><span class=\"fusion-button-text\">DESCARGAR PROGRAMA<\/span><\/a><\/div>\n","protected":false},"excerpt":{"rendered":"<p>Desde la Fundaci\u00f3n FIDAP os invitamos todos los jueves a  [&#8230;]<\/p>\n","protected":false},"author":1,"featured_media":0,"comment_status":"closed","ping_status":"open","sticky":false,"template":"","format":"standard","meta":{"footnotes":""},"categories":[4],"tags":[],"class_list":["post-1147","post","type-post","status-publish","format-standard","hentry","category-mesas-redondas"],"_links":{"self":[{"href":"https:\/\/www.academiapsicologia.com\/index.php\/wp-json\/wp\/v2\/posts\/1147","targetHints":{"allow":["GET"]}}],"collection":[{"href":"https:\/\/www.academiapsicologia.com\/index.php\/wp-json\/wp\/v2\/posts"}],"about":[{"href":"https:\/\/www.academiapsicologia.com\/index.php\/wp-json\/wp\/v2\/types\/post"}],"author":[{"embeddable":true,"href":"https:\/\/www.academiapsicologia.com\/index.php\/wp-json\/wp\/v2\/users\/1"}],"replies":[{"embeddable":true,"href":"https:\/\/www.academiapsicologia.com\/index.php\/wp-json\/wp\/v2\/comments?post=1147"}],"version-history":[{"count":5,"href":"https:\/\/www.academiapsicologia.com\/index.php\/wp-json\/wp\/v2\/posts\/1147\/revisions"}],"predecessor-version":[{"id":1210,"href":"https:\/\/www.academiapsicologia.com\/index.php\/wp-json\/wp\/v2\/posts\/1147\/revisions\/1210"}],"wp:attachment":[{"href":"https:\/\/www.academiapsicologia.com\/index.php\/wp-json\/wp\/v2\/media?parent=1147"}],"wp:term":[{"taxonomy":"category","embeddable":true,"href":"https:\/\/www.academiapsicologia.com\/index.php\/wp-json\/wp\/v2\/categories?post=1147"},{"taxonomy":"post_tag","embeddable":true,"href":"https:\/\/www.academiapsicologia.com\/index.php\/wp-json\/wp\/v2\/tags?post=1147"}],"curies":[{"name":"wp","href":"https:\/\/api.w.org\/{rel}","templated":true}]}}