{"id":1198,"date":"2021-12-30T15:56:46","date_gmt":"2021-12-30T14:56:46","guid":{"rendered":"https:\/\/www.academiapsicologia.com\/?p=1198"},"modified":"2021-12-30T15:56:57","modified_gmt":"2021-12-30T14:56:57","slug":"homenaje-a-mariano-yela-en-el-centenario-de-su-nacimiento-15-12-2021","status":"publish","type":"post","link":"https:\/\/www.academiapsicologia.com\/index.php\/2021\/12\/30\/homenaje-a-mariano-yela-en-el-centenario-de-su-nacimiento-15-12-2021\/","title":{"rendered":"Homenaje a Mariano Yela en el centenario de su nacimiento (15\/12\/2021)"},"content":{"rendered":"<h3>Los Mi\u00e9rcoles con la Academia.<\/h3>\n<h4><strong>Dr. Jos\u00e9 Mu\u00f1iz Fern\u00e1ndez.<\/strong><br \/>\n<em>Acad\u00e9mico de N\u00famero de la Academia de Psicolog\u00eda de Espa\u00f1a.<\/em><\/h4>\n<h4><strong>Dr. Carlos Yela Garc\u00eda.<\/strong><br \/>\n<em>Profesor Titular de Psicolog\u00eda Social de la Universidad Complutense.<\/em><\/h4>\n<h4><strong>Dr. Heliodoro Carpintero Capell.<\/strong><br \/>\n<em>Acad\u00e9mico de N\u00famero y Presidente de la Academia de Psicolog\u00eda de Espa\u00f1a.<\/em><\/h4>\n<h4><strong>Dr. Marino P\u00e9rez \u00c1lvarez.<\/strong><br \/>\n<em>Acad\u00e9mico Electo de la Academia de Psicolog\u00eda de Espa\u00f1a.<\/em><\/h4>\n<h4><strong>Dr. Pere J. Ferrando.<\/strong><br \/>\n<em>Catedr\u00e1tico de Psicometr\u00eda de la Universidad Rovira i Virgili.<\/em><\/h4>\n","protected":false},"excerpt":{"rendered":"<p>Los Mi\u00e9rcoles con la Academia. Dr. Jos\u00e9 Mu\u00f1iz Fern\u00e1ndez. Acad\u00e9mico  [&#8230;]<\/p>\n","protected":false},"author":1,"featured_media":0,"comment_status":"closed","ping_status":"open","sticky":false,"template":"","format":"standard","meta":{"footnotes":""},"categories":[3],"tags":[],"class_list":["post-1198","post","type-post","status-publish","format-standard","hentry","category-los-miercoles-con-la-academia"],"_links":{"self":[{"href":"https:\/\/www.academiapsicologia.com\/index.php\/wp-json\/wp\/v2\/posts\/1198","targetHints":{"allow":["GET"]}}],"collection":[{"href":"https:\/\/www.academiapsicologia.com\/index.php\/wp-json\/wp\/v2\/posts"}],"about":[{"href":"https:\/\/www.academiapsicologia.com\/index.php\/wp-json\/wp\/v2\/types\/post"}],"author":[{"embeddable":true,"href":"https:\/\/www.academiapsicologia.com\/index.php\/wp-json\/wp\/v2\/users\/1"}],"replies":[{"embeddable":true,"href":"https:\/\/www.academiapsicologia.com\/index.php\/wp-json\/wp\/v2\/comments?post=1198"}],"version-history":[{"count":3,"href":"https:\/\/www.academiapsicologia.com\/index.php\/wp-json\/wp\/v2\/posts\/1198\/revisions"}],"predecessor-version":[{"id":1201,"href":"https:\/\/www.academiapsicologia.com\/index.php\/wp-json\/wp\/v2\/posts\/1198\/revisions\/1201"}],"wp:attachment":[{"href":"https:\/\/www.academiapsicologia.com\/index.php\/wp-json\/wp\/v2\/media?parent=1198"}],"wp:term":[{"taxonomy":"category","embeddable":true,"href":"https:\/\/www.academiapsicologia.com\/index.php\/wp-json\/wp\/v2\/categories?post=1198"},{"taxonomy":"post_tag","embeddable":true,"href":"https:\/\/www.academiapsicologia.com\/index.php\/wp-json\/wp\/v2\/tags?post=1198"}],"curies":[{"name":"wp","href":"https:\/\/api.w.org\/{rel}","templated":true}]}}