{"id":1211,"date":"2022-01-18T17:52:56","date_gmt":"2022-01-18T16:52:56","guid":{"rendered":"https:\/\/www.academiapsicologia.com\/?p=1211"},"modified":"2025-01-14T16:58:19","modified_gmt":"2025-01-14T15:58:19","slug":"obituario-carles-ballus-pascual","status":"publish","type":"post","link":"https:\/\/www.academiapsicologia.com\/index.php\/2022\/01\/18\/obituario-carles-ballus-pascual\/","title":{"rendered":"Obituario. Carles Ball\u00fas Pascual"},"content":{"rendered":"<div align=\"justify\">\n<p>El pasado viernes 28 de mayo de 2021, a los 92 a\u00f1os, falleci\u00f3 en Barcelona el Profesor Carlos Ball\u00fas Pascual, que fue catedr\u00e1tico de Psiquiatr\u00eda de la Universidad de Barcelona (UB) y director del Servicio de Psiquiatr\u00eda del Hospital Cl\u00ednic en la d\u00e9cada de los 80 y parte de los 90. Nacido en Nav\u00e0s (Barcelona) en 1928, fue licenciado y doctorado por la Universidad de Barcelona (UB) en 1958, y, sucesivamente, Profesor Agregado de Psicolog\u00eda (UB), de Psicolog\u00eda Fisiol\u00f3gica (U. Valencia) y de Psiquiatr\u00eda (UB), Catedr\u00e1tico de Psiquiatr\u00eda (U. de C\u00f3rdoba y de la UB). Y, finalmente, Profesor Em\u00e9rito (UB). Tambi\u00e9n fue miembro y directivo de varias Sociedades y Academias nacionales y extranjeras, entre las que se encuentra la Asociaci\u00f3n Europea de Psiquiatr\u00eda y la Real Academia Europea de Doctores. <a href=\"https:\/\/sepb.es\/quienes-somos\/historia\" target=\"_blank\" rel=\"noopener\">\u00a0El Prof. Ball\u00fas fue fundador de la SEPB, en 1974, y su Presidente, entre 1988 y 1992<\/a>.<\/p>\n<p>Fue autor y colaborador de numerosos libros y de cerca de 200 trabajos publicados en revistas de la especialidad sobre las bases biol\u00f3gicas de la psicolog\u00eda y de la psiquiatr\u00eda, los trastornos depresivos, psicofarmacolog\u00eda cl\u00ednica, medicina psicosom\u00e1tica, aspectos bio-psicosociales del enfermar, cuestiones relacionadas con la asistencia psiqui\u00e1trica y de formaci\u00f3n en psiquiatr\u00eda. Profesor visitante de varias universidades, fue llamado Doctor Honoris Causa de la Universidad Paul Sabatier de Toulouse y miembro de N\u00famero de la Real Academia de Medicina de Catalu\u00f1a y de la Real Academia de Doctores de Barcelona. Sus abundantes m\u00e9ritos profesionales no deber\u00edan ocultar sus grandes cualidades humanas: fue un hombre prudente y justo, humilde y amable con todo el mundo, muy querido en todos los \u00e1mbitos: familiar, asistencial (sus pacientes lo adoraban) y acad\u00e9mico.<\/p>\n<p>Descanse en paz.<\/p>\n<\/div>\n","protected":false},"excerpt":{"rendered":"<p>El pasado viernes 28 de mayo de 2021, a los  [&#8230;]<\/p>\n","protected":false},"author":1,"featured_media":1212,"comment_status":"closed","ping_status":"open","sticky":false,"template":"","format":"standard","meta":{"footnotes":""},"categories":[7,6],"tags":[],"class_list":["post-1211","post","type-post","status-publish","format-standard","has-post-thumbnail","hentry","category-in-memoriam","category-noticias"],"_links":{"self":[{"href":"https:\/\/www.academiapsicologia.com\/index.php\/wp-json\/wp\/v2\/posts\/1211","targetHints":{"allow":["GET"]}}],"collection":[{"href":"https:\/\/www.academiapsicologia.com\/index.php\/wp-json\/wp\/v2\/posts"}],"about":[{"href":"https:\/\/www.academiapsicologia.com\/index.php\/wp-json\/wp\/v2\/types\/post"}],"author":[{"embeddable":true,"href":"https:\/\/www.academiapsicologia.com\/index.php\/wp-json\/wp\/v2\/users\/1"}],"replies":[{"embeddable":true,"href":"https:\/\/www.academiapsicologia.com\/index.php\/wp-json\/wp\/v2\/comments?post=1211"}],"version-history":[{"count":2,"href":"https:\/\/www.academiapsicologia.com\/index.php\/wp-json\/wp\/v2\/posts\/1211\/revisions"}],"predecessor-version":[{"id":1214,"href":"https:\/\/www.academiapsicologia.com\/index.php\/wp-json\/wp\/v2\/posts\/1211\/revisions\/1214"}],"wp:featuredmedia":[{"embeddable":true,"href":"https:\/\/www.academiapsicologia.com\/index.php\/wp-json\/wp\/v2\/media\/1212"}],"wp:attachment":[{"href":"https:\/\/www.academiapsicologia.com\/index.php\/wp-json\/wp\/v2\/media?parent=1211"}],"wp:term":[{"taxonomy":"category","embeddable":true,"href":"https:\/\/www.academiapsicologia.com\/index.php\/wp-json\/wp\/v2\/categories?post=1211"},{"taxonomy":"post_tag","embeddable":true,"href":"https:\/\/www.academiapsicologia.com\/index.php\/wp-json\/wp\/v2\/tags?post=1211"}],"curies":[{"name":"wp","href":"https:\/\/api.w.org\/{rel}","templated":true}]}}