{"id":1386,"date":"2022-04-10T10:14:19","date_gmt":"2022-04-10T08:14:19","guid":{"rendered":"https:\/\/www.academiapsicologia.com\/?p=1386"},"modified":"2022-04-11T10:17:50","modified_gmt":"2022-04-11T08:17:50","slug":"la-academia-a-favor-de-la-libertad-de-pensar","status":"publish","type":"post","link":"https:\/\/www.academiapsicologia.com\/index.php\/2022\/04\/10\/la-academia-a-favor-de-la-libertad-de-pensar\/","title":{"rendered":"La Academia, a favor de la libertad de pensar"},"content":{"rendered":"<div align=\"justify\">\n<p>El pasado d\u00eda 7 de abril, en la Universidad de las Islas Baleares, se ha suspendido la presentaci\u00f3n de un libro cient\u00edfico de psicolog\u00eda, impidiendo gentes violentas la actuaci\u00f3n de los autores del mismo, los profesores Marino P\u00e9rez y Jos\u00e9 Errasti, de la Universidad de Oviedo. Ambos han publicado recientemente \u201c<em>Nadie nace en un cuerpo equivocado<\/em>\u201d, una obra importante sobre la problem\u00e1tica de g\u00e9nero, que aporta una reflexi\u00f3n seria sobre una cuesti\u00f3n de plena actualidad, y sobre la cual se iba a hablar.<\/p>\n<p>En el mundo de la ciencia, del pensamiento, de la cultura, los temas y las ideas son debatibles y se los debe examinar y discutir, pero siempre con argumentos, con razones y datos, y desde el pleno respeto a las personas.<\/p>\n<p>Esta Academia no puede sino protestar de que, en los \u00e1mbitos acad\u00e9micos y universitarios, donde debe dominar la libertad de pensamiento, el respeto a las ideas, y la discusi\u00f3n fundada racionalmente, tenga lugar una irrupci\u00f3n de una fuerza irresponsable y su imposici\u00f3n frente al ejercicio de la raz\u00f3n.<\/p>\n<p>Una sociedad democr\u00e1tica, que promueve con energ\u00eda la comunicaci\u00f3n, la informaci\u00f3n, el saber cient\u00edfico y t\u00e9cnico, y el respeto a la persona y a los pueblos, no puede permitir que presiones irracionales y violentas degraden nuestras instituciones y produzcan sonrojo y rechazo entre la ciudadan\u00eda.<\/p>\n<p>Invitamos a las autoridades acad\u00e9micas correspondientes, a sancionar este tipo de actos violentos que atentan contra el sentido mismo de la vida universitaria.<\/p>\n<\/div>\n","protected":false},"excerpt":{"rendered":"<p>El pasado d\u00eda 7 de abril, en la Universidad de  [&#8230;]<\/p>\n","protected":false},"author":1,"featured_media":1385,"comment_status":"closed","ping_status":"open","sticky":false,"template":"","format":"standard","meta":{"footnotes":""},"categories":[6],"tags":[],"class_list":["post-1386","post","type-post","status-publish","format-standard","has-post-thumbnail","hentry","category-noticias"],"_links":{"self":[{"href":"https:\/\/www.academiapsicologia.com\/index.php\/wp-json\/wp\/v2\/posts\/1386","targetHints":{"allow":["GET"]}}],"collection":[{"href":"https:\/\/www.academiapsicologia.com\/index.php\/wp-json\/wp\/v2\/posts"}],"about":[{"href":"https:\/\/www.academiapsicologia.com\/index.php\/wp-json\/wp\/v2\/types\/post"}],"author":[{"embeddable":true,"href":"https:\/\/www.academiapsicologia.com\/index.php\/wp-json\/wp\/v2\/users\/1"}],"replies":[{"embeddable":true,"href":"https:\/\/www.academiapsicologia.com\/index.php\/wp-json\/wp\/v2\/comments?post=1386"}],"version-history":[{"count":2,"href":"https:\/\/www.academiapsicologia.com\/index.php\/wp-json\/wp\/v2\/posts\/1386\/revisions"}],"predecessor-version":[{"id":1388,"href":"https:\/\/www.academiapsicologia.com\/index.php\/wp-json\/wp\/v2\/posts\/1386\/revisions\/1388"}],"wp:featuredmedia":[{"embeddable":true,"href":"https:\/\/www.academiapsicologia.com\/index.php\/wp-json\/wp\/v2\/media\/1385"}],"wp:attachment":[{"href":"https:\/\/www.academiapsicologia.com\/index.php\/wp-json\/wp\/v2\/media?parent=1386"}],"wp:term":[{"taxonomy":"category","embeddable":true,"href":"https:\/\/www.academiapsicologia.com\/index.php\/wp-json\/wp\/v2\/categories?post=1386"},{"taxonomy":"post_tag","embeddable":true,"href":"https:\/\/www.academiapsicologia.com\/index.php\/wp-json\/wp\/v2\/tags?post=1386"}],"curies":[{"name":"wp","href":"https:\/\/api.w.org\/{rel}","templated":true}]}}