{"id":1761,"date":"2022-09-30T17:51:00","date_gmt":"2022-09-30T15:51:00","guid":{"rendered":"https:\/\/www.academiapsicologia.com\/?p=1761"},"modified":"2022-11-14T17:58:36","modified_gmt":"2022-11-14T16:58:36","slug":"presentacion-del-libro-luis-simarro-y-sus-contemporaneos-23-09-2022","status":"publish","type":"post","link":"https:\/\/www.academiapsicologia.com\/index.php\/2022\/09\/30\/presentacion-del-libro-luis-simarro-y-sus-contemporaneos-23-09-2022\/","title":{"rendered":"Presentaci\u00f3n del libro \u00abLuis Simarro y sus contempor\u00e1neos\u00bb (23\/09\/2022)"},"content":{"rendered":"<p>Intervienen:<\/p>\n<ul>\n<li><strong>D\u00aa. Isabel Mar\u00eda Garc\u00eda Fern\u00e1ndez<\/strong> <em>(Vicerrectora de Cultura de la UCM)<\/em><\/li>\n<li><strong>D. Heliodoro Carpintero Capell<\/strong> <em>(Presidente de la Academia de Psicolog\u00eda de Espa\u00f1a y Catedr\u00e1tico jubilado de Psicolog\u00eda B\u00e1sica de la UCM)<\/em><\/li>\n<li><strong>D. Carlos Berzosa Alonso-Mart\u00ednez<\/strong> <em>(Catedr\u00e1tico Em\u00e9rito de Econom\u00eda Aplicada de la UCM. Presidente de la Comisi\u00f3n Espa\u00f1ola de Ayuda al Refugiado (CEAR))<\/em><\/li>\n<li><strong>D. Javier Campos Bueno<\/strong> <em>(Profesor Titular de Psicolog\u00eda Experimental de la Facultad de Psicolog\u00eda de la UCM)<\/em><\/li>\n<li><strong>D. Javier Bandr\u00e9s Ponce<\/strong> <em>(Autor del libro y Profesor Titular de la Facultad de Psicolog\u00eda de la UCM y Director del Legado Simarro de la UCM)<\/em><\/li>\n<\/ul>\n","protected":false},"excerpt":{"rendered":"<p>Intervienen: D\u00aa. Isabel Mar\u00eda Garc\u00eda Fern\u00e1ndez (Vicerrectora de Cultura de  [&#8230;]<\/p>\n","protected":false},"author":1,"featured_media":0,"comment_status":"closed","ping_status":"open","sticky":false,"template":"","format":"standard","meta":{"footnotes":""},"categories":[4],"tags":[],"class_list":["post-1761","post","type-post","status-publish","format-standard","hentry","category-mesas-redondas"],"_links":{"self":[{"href":"https:\/\/www.academiapsicologia.com\/index.php\/wp-json\/wp\/v2\/posts\/1761","targetHints":{"allow":["GET"]}}],"collection":[{"href":"https:\/\/www.academiapsicologia.com\/index.php\/wp-json\/wp\/v2\/posts"}],"about":[{"href":"https:\/\/www.academiapsicologia.com\/index.php\/wp-json\/wp\/v2\/types\/post"}],"author":[{"embeddable":true,"href":"https:\/\/www.academiapsicologia.com\/index.php\/wp-json\/wp\/v2\/users\/1"}],"replies":[{"embeddable":true,"href":"https:\/\/www.academiapsicologia.com\/index.php\/wp-json\/wp\/v2\/comments?post=1761"}],"version-history":[{"count":2,"href":"https:\/\/www.academiapsicologia.com\/index.php\/wp-json\/wp\/v2\/posts\/1761\/revisions"}],"predecessor-version":[{"id":1764,"href":"https:\/\/www.academiapsicologia.com\/index.php\/wp-json\/wp\/v2\/posts\/1761\/revisions\/1764"}],"wp:attachment":[{"href":"https:\/\/www.academiapsicologia.com\/index.php\/wp-json\/wp\/v2\/media?parent=1761"}],"wp:term":[{"taxonomy":"category","embeddable":true,"href":"https:\/\/www.academiapsicologia.com\/index.php\/wp-json\/wp\/v2\/categories?post=1761"},{"taxonomy":"post_tag","embeddable":true,"href":"https:\/\/www.academiapsicologia.com\/index.php\/wp-json\/wp\/v2\/tags?post=1761"}],"curies":[{"name":"wp","href":"https:\/\/api.w.org\/{rel}","templated":true}]}}