{"id":1767,"date":"2022-11-15T14:49:14","date_gmt":"2022-11-15T13:49:14","guid":{"rendered":"https:\/\/www.academiapsicologia.com\/?p=1767"},"modified":"2022-11-16T19:18:41","modified_gmt":"2022-11-16T18:18:41","slug":"jose-germain-refundador-de-la-psicologia-en-espana","status":"publish","type":"post","link":"https:\/\/www.academiapsicologia.com\/index.php\/2022\/11\/15\/jose-germain-refundador-de-la-psicologia-en-espana\/","title":{"rendered":"Jos\u00e9 Germain. Refundador de la psicolog\u00eda en Espa\u00f1a"},"content":{"rendered":"<div class=\"fusion-fullwidth fullwidth-box fusion-builder-row-1 fusion-flex-container nonhundred-percent-fullwidth non-hundred-percent-height-scrolling\" style=\"--awb-border-radius-top-left:0px;--awb-border-radius-top-right:0px;--awb-border-radius-bottom-right:0px;--awb-border-radius-bottom-left:0px;--awb-flex-wrap:wrap;\" ><div class=\"fusion-builder-row fusion-row fusion-flex-align-items-flex-start fusion-flex-content-wrap\" style=\"max-width:1248px;margin-left: calc(-4% \/ 2 );margin-right: calc(-4% \/ 2 );\"><div class=\"fusion-layout-column fusion_builder_column fusion-builder-column-0 fusion_builder_column_1_3 1_3 fusion-flex-column\" style=\"--awb-bg-size:cover;--awb-width-large:33.333333333333%;--awb-margin-top-large:0px;--awb-spacing-right-large:5.76%;--awb-margin-bottom-large:20px;--awb-spacing-left-large:5.76%;--awb-width-medium:33.333333333333%;--awb-order-medium:0;--awb-spacing-right-medium:5.76%;--awb-spacing-left-medium:5.76%;--awb-width-small:100%;--awb-order-small:0;--awb-spacing-right-small:1.92%;--awb-spacing-left-small:1.92%;\"><div class=\"fusion-column-wrapper fusion-column-has-shadow fusion-flex-justify-content-flex-start fusion-content-layout-column\"><div class=\"fusion-image-element \" style=\"text-align:center;--awb-caption-title-font-family:var(--h2_typography-font-family);--awb-caption-title-font-weight:var(--h2_typography-font-weight);--awb-caption-title-font-style:var(--h2_typography-font-style);--awb-caption-title-size:var(--h2_typography-font-size);--awb-caption-title-transform:var(--h2_typography-text-transform);--awb-caption-title-line-height:var(--h2_typography-line-height);--awb-caption-title-letter-spacing:var(--h2_typography-letter-spacing);\"><span class=\" fusion-imageframe imageframe-none imageframe-1 hover-type-none\"><img decoding=\"async\" width=\"186\" height=\"300\" title=\"Jos\u00e9 Germain, refundador de la Psicolog\u00eda en Espa\u00f1a 02\" src=\"https:\/\/www.academiapsicologia.com\/wp-content\/uploads\/2022\/11\/Jose-Germain-refundador-de-la-Psicologia-en-Espana-02-186x300.png\" alt class=\"img-responsive wp-image-1769\" srcset=\"https:\/\/www.academiapsicologia.com\/wp-content\/uploads\/2022\/11\/Jose-Germain-refundador-de-la-Psicologia-en-Espana-02-200x323.png 200w, https:\/\/www.academiapsicologia.com\/wp-content\/uploads\/2022\/11\/Jose-Germain-refundador-de-la-Psicologia-en-Espana-02-400x646.png 400w, https:\/\/www.academiapsicologia.com\/wp-content\/uploads\/2022\/11\/Jose-Germain-refundador-de-la-Psicologia-en-Espana-02.png 600w\" sizes=\"(max-width: 640px) 100vw, 400px\" \/><\/span><\/div><div class=\"fusion-text fusion-text-1\" style=\"--awb-text-transform:none;\"><p>por <strong>Helio Carpintero<\/strong>.<\/p>\n<ul>\n<li><strong>ISBN:<\/strong> 978-84-18316-19-7.<\/li>\n<li><strong>P\u00e1ginas:<\/strong> 120.<\/li>\n<li><strong>Dimensiones:<\/strong> 170 cm x 240 cm.<\/li>\n<li><strong>Encuadernaci\u00f3n:<\/strong> R\u00fastica.<\/li>\n<\/ul>\n<\/div><\/div><\/div><div class=\"fusion-layout-column fusion_builder_column fusion-builder-column-1 fusion_builder_column_2_3 2_3 fusion-flex-column\" style=\"--awb-bg-size:cover;--awb-width-large:66.666666666667%;--awb-margin-top-large:0px;--awb-spacing-right-large:2.88%;--awb-margin-bottom-large:20px;--awb-spacing-left-large:2.88%;--awb-width-medium:66.666666666667%;--awb-order-medium:0;--awb-spacing-right-medium:2.88%;--awb-spacing-left-medium:2.88%;--awb-width-small:100%;--awb-order-small:0;--awb-spacing-right-small:1.92%;--awb-spacing-left-small:1.92%;\"><div class=\"fusion-column-wrapper fusion-column-has-shadow fusion-flex-justify-content-flex-start fusion-content-layout-column\"><div class=\"fusion-text fusion-text-2\" style=\"--awb-text-transform:none;\"><div align=\"justify\">\n<div class=\"datos\">\n<h4 class=\"autor\">por <strong><cite><a href=\"http:\/\/www.editorialsanzytorres.com\/autores\/helio-carpintero\/921\/\">Helio Carpintero<\/a><\/cite><\/strong><\/h4>\n<ul>\n<li><strong>Editorial:<\/strong>\u00a0<a href=\"http:\/\/www.editorialsanzytorres.com\/editoriales\/sanz-y-torres-sl\/1\/\" target=\"_blank\" rel=\"noopener\">Sanz y Torres, S.L.<\/a><\/li>\n<li><strong>Edici\u00f3n:<\/strong>\u00a01\u00aa 2021<\/li>\n<li><strong>Colecci\u00f3n:<\/strong>\u00a0<a href=\"http:\/\/www.editorialsanzytorres.com\/colecciones\/clasicos-psicologia-ape\/336\/\" target=\"_blank\" rel=\"noopener\">Clasicos Psicolog\u00eda APE<\/a><\/li>\n<li><strong>N\u00famero Colecci\u00f3n:<\/strong>\u00a01<\/li>\n<li><strong>Idiomas:<\/strong>\u00a0Espa\u00f1ol, Castellano<\/li>\n<li><strong>Plaza de edici\u00f3n:<\/strong>\u00a0MADRID , Espa\u00f1a<\/li>\n<\/ul>\n<\/div>\n<div class=\"muestras\">\n<h4>MATERIAS:<\/h4>\n<ul>\n<li><a href=\"http:\/\/www.editorialsanzytorres.com\/libros\/materias\/ciencias-sociales-y-juridicas\/54\/\" target=\"_blank\" rel=\"noopener\">Ciencias Sociales y Jur\u00eddicas<\/a><span class=\"slash\">\u00a0\/\u00a0<\/span><a href=\"http:\/\/www.editorialsanzytorres.com\/libros\/materias\/ciencias-sociales-y-juridicas\/psicologia\/47\/\" target=\"_blank\" rel=\"noopener\">Psicolog\u00eda<\/a><span class=\"slash\">\u00a0\/\u00a0<\/span><a href=\"http:\/\/www.editorialsanzytorres.com\/libros\/materias\/ciencias-sociales-y-juridicas\/psicologia\/psicologia-social-y-de-las-organizaciones\/472\/\" target=\"_blank\" rel=\"noopener\">Psicolog\u00eda Social y de las Organizaciones\u00a0<\/a><span class=\"slash\">\/<\/span><\/li>\n<\/ul>\n<\/div>\n<div class=\"muestras descargas\">\n<h4>ARCHIVOS ASOCIADOS:<\/h4>\n<ul>\n<li><a href=\"http:\/\/www.editorialsanzytorres.com\/static\/pdf\/9788418316197Portada.jpg\" target=\"_blank\" rel=\"noopener\">Portada<\/a><\/li>\n<li><a href=\"http:\/\/www.editorialsanzytorres.com\/static\/pdf\/9788418316197Indice.pdf\" target=\"_blank\" rel=\"noopener\">Indice<\/a><\/li>\n<li><a href=\"http:\/\/www.editorialsanzytorres.com\/static\/pdf\/9788418316197Muestra.pdf\" target=\"_blank\" rel=\"noopener\">Cap\u00edtulo 1<\/a><\/li>\n<\/ul>\n<h4>RESUMEN:<\/h4>\n<p>La Psicolog\u00eda cient\u00edfica, tiene una larga tradici\u00f3n en nuestro pa\u00eds. Se interesaron por ella educadores y m\u00e9dicos a finales del siglo XIX, y tras la I Guerra Mundial, al igual que en otros pa\u00edses occidentales, se procur\u00f3 aplicar los nuevos tests y pruebas a diversas cuestiones sociales en que importaba conocer las capacidades y peculiaridades de un individuo. Naci\u00f3 la psicotecnia, que al cabo de unos a\u00f1os vino a ser concebida como la psicolog\u00eda aplicada, con figuras notables como Emilio Mira y L\u00f3pez y Jos\u00e9 Germain. Pronto fueron conocidos y respetados sus nombres dentro y fuera de Espa\u00f1a. Pero aquel primer impulso se frustr\u00f3 con la guerra civil, que llev\u00f3 al exilio a muchos de aquellos primeros profesionales, que abordaban el estudio de las personas y de los grupos sociales desde una perspectiva cient\u00edfica y t\u00e9cnica. Fue preciso volver a empezar, reconstruyendo el estudio riguroso de comportamientos y personalidades, al tiempo que se rehac\u00edan y modernizaban la econom\u00eda, la industria, la educaci\u00f3n y la salud mental.<\/p>\n<p>Jos\u00e9 Germain, m\u00e9dico, psiquiatra y psic\u00f3logo, acert\u00f3 a organizar un grupo de j\u00f3venes interesados en la psicolog\u00eda, y a establecer los recursos sociales que permitieran el nuevo desarrollo de la ciencia psicol\u00f3gica y las t\u00e9cnicas aplicadas. Este libro nos permite ver c\u00f3mo aquel hombre fue conocedor de la primera psicotecnia moderna, as\u00ed como de las necesidades que el pa\u00eds ten\u00eda de una cultura y unos instrumentos psicol\u00f3gicos; c\u00f3mo supo conectar con los grupos m\u00e1s relevanes de la psicolog\u00eda de su tiempo, y c\u00f3mo \u00e9l, con sus disc\u00edpulos, que han sido los primeros maestros de la ense\u00f1anza e investigaci\u00f3n universitaria especializada, lograron refundar una tradici\u00f3n psicol\u00f3gica en Espa\u00f1a, que est\u00e1 hoy situada en la vanguardia internacional.<\/p>\n<\/div>\n<\/div>\n<\/div><div ><a class=\"fusion-button button-flat fusion-button-default-size button-pink fusion-button-pink button-1 fusion-button-default-span fusion-button-default-type\" target=\"_blank\" rel=\"noopener noreferrer\" href=\"http:\/\/www.editorialsanzytorres.com\/libros\/jose-germain\/9788418316197\/\"><i class=\"fa-shopping-cart fas button-icon-left\" aria-hidden=\"true\"><\/i><span class=\"fusion-button-text\">COMPRAR<\/span><\/a><\/div><div ><a class=\"fusion-button button-flat fusion-button-default-size button-pink fusion-button-pink button-2 fusion-button-default-span fusion-button-default-type\" target=\"_blank\" rel=\"noopener noreferrer\" href=\"https:\/\/www.academiapsicologia.com\/index.php\/2021\/05\/03\/presentacion-del-libro-jose-germain-refundador-de-la-psicologia-en-espana-26-04-2021\/\"><i class=\"fa-video fas button-icon-left\" aria-hidden=\"true\"><\/i><span class=\"fusion-button-text\">PRESENTACI\u00d3N DEL LIBRO<\/span><\/a><\/div><\/div><\/div><\/div><\/div>\n","protected":false},"excerpt":{"rendered":"","protected":false},"author":1,"featured_media":1787,"comment_status":"closed","ping_status":"open","sticky":false,"template":"","format":"standard","meta":{"footnotes":""},"categories":[13,1],"tags":[14],"class_list":["post-1767","post","type-post","status-publish","format-standard","has-post-thumbnail","hentry","category-publicaciones","category-sin-categoria","tag-clasicos-psicologia-ape"],"_links":{"self":[{"href":"https:\/\/www.academiapsicologia.com\/index.php\/wp-json\/wp\/v2\/posts\/1767","targetHints":{"allow":["GET"]}}],"collection":[{"href":"https:\/\/www.academiapsicologia.com\/index.php\/wp-json\/wp\/v2\/posts"}],"about":[{"href":"https:\/\/www.academiapsicologia.com\/index.php\/wp-json\/wp\/v2\/types\/post"}],"author":[{"embeddable":true,"href":"https:\/\/www.academiapsicologia.com\/index.php\/wp-json\/wp\/v2\/users\/1"}],"replies":[{"embeddable":true,"href":"https:\/\/www.academiapsicologia.com\/index.php\/wp-json\/wp\/v2\/comments?post=1767"}],"version-history":[{"count":19,"href":"https:\/\/www.academiapsicologia.com\/index.php\/wp-json\/wp\/v2\/posts\/1767\/revisions"}],"predecessor-version":[{"id":1867,"href":"https:\/\/www.academiapsicologia.com\/index.php\/wp-json\/wp\/v2\/posts\/1767\/revisions\/1867"}],"wp:featuredmedia":[{"embeddable":true,"href":"https:\/\/www.academiapsicologia.com\/index.php\/wp-json\/wp\/v2\/media\/1787"}],"wp:attachment":[{"href":"https:\/\/www.academiapsicologia.com\/index.php\/wp-json\/wp\/v2\/media?parent=1767"}],"wp:term":[{"taxonomy":"category","embeddable":true,"href":"https:\/\/www.academiapsicologia.com\/index.php\/wp-json\/wp\/v2\/categories?post=1767"},{"taxonomy":"post_tag","embeddable":true,"href":"https:\/\/www.academiapsicologia.com\/index.php\/wp-json\/wp\/v2\/tags?post=1767"}],"curies":[{"name":"wp","href":"https:\/\/api.w.org\/{rel}","templated":true}]}}