{"id":1813,"date":"2022-11-15T16:16:40","date_gmt":"2022-11-15T15:16:40","guid":{"rendered":"https:\/\/www.academiapsicologia.com\/?p=1813"},"modified":"2022-11-16T15:27:20","modified_gmt":"2022-11-16T14:27:20","slug":"el-miedo-al-otro-y-la-incurable-otredad-del-yo","status":"publish","type":"post","link":"https:\/\/www.academiapsicologia.com\/index.php\/2022\/11\/15\/el-miedo-al-otro-y-la-incurable-otredad-del-yo\/","title":{"rendered":"El miedo al \u00abotro\u00bb y la incurable otredad del \u00abyo\u00bb"},"content":{"rendered":"<div class=\"fusion-fullwidth fullwidth-box fusion-builder-row-1 fusion-flex-container nonhundred-percent-fullwidth non-hundred-percent-height-scrolling\" style=\"--awb-border-radius-top-left:0px;--awb-border-radius-top-right:0px;--awb-border-radius-bottom-right:0px;--awb-border-radius-bottom-left:0px;--awb-flex-wrap:wrap;\" ><div class=\"fusion-builder-row fusion-row fusion-flex-align-items-flex-start fusion-flex-content-wrap\" style=\"max-width:1248px;margin-left: calc(-4% \/ 2 );margin-right: calc(-4% \/ 2 );\"><div class=\"fusion-layout-column fusion_builder_column fusion-builder-column-0 fusion_builder_column_1_3 1_3 fusion-flex-column\" style=\"--awb-bg-size:cover;--awb-width-large:33.333333333333%;--awb-margin-top-large:0px;--awb-spacing-right-large:5.76%;--awb-margin-bottom-large:20px;--awb-spacing-left-large:5.76%;--awb-width-medium:33.333333333333%;--awb-order-medium:0;--awb-spacing-right-medium:5.76%;--awb-spacing-left-medium:5.76%;--awb-width-small:100%;--awb-order-small:0;--awb-spacing-right-small:1.92%;--awb-spacing-left-small:1.92%;\"><div class=\"fusion-column-wrapper fusion-column-has-shadow fusion-flex-justify-content-flex-start fusion-content-layout-column\"><div class=\"fusion-image-element \" style=\"text-align:center;--awb-caption-title-font-family:var(--h2_typography-font-family);--awb-caption-title-font-weight:var(--h2_typography-font-weight);--awb-caption-title-font-style:var(--h2_typography-font-style);--awb-caption-title-size:var(--h2_typography-font-size);--awb-caption-title-transform:var(--h2_typography-text-transform);--awb-caption-title-line-height:var(--h2_typography-line-height);--awb-caption-title-letter-spacing:var(--h2_typography-letter-spacing);\"><span class=\" fusion-imageframe imageframe-none imageframe-1 hover-type-none\"><img decoding=\"async\" width=\"186\" height=\"300\" title=\"El miedo al otro y la incurable otredad del yo 01\" src=\"https:\/\/www.academiapsicologia.com\/wp-content\/uploads\/2022\/11\/El-miedo-al-otro-y-la-incurable-otredad-del-yo-01-186x300.png\" alt class=\"img-responsive wp-image-1812\" srcset=\"https:\/\/www.academiapsicologia.com\/wp-content\/uploads\/2022\/11\/El-miedo-al-otro-y-la-incurable-otredad-del-yo-01-200x323.png 200w, https:\/\/www.academiapsicologia.com\/wp-content\/uploads\/2022\/11\/El-miedo-al-otro-y-la-incurable-otredad-del-yo-01-400x645.png 400w, https:\/\/www.academiapsicologia.com\/wp-content\/uploads\/2022\/11\/El-miedo-al-otro-y-la-incurable-otredad-del-yo-01.png 600w\" sizes=\"(max-width: 640px) 100vw, 400px\" \/><\/span><\/div><div class=\"fusion-text fusion-text-1\" style=\"--awb-text-transform:none;\"><p>por <strong>Amalio Blanco Abarca<\/strong>.<\/p>\n<ul>\n<li><strong>ISBN:<\/strong> 978-84-18316-85-2.<\/li>\n<li><strong>P\u00e1ginas:<\/strong> 181.<\/li>\n<li><strong>Dimensiones:<\/strong> 170 cm x 240 cm.<\/li>\n<li><strong>Encuadernaci\u00f3n:<\/strong> R\u00fastica.<\/li>\n<\/ul>\n<\/div><\/div><\/div><div class=\"fusion-layout-column fusion_builder_column fusion-builder-column-1 fusion_builder_column_2_3 2_3 fusion-flex-column\" style=\"--awb-bg-size:cover;--awb-width-large:66.666666666667%;--awb-margin-top-large:0px;--awb-spacing-right-large:2.88%;--awb-margin-bottom-large:20px;--awb-spacing-left-large:2.88%;--awb-width-medium:66.666666666667%;--awb-order-medium:0;--awb-spacing-right-medium:2.88%;--awb-spacing-left-medium:2.88%;--awb-width-small:100%;--awb-order-small:0;--awb-spacing-right-small:1.92%;--awb-spacing-left-small:1.92%;\"><div class=\"fusion-column-wrapper fusion-column-has-shadow fusion-flex-justify-content-flex-start fusion-content-layout-column\"><div class=\"fusion-text fusion-text-2\" style=\"--awb-text-transform:none;\"><div class=\"datos\">\n<h4 class=\"autor\">por <strong><a href=\"http:\/\/www.editorialsanzytorres.com\/autores\/amalio-blanco-abarca\/907\/\" target=\"_blank\" rel=\"noopener\">Amalio Blanco Abarca<\/a><cite><\/cite><\/strong><\/h4>\n<\/div>\n<div class=\"muestras descargas\">\n<div class=\"datos\">\n<ul>\n<li><strong>Editorial:<\/strong>\u00a0<a href=\"http:\/\/www.editorialsanzytorres.com\/editoriales\/sanz-y-torres-sl\/1\/\" target=\"_blank\" rel=\"noopener\">Sanz y Torres, S.L.<\/a><\/li>\n<li><strong>Edici\u00f3n:<\/strong>\u00a01\u00aa 2022<\/li>\n<li><strong>Colecci\u00f3n:<\/strong>\u00a0<a href=\"http:\/\/www.editorialsanzytorres.com\/colecciones\/monografias-psicologia-ape\/337\/\" target=\"_blank\" rel=\"noopener\">Monograf\u00edas Psicolog\u00eda APE<\/a><\/li>\n<li><strong>N\u00famero Colecci\u00f3n:<\/strong>\u00a06<\/li>\n<li><strong>Idiomas:<\/strong>\u00a0Espa\u00f1ol, Castellano<\/li>\n<li><strong>Plaza de edici\u00f3n:<\/strong>\u00a0MADRID , Espa\u00f1a<\/li>\n<\/ul>\n<\/div>\n<div class=\"muestras\">\n<h4>MATERIAS:<\/h4>\n<ul>\n<li><a href=\"http:\/\/www.editorialsanzytorres.com\/libros\/materias\/ciencias-sociales-y-juridicas\/54\/\" target=\"_blank\" rel=\"noopener\">Ciencias Sociales y Jur\u00eddicas<\/a><span class=\"slash\">\u00a0\/\u00a0<\/span><a href=\"http:\/\/www.editorialsanzytorres.com\/libros\/materias\/ciencias-sociales-y-juridicas\/psicologia\/47\/\" target=\"_blank\" rel=\"noopener\">Psicolog\u00eda<\/a><span class=\"slash\">\u00a0\/\u00a0<\/span><a href=\"http:\/\/www.editorialsanzytorres.com\/libros\/materias\/ciencias-sociales-y-juridicas\/psicologia\/psicologia-social-y-de-las-organizaciones\/472\/\" target=\"_blank\" rel=\"noopener\">Psicolog\u00eda Social y de las Organizaciones\u00a0<\/a><span class=\"slash\">\/<\/span><\/li>\n<\/ul>\n<\/div>\n<div class=\"muestras descargas\">\n<h4>ARCHIVOS ASOCIADOS:<\/h4>\n<ul>\n<li><a href=\"http:\/\/www.editorialsanzytorres.com\/static\/pdf\/9788418316852_frontcover.jpg\" target=\"_blank\" rel=\"noopener\">Portada<\/a><\/li>\n<li><a href=\"http:\/\/www.editorialsanzytorres.com\/static\/pdf\/9788418316852Indice.pdf\" target=\"_blank\" rel=\"noopener\">\u00cdndice<\/a><\/li>\n<li><a href=\"http:\/\/www.editorialsanzytorres.com\/static\/pdf\/9788418316852Muestra.pdf\" target=\"_blank\" rel=\"noopener\">Cap\u00edtulo 1<\/a><\/li>\n<\/ul>\n<h4>RESUMEN:<\/h4>\n<div align=\"justify\">Pareciera que en estos dos \u00faltimos a\u00f1os se ha vuelto a desatar de manera inesperada la furia de la naturaleza y la c\u00f3lera de los tiranos (la pedagog\u00eda del terror) para devolver a una parte de la humanidad a \u00e9pocas de terror y penitencia. La pandemia de la Covid-19 y la guerra de destrucci\u00f3n total desatada en Ucrania han vuelto a despertarnos del sue\u00f1o relativamente pl\u00e1cido en el que nos encontr\u00e1bamos en la vieja Europa. En verdad, esa placidez estaba empa\u00f1ada por una galopante desigualdad social que se ven\u00eda acentuando desde la crisis de 2008, y que la pandemia no ha hecho m\u00e1s que reforzar. La desigualdad se ha erigido, pues, como el principal paradigma a ra\u00edz de estas crisis. Ante este panorama la incertidumbre y el miedo se han abierto camino como nunca antes en los \u00faltimos ochenta a\u00f1os; sus primeras v\u00edctimas son, por este orden, los millones de personas (hasta 18, seg\u00fan las \u00faltimas estimaciones) que han perdido su vida a causa de la pandemia, los millones de refugiados ucranios que huyen del horror, los miles de muertos en la guerra, y, finalmente, la desconfianza y el miedo al otro que puede ser transmisor de una enfermedad potencialmente mortal o que, obedeciendo \u00f3rdenes emanadas de un aut\u00f3crata, intenta aniquilar todo lo que tengo y lo que soy como persona y ciudadano, incluida mi vida y la de los m\u00edos. Pero nada de eso ha sido ni ser\u00e1 capaz de anular el determinante papel que el otro juega en nuestra supervivencia, en nuestra vida personal, en nuestro desarrollo ontogen\u00e9tico, en nuestra salud f\u00edsica y mental, en una palabra. Para decirlo pronto y claro: la psicolog\u00eda se ha hecho grande al escribir el gran cap\u00edtulo sobre la incurable otredad que padece (que goza y necesita, ser\u00eda m\u00e1s apropiado) el yo.<\/div>\n<\/div>\n<\/div>\n<\/div><div ><a class=\"fusion-button button-flat fusion-button-default-size button-pink fusion-button-pink button-1 fusion-button-default-span fusion-button-default-type\" target=\"_blank\" rel=\"noopener noreferrer\" href=\"http:\/\/www.editorialsanzytorres.com\/libros\/el-miedo-al-otro\/9788418316852\/\"><i class=\"fa-shopping-cart fas button-icon-left\" aria-hidden=\"true\"><\/i><span class=\"fusion-button-text\">COMPRAR<\/span><\/a><\/div><\/div><\/div><\/div><\/div>\n","protected":false},"excerpt":{"rendered":"","protected":false},"author":1,"featured_media":1811,"comment_status":"closed","ping_status":"open","sticky":false,"template":"","format":"standard","meta":{"footnotes":""},"categories":[13],"tags":[15],"class_list":["post-1813","post","type-post","status-publish","format-standard","has-post-thumbnail","hentry","category-publicaciones","tag-monografias-psicologia-ape"],"_links":{"self":[{"href":"https:\/\/www.academiapsicologia.com\/index.php\/wp-json\/wp\/v2\/posts\/1813","targetHints":{"allow":["GET"]}}],"collection":[{"href":"https:\/\/www.academiapsicologia.com\/index.php\/wp-json\/wp\/v2\/posts"}],"about":[{"href":"https:\/\/www.academiapsicologia.com\/index.php\/wp-json\/wp\/v2\/types\/post"}],"author":[{"embeddable":true,"href":"https:\/\/www.academiapsicologia.com\/index.php\/wp-json\/wp\/v2\/users\/1"}],"replies":[{"embeddable":true,"href":"https:\/\/www.academiapsicologia.com\/index.php\/wp-json\/wp\/v2\/comments?post=1813"}],"version-history":[{"count":6,"href":"https:\/\/www.academiapsicologia.com\/index.php\/wp-json\/wp\/v2\/posts\/1813\/revisions"}],"predecessor-version":[{"id":1857,"href":"https:\/\/www.academiapsicologia.com\/index.php\/wp-json\/wp\/v2\/posts\/1813\/revisions\/1857"}],"wp:featuredmedia":[{"embeddable":true,"href":"https:\/\/www.academiapsicologia.com\/index.php\/wp-json\/wp\/v2\/media\/1811"}],"wp:attachment":[{"href":"https:\/\/www.academiapsicologia.com\/index.php\/wp-json\/wp\/v2\/media?parent=1813"}],"wp:term":[{"taxonomy":"category","embeddable":true,"href":"https:\/\/www.academiapsicologia.com\/index.php\/wp-json\/wp\/v2\/categories?post=1813"},{"taxonomy":"post_tag","embeddable":true,"href":"https:\/\/www.academiapsicologia.com\/index.php\/wp-json\/wp\/v2\/tags?post=1813"}],"curies":[{"name":"wp","href":"https:\/\/api.w.org\/{rel}","templated":true}]}}