{"id":1829,"date":"2022-11-16T14:34:19","date_gmt":"2022-11-16T13:34:19","guid":{"rendered":"https:\/\/www.academiapsicologia.com\/?p=1829"},"modified":"2022-11-16T15:26:27","modified_gmt":"2022-11-16T14:26:27","slug":"afrontamiento-de-la-violencia-de-genero","status":"publish","type":"post","link":"https:\/\/www.academiapsicologia.com\/index.php\/2022\/11\/16\/afrontamiento-de-la-violencia-de-genero\/","title":{"rendered":"Afrontamiento de la violencia de g\u00e9nero"},"content":{"rendered":"<div class=\"fusion-fullwidth fullwidth-box fusion-builder-row-1 fusion-flex-container nonhundred-percent-fullwidth non-hundred-percent-height-scrolling\" style=\"--awb-border-radius-top-left:0px;--awb-border-radius-top-right:0px;--awb-border-radius-bottom-right:0px;--awb-border-radius-bottom-left:0px;--awb-flex-wrap:wrap;\" ><div class=\"fusion-builder-row fusion-row fusion-flex-align-items-flex-start fusion-flex-content-wrap\" style=\"max-width:1248px;margin-left: calc(-4% \/ 2 );margin-right: calc(-4% \/ 2 );\"><div class=\"fusion-layout-column fusion_builder_column fusion-builder-column-0 fusion_builder_column_1_3 1_3 fusion-flex-column\" style=\"--awb-bg-size:cover;--awb-width-large:33.333333333333%;--awb-margin-top-large:0px;--awb-spacing-right-large:5.76%;--awb-margin-bottom-large:20px;--awb-spacing-left-large:5.76%;--awb-width-medium:33.333333333333%;--awb-order-medium:0;--awb-spacing-right-medium:5.76%;--awb-spacing-left-medium:5.76%;--awb-width-small:100%;--awb-order-small:0;--awb-spacing-right-small:1.92%;--awb-spacing-left-small:1.92%;\"><div class=\"fusion-column-wrapper fusion-column-has-shadow fusion-flex-justify-content-flex-start fusion-content-layout-column\"><div class=\"fusion-image-element \" style=\"text-align:center;--awb-caption-title-font-family:var(--h2_typography-font-family);--awb-caption-title-font-weight:var(--h2_typography-font-weight);--awb-caption-title-font-style:var(--h2_typography-font-style);--awb-caption-title-size:var(--h2_typography-font-size);--awb-caption-title-transform:var(--h2_typography-text-transform);--awb-caption-title-line-height:var(--h2_typography-line-height);--awb-caption-title-letter-spacing:var(--h2_typography-letter-spacing);\"><span class=\" fusion-imageframe imageframe-none imageframe-1 hover-type-none\"><img decoding=\"async\" width=\"186\" height=\"300\" title=\"Afrontamiento de la violencia de g\u00e9nero 01\" src=\"https:\/\/www.academiapsicologia.com\/wp-content\/uploads\/2022\/11\/Afrontamiento-de-la-violencia-de-genero-01-186x300.png\" alt class=\"img-responsive wp-image-1828\" srcset=\"https:\/\/www.academiapsicologia.com\/wp-content\/uploads\/2022\/11\/Afrontamiento-de-la-violencia-de-genero-01-200x323.png 200w, https:\/\/www.academiapsicologia.com\/wp-content\/uploads\/2022\/11\/Afrontamiento-de-la-violencia-de-genero-01-400x645.png 400w, https:\/\/www.academiapsicologia.com\/wp-content\/uploads\/2022\/11\/Afrontamiento-de-la-violencia-de-genero-01.png 600w\" sizes=\"(max-width: 640px) 100vw, 400px\" \/><\/span><\/div><div class=\"fusion-text fusion-text-1\" style=\"--awb-text-transform:none;\"><p>Coordinaci\u00f3n:\u00a0<strong>Javier Urra Portillo<\/strong>.<\/p>\n<ul>\n<li><strong>ISBN:<\/strong> 978-84-18316-74-6.<\/li>\n<li><strong>P\u00e1ginas:<\/strong> 222.<\/li>\n<li><strong>Dimensiones:<\/strong> 170 cm x 240 cm.<\/li>\n<li><strong>Encuadernaci\u00f3n:<\/strong> R\u00fastica.<\/li>\n<\/ul>\n<\/div><\/div><\/div><div class=\"fusion-layout-column fusion_builder_column fusion-builder-column-1 fusion_builder_column_2_3 2_3 fusion-flex-column\" style=\"--awb-bg-size:cover;--awb-width-large:66.666666666667%;--awb-margin-top-large:0px;--awb-spacing-right-large:2.88%;--awb-margin-bottom-large:20px;--awb-spacing-left-large:2.88%;--awb-width-medium:66.666666666667%;--awb-order-medium:0;--awb-spacing-right-medium:2.88%;--awb-spacing-left-medium:2.88%;--awb-width-small:100%;--awb-order-small:0;--awb-spacing-right-small:1.92%;--awb-spacing-left-small:1.92%;\"><div class=\"fusion-column-wrapper fusion-column-has-shadow fusion-flex-justify-content-flex-start fusion-content-layout-column\"><div class=\"fusion-text fusion-text-2\" style=\"--awb-text-transform:none;\"><div align=\"justify\">\n<div class=\"datos\">\n<h4 class=\"autor\">por <strong><cite><a href=\"http:\/\/www.editorialsanzytorres.com\/autores\/helio-carpintero\/921\/\" target=\"_blank\" rel=\"noopener\">Helio Carpintero<\/a>,\u00a0<\/cite><cite><a href=\"http:\/\/www.editorialsanzytorres.com\/autores\/jose-francisco-morales-dominguez\/338\/\" target=\"_blank\" rel=\"noopener\">Jos\u00e9 Francisco Morales Dom\u00ednguez<\/a>,\u00a0<\/cite><cite><a href=\"http:\/\/www.editorialsanzytorres.com\/autores\/francisca-exposito\/1039\/\" target=\"_blank\" rel=\"noopener\">Francisca Exp\u00f3sito<\/a>,\u00a0<\/cite><cite><a href=\"http:\/\/www.editorialsanzytorres.com\/autores\/maite-garaigordobil-landazabal\/1040\/\" target=\"_blank\" rel=\"noopener\">Maite Garaigordobil Landazabal<\/a>,\u00a0<\/cite><cite><a href=\"http:\/\/www.editorialsanzytorres.com\/autores\/antonio-andres-pueyo\/1041\/\" target=\"_blank\" rel=\"noopener\">Antonio Andr\u00e9s Pueyo<\/a>,\u00a0<\/cite><cite><a href=\"http:\/\/www.editorialsanzytorres.com\/autores\/enrique-echeburua\/489\/\" target=\"_blank\" rel=\"noopener\">Enrique Echebur\u00faa<\/a>,\u00a0<\/cite><cite><a href=\"http:\/\/www.editorialsanzytorres.com\/autores\/javier-urra-portillo\/952\/\" target=\"_blank\" rel=\"noopener\">Javier Urra Portillo<\/a>,\u00a0<\/cite><cite><a href=\"http:\/\/www.editorialsanzytorres.com\/autores\/raul-canosa-usera\/1042\/\" target=\"_blank\" rel=\"noopener\">Ra\u00fal Canosa Usera<\/a><\/cite><\/strong><\/h4>\n<div class=\"datos\">\n<h4 class=\"autor otros\"><cite>Prologo:\u00a0<strong><a href=\"http:\/\/www.editorialsanzytorres.com\/autores\/francisco-santolaya-ochando\/1038\/\" target=\"_blank\" rel=\"noopener\">Francisco Santolaya Ochando<\/a><\/strong><\/cite><\/h4>\n<h4 class=\"autor otros\"><cite>Coordinaci\u00f3n:\u00a0<strong><a href=\"http:\/\/www.editorialsanzytorres.com\/autores\/javier-urra-portillo\/952\/\" target=\"_blank\" rel=\"noopener\">Javier Urra Portillo<\/a><\/strong><\/cite><\/h4>\n<ul>\n<li><strong>Editorial:<\/strong>\u00a0<a href=\"http:\/\/www.editorialsanzytorres.com\/editoriales\/sanz-y-torres-sl\/1\/\" target=\"_blank\" rel=\"noopener\">Sanz y Torres, S.L.<\/a><\/li>\n<li><strong>Edici\u00f3n:<\/strong>\u00a01\u00aa 2022<\/li>\n<li><strong>Colecci\u00f3n:<\/strong>\u00a0<a href=\"http:\/\/www.editorialsanzytorres.com\/colecciones\/monografias-psicologia-ape\/337\/\" target=\"_blank\" rel=\"noopener\">Monograf\u00edas Psicolog\u00eda APE<\/a><\/li>\n<li><strong>N\u00famero Colecci\u00f3n:<\/strong>\u00a05<\/li>\n<li><strong>Idiomas:<\/strong>\u00a0Espa\u00f1ol, Castellano<\/li>\n<li><strong>Plaza de edici\u00f3n:<\/strong>\u00a0MADRID , Espa\u00f1a<\/li>\n<\/ul>\n<\/div>\n<div class=\"muestras\">\n<h4>MATERIAS:<\/h4>\n<ul>\n<li><a href=\"http:\/\/www.editorialsanzytorres.com\/libros\/materias\/ciencias-sociales-y-juridicas\/54\/\" target=\"_blank\" rel=\"noopener\">Ciencias Sociales y Jur\u00eddicas<\/a><span class=\"slash\">\u00a0\/\u00a0<\/span><a href=\"http:\/\/www.editorialsanzytorres.com\/libros\/materias\/ciencias-sociales-y-juridicas\/psicologia\/47\/\" target=\"_blank\" rel=\"noopener\">Psicolog\u00eda<\/a><span class=\"slash\">\u00a0\/\u00a0<\/span><a href=\"http:\/\/www.editorialsanzytorres.com\/libros\/materias\/ciencias-sociales-y-juridicas\/psicologia\/psicologia-social-y-de-las-organizaciones\/472\/\" target=\"_blank\" rel=\"noopener\">Psicolog\u00eda Social y de las Organizaciones\u00a0<\/a><span class=\"slash\">\/<\/span><\/li>\n<\/ul>\n<\/div>\n<div class=\"muestras descargas\">\n<h4>ARCHIVOS ASOCIADOS:<\/h4>\n<ul>\n<li><a href=\"http:\/\/www.editorialsanzytorres.com\/static\/pdf\/9788418316746Cubierta.jpg\" target=\"_blank\" rel=\"noopener\">Portada<\/a><\/li>\n<li><a href=\"http:\/\/www.editorialsanzytorres.com\/static\/pdf\/9788418316746Indice.pdf\" target=\"_blank\" rel=\"noopener\">Indice<\/a><\/li>\n<li><a href=\"http:\/\/www.editorialsanzytorres.com\/static\/pdf\/9788418316746Muestra.pdf\" target=\"_blank\" rel=\"noopener\">Cap\u00edtulo 1<\/a><\/li>\n<\/ul>\n<h4>RESUMEN:<\/h4>\n<p>La violencia de g\u00e9nero es una lacra social que se trasfiere de generaci\u00f3n en generaci\u00f3n. Es una violencia estructural, que se reparte por todo el planeta de manera desigual. Es una violencia instrumental, que busca conseguir un objetivo. Es una violencia de continuidad.<\/p>\n<p>Ante tan grave reto, la Academia de Psicolog\u00eda de Espa\u00f1a aporta el conocimiento de reconocidos profesionales para analizar esta terrible e injusta forma de conducirse, su etiolog\u00eda y desarrollo, y aporta instrumentos para para tratarlo y prevenirlo.<\/p>\n<\/div>\n<\/div>\n<\/div>\n<\/div><div ><a class=\"fusion-button button-flat fusion-button-default-size button-pink fusion-button-pink button-1 fusion-button-default-span fusion-button-default-type\" target=\"_blank\" rel=\"noopener noreferrer\" href=\"http:\/\/www.editorialsanzytorres.com\/libros\/afrontamiento-de-la-violencia-de-genero\/9788418316746\/\"><i class=\"fa-shopping-cart fas button-icon-left\" aria-hidden=\"true\"><\/i><span class=\"fusion-button-text\">COMPRAR<\/span><\/a><\/div><div ><a class=\"fusion-button button-flat fusion-button-default-size button-pink fusion-button-pink button-2 fusion-button-default-span fusion-button-default-type\" target=\"_blank\" rel=\"noopener noreferrer\" href=\"https:\/\/www.academiapsicologia.com\/index.php\/2022\/07\/05\/presentacion-del-libro-afrontamiento-de-la-violencia-de-genero-30-06-2022\/\"><i class=\"fa-video fas button-icon-left\" aria-hidden=\"true\"><\/i><span class=\"fusion-button-text\">PRESENTACI\u00d3N DEL LIBRO<\/span><\/a><\/div><\/div><\/div><\/div><\/div>\n","protected":false},"excerpt":{"rendered":"","protected":false},"author":1,"featured_media":1827,"comment_status":"closed","ping_status":"open","sticky":false,"template":"","format":"standard","meta":{"footnotes":""},"categories":[13],"tags":[15],"class_list":["post-1829","post","type-post","status-publish","format-standard","has-post-thumbnail","hentry","category-publicaciones","tag-monografias-psicologia-ape"],"_links":{"self":[{"href":"https:\/\/www.academiapsicologia.com\/index.php\/wp-json\/wp\/v2\/posts\/1829","targetHints":{"allow":["GET"]}}],"collection":[{"href":"https:\/\/www.academiapsicologia.com\/index.php\/wp-json\/wp\/v2\/posts"}],"about":[{"href":"https:\/\/www.academiapsicologia.com\/index.php\/wp-json\/wp\/v2\/types\/post"}],"author":[{"embeddable":true,"href":"https:\/\/www.academiapsicologia.com\/index.php\/wp-json\/wp\/v2\/users\/1"}],"replies":[{"embeddable":true,"href":"https:\/\/www.academiapsicologia.com\/index.php\/wp-json\/wp\/v2\/comments?post=1829"}],"version-history":[{"count":7,"href":"https:\/\/www.academiapsicologia.com\/index.php\/wp-json\/wp\/v2\/posts\/1829\/revisions"}],"predecessor-version":[{"id":1856,"href":"https:\/\/www.academiapsicologia.com\/index.php\/wp-json\/wp\/v2\/posts\/1829\/revisions\/1856"}],"wp:featuredmedia":[{"embeddable":true,"href":"https:\/\/www.academiapsicologia.com\/index.php\/wp-json\/wp\/v2\/media\/1827"}],"wp:attachment":[{"href":"https:\/\/www.academiapsicologia.com\/index.php\/wp-json\/wp\/v2\/media?parent=1829"}],"wp:term":[{"taxonomy":"category","embeddable":true,"href":"https:\/\/www.academiapsicologia.com\/index.php\/wp-json\/wp\/v2\/categories?post=1829"},{"taxonomy":"post_tag","embeddable":true,"href":"https:\/\/www.academiapsicologia.com\/index.php\/wp-json\/wp\/v2\/tags?post=1829"}],"curies":[{"name":"wp","href":"https:\/\/api.w.org\/{rel}","templated":true}]}}