{"id":1899,"date":"2022-11-22T10:13:48","date_gmt":"2022-11-22T09:13:48","guid":{"rendered":"https:\/\/www.academiapsicologia.com\/?p=1899"},"modified":"2022-12-07T18:34:16","modified_gmt":"2022-12-07T17:34:16","slug":"la-prof-a-maria-paz-garcia-vera-recibe-la-medalla-de-la-memoria-de-apavt-por-su-labor-con-las-victimas-del-terrorismo","status":"publish","type":"post","link":"https:\/\/www.academiapsicologia.com\/index.php\/2022\/11\/22\/la-prof-a-maria-paz-garcia-vera-recibe-la-medalla-de-la-memoria-de-apavt-por-su-labor-con-las-victimas-del-terrorismo\/","title":{"rendered":"La Prof.\u00aa Mar\u00eda Paz Garc\u00eda-Vera recibe la Medalla de la Memoria de APAVT por su labor con las v\u00edctimas del terrorismo"},"content":{"rendered":"<div align=\"justify\">\n<p>El pasado 21 de noviembre de 2022, la Prof.\u00aa Mar\u00eda Paz Garc\u00eda-Vera recibi\u00f3 la\u00a0<strong>Medalla de la Memoria<\/strong>\u00a0de la\u00a0<a href=\"https:\/\/yoestoyconlasvictimas.org\/\" target=\"_blank\" rel=\"noopener\"><strong>Asociaci\u00f3n-Plataforma de Apoyo a las V\u00edctimas del Terrorismo (APAVT)<\/strong><\/a>\u00a0por \u00abhaberse distinguido de modo extraordinario en su labor con las v\u00edctimas del terrorismo\u00bb.<\/p>\n<p>La entrega de la distinci\u00f3n tuvo lugar en\u00a0el Congreso celebrado por el d\u00e9cimo aniversario de la APAVT y que tuvo lugar en el Patio de Pontejos de la Consejer\u00eda de Presidencia, Justicia e Interior de la Comunidad de Madrid. Durante el acto,\u00a0se procedi\u00f3 a conceder la Medalla de la Memoria a 17 personas que se han distinguido de modo extraordinario en su labor con las v\u00edctimas del terrorismo, entre las cuales se encontraba la Prof.\u00aa Mar\u00eda Paz Garc\u00eda-Vera.<\/p>\n<p>M\u00e1s informaci\u00f3n sobre el acto se puede encontrar en este\u00a0<strong><a href=\"https:\/\/yoestoyconlasvictimas.org\/noticias\/apavt-celebra-su-decimo-aniversario\/282\" target=\"_blank\" rel=\"noopener\">enlace<\/a><\/strong>.<\/p>\n<\/div>\n","protected":false},"excerpt":{"rendered":"<p>El pasado 21 de noviembre de 2022, la Prof.\u00aa Mar\u00eda  [&#8230;]<\/p>\n","protected":false},"author":1,"featured_media":1903,"comment_status":"closed","ping_status":"open","sticky":false,"template":"","format":"standard","meta":{"footnotes":""},"categories":[6],"tags":[],"class_list":["post-1899","post","type-post","status-publish","format-standard","has-post-thumbnail","hentry","category-noticias"],"_links":{"self":[{"href":"https:\/\/www.academiapsicologia.com\/index.php\/wp-json\/wp\/v2\/posts\/1899","targetHints":{"allow":["GET"]}}],"collection":[{"href":"https:\/\/www.academiapsicologia.com\/index.php\/wp-json\/wp\/v2\/posts"}],"about":[{"href":"https:\/\/www.academiapsicologia.com\/index.php\/wp-json\/wp\/v2\/types\/post"}],"author":[{"embeddable":true,"href":"https:\/\/www.academiapsicologia.com\/index.php\/wp-json\/wp\/v2\/users\/1"}],"replies":[{"embeddable":true,"href":"https:\/\/www.academiapsicologia.com\/index.php\/wp-json\/wp\/v2\/comments?post=1899"}],"version-history":[{"count":2,"href":"https:\/\/www.academiapsicologia.com\/index.php\/wp-json\/wp\/v2\/posts\/1899\/revisions"}],"predecessor-version":[{"id":1902,"href":"https:\/\/www.academiapsicologia.com\/index.php\/wp-json\/wp\/v2\/posts\/1899\/revisions\/1902"}],"wp:featuredmedia":[{"embeddable":true,"href":"https:\/\/www.academiapsicologia.com\/index.php\/wp-json\/wp\/v2\/media\/1903"}],"wp:attachment":[{"href":"https:\/\/www.academiapsicologia.com\/index.php\/wp-json\/wp\/v2\/media?parent=1899"}],"wp:term":[{"taxonomy":"category","embeddable":true,"href":"https:\/\/www.academiapsicologia.com\/index.php\/wp-json\/wp\/v2\/categories?post=1899"},{"taxonomy":"post_tag","embeddable":true,"href":"https:\/\/www.academiapsicologia.com\/index.php\/wp-json\/wp\/v2\/tags?post=1899"}],"curies":[{"name":"wp","href":"https:\/\/api.w.org\/{rel}","templated":true}]}}