{"id":1928,"date":"2022-12-29T10:05:22","date_gmt":"2022-12-29T09:05:22","guid":{"rendered":"https:\/\/www.academiapsicologia.com\/?p=1928"},"modified":"2022-12-29T10:11:45","modified_gmt":"2022-12-29T09:11:45","slug":"2a-edicion-de-los-encuentros-en-la-fundacion-fidap-16-06-2022-15-12-2022","status":"publish","type":"post","link":"https:\/\/www.academiapsicologia.com\/index.php\/2022\/12\/29\/2a-edicion-de-los-encuentros-en-la-fundacion-fidap-16-06-2022-15-12-2022\/","title":{"rendered":"2\u00aa Edici\u00f3n de los Encuentros en la Fundaci\u00f3n FIDAP (16\/06\/2022 \u2013 15\/12\/2022)"},"content":{"rendered":"<div align=\"justify\">\n<p>El 16 de junio la Fundaci\u00f3 per a la Investigaci\u00f3 Desenvolupament i Aplicaci\u00f3 de la Psicologia\u00a0 de la Comunitat Valenciana (FIDAP), en colaboraci\u00f3n con el COPCV y la Academia de Psicolog\u00eda de Espa\u00f1a, inicia un nuevo ciclo de \u2018<span style=\"color: #c190d8;\"><strong><a style=\"color: #c190d8;\" href=\"https:\/\/www.cop-cv.org\/db\/cke_uploads\/files\/Difusion%20segunda%20edicion%20-%20Encuentros%20en%20la%20Fundacion.pdf\" target=\"_blank\" rel=\"noopener\">Encuentros en la Fundaci\u00f3n<\/a><\/strong><\/span>\u2019. Esta edici\u00f3n, est\u00e1 compuesta por nueve encuentros on-line en los que profesionales de reconocido prestigio compartir\u00e1n sus conocimientos y experiencias sobre temas de la disciplina psicol\u00f3gica vinculados con la actualidad.<\/p>\n<p>&nbsp;<\/p>\n<\/div>\n<ul>\n<li><strong>16\/06\/2022 &#8211; WEBINAR: \u00abPERFIL EVOLUTIVO DE LA PERSONALIDAD\u00bb<\/strong><\/li>\n<\/ul>\n<p style=\"padding-left: 40px;\">Impartida por: <strong>Dr. Jos\u00e9 Berm\u00fadez Moreno <\/strong>(Catedr\u00e1tico de Personalidad)<\/p>\n<div align=\"center\"><iframe title=\"YouTube video player\" src=\"https:\/\/www.youtube.com\/embed\/3NMkYYD9xRk\" width=\"560\" height=\"315\" frameborder=\"0\" allowfullscreen=\"allowfullscreen\"><\/iframe><\/div>\n<div align=\"center\"><\/div>\n<ul>\n<li><strong>30\/06\/2022 &#8211; WEBINAR: \u00abAVANCES EN EL TRATAMIENTO PSICOL\u00d3GICO DE LOS TRASTORNOS EMOCIONALES\u00bb<\/strong><\/li>\n<\/ul>\n<p style=\"padding-left: 40px;\">Impartida por: <strong>Dra. Cristina Botella Arbona<\/strong> (Catedr\u00e1tica de Psicolog\u00eda Cl\u00ednica)<\/p>\n<div align=\"center\"><iframe title=\"YouTube video player\" src=\"https:\/\/www.youtube.com\/embed\/8hE-pEkO070\" width=\"560\" height=\"315\" frameborder=\"0\" allowfullscreen=\"allowfullscreen\"><\/iframe><\/div>\n<div align=\"center\"><\/div>\n<ul>\n<li><strong>22\/09\/2022 &#8211; WEBINAR: \u00abEL SENTIDO DEL HUMOR EN EL LUGAR DE TRABAJO, UNA PERSPECTIVA PSICOL\u00d3GICA\u00bb<\/strong><\/li>\n<\/ul>\n<p style=\"padding-left: 40px;\">Impartida por: <strong>Dr. Jos\u00e9 Mar\u00eda Prieto Zamora<\/strong> (Catedr\u00e1tico de Psicolog\u00eda del Trabajo)<\/p>\n<div align=\"center\"><iframe title=\"YouTube video player\" src=\"https:\/\/www.youtube.com\/embed\/fCNbetMepM8\" width=\"560\" height=\"315\" frameborder=\"0\" allowfullscreen=\"allowfullscreen\"><\/iframe><\/div>\n<div align=\"center\"><\/div>\n<ul>\n<li><strong>06\/10\/2022 &#8211; WEBINAR: \u00abVIVIR LA VIDA LOCA Y MORIR EN EL INTENTO\u00bb<\/strong><\/li>\n<\/ul>\n<p style=\"padding-left: 40px;\">Impartida por: <strong>Dr. Amalio Blanco Abarca<\/strong> (Catedr\u00e1tico de Psicolog\u00eda Social)<\/p>\n<div align=\"center\"><iframe title=\"YouTube video player\" src=\"https:\/\/www.youtube.com\/embed\/KO2z39wKd_U\" width=\"560\" height=\"315\" frameborder=\"0\" allowfullscreen=\"allowfullscreen\"><\/iframe><\/div>\n<div align=\"center\"><\/div>\n<ul>\n<li><strong>20\/10\/2022 &#8211; WEBINAR: \u00abBASES CEREBRALES DE LA IDENTIDAD DE G\u00c9NERO\u00bb<\/strong><\/li>\n<\/ul>\n<p style=\"padding-left: 40px;\">Impartida por: <strong>Dr. Antonio Guillam\u00f3n Fern\u00e1ndez<\/strong> (Catedr\u00e1tico de Psicofisiolog\u00eda)<\/p>\n<div align=\"center\"><iframe title=\"YouTube video player\" src=\"https:\/\/www.youtube.com\/embed\/x5_mqgZZClg\" width=\"560\" height=\"315\" frameborder=\"0\" allowfullscreen=\"allowfullscreen\"><\/iframe><\/div>\n<div align=\"center\"><\/div>\n<ul>\n<li><strong>03\/11\/2022 &#8211; WEBINAR: \u00abFACTORES PSICOSOCIALES Y SOLIDARIDAD\u00bb<\/strong><\/li>\n<\/ul>\n<p style=\"padding-left: 40px;\">Impartida por: <strong>Dr. Fernando Chac\u00f3n Fuertes<\/strong> (Catedr\u00e1tico de Psicolog\u00eda Social)<\/p>\n<div align=\"center\"><iframe title=\"YouTube video player\" src=\"https:\/\/www.youtube.com\/embed\/ta_-Cz4Cqg4\" width=\"560\" height=\"315\" frameborder=\"0\" allowfullscreen=\"allowfullscreen\"><\/iframe><\/div>\n<div align=\"center\"><\/div>\n<ul>\n<li><strong>10\/11\/2022 &#8211; WEBINAR: \u00ab\u00bfPOR QU\u00c9 NOS QUEJAMOS DE NUESTRA MEMORIA?\u00bb<\/strong><\/li>\n<\/ul>\n<p style=\"padding-left: 40px;\">Impartida por: <strong>Dra. Alicia Salvador Fern\u00e1ndez-Montejo<\/strong> (Catedr\u00e1tica de Psicofisiolog\u00eda)<\/p>\n<div align=\"center\"><iframe title=\"YouTube video player\" src=\"https:\/\/www.youtube.com\/embed\/IJZWOxoo7wc\" width=\"560\" height=\"315\" frameborder=\"0\" allowfullscreen=\"allowfullscreen\"><\/iframe><\/div>\n<div align=\"center\"><\/div>\n<ul>\n<li><strong>24\/11\/2022 &#8211; WEBINAR: \u00abDIGITALIZACI\u00d3N Y COMPETENCIAS EN EL TRABAJO\u00bb<\/strong><\/li>\n<\/ul>\n<p style=\"padding-left: 40px;\">Impartida por: <strong>Dr. Jos\u00e9 Mar\u00eda Peir\u00f3 Silla<\/strong> (Catedr\u00e1tico Em\u00e9rito de la Universidad de Valencia)<\/p>\n<div align=\"center\"><iframe title=\"YouTube video player\" src=\"https:\/\/www.youtube.com\/embed\/aOPVuU9wZ1U\" width=\"560\" height=\"315\" frameborder=\"0\" allowfullscreen=\"allowfullscreen\"><\/iframe><\/div>\n<div align=\"center\"><\/div>\n<ul>\n<li><strong>15\/12\/2022 &#8211; WEBINAR: \u00abLA EXPERIENCIA DE LA ENFERMEDAD\u00bb<\/strong><\/li>\n<\/ul>\n<p style=\"padding-left: 40px;\">Impartida por: <strong>Dr. Jes\u00fas Rodr\u00edguez Mar\u00edn<\/strong> (Catedr\u00e1tico de Psicolog\u00eda de la Salud)<\/p>\n<div align=\"center\"><iframe title=\"YouTube video player\" src=\"https:\/\/www.youtube.com\/embed\/RKuA2rFkYRA\" width=\"560\" height=\"315\" frameborder=\"0\" allowfullscreen=\"allowfullscreen\"><\/iframe><\/div>\n<div align=\"center\"><\/div>\n<p>&nbsp;<\/p>\n","protected":false},"excerpt":{"rendered":"<p>El 16 de junio la Fundaci\u00f3 per a la Investigaci\u00f3  [&#8230;]<\/p>\n","protected":false},"author":1,"featured_media":0,"comment_status":"closed","ping_status":"open","sticky":false,"template":"","format":"standard","meta":{"footnotes":""},"categories":[4],"tags":[],"class_list":["post-1928","post","type-post","status-publish","format-standard","hentry","category-mesas-redondas"],"_links":{"self":[{"href":"https:\/\/www.academiapsicologia.com\/index.php\/wp-json\/wp\/v2\/posts\/1928","targetHints":{"allow":["GET"]}}],"collection":[{"href":"https:\/\/www.academiapsicologia.com\/index.php\/wp-json\/wp\/v2\/posts"}],"about":[{"href":"https:\/\/www.academiapsicologia.com\/index.php\/wp-json\/wp\/v2\/types\/post"}],"author":[{"embeddable":true,"href":"https:\/\/www.academiapsicologia.com\/index.php\/wp-json\/wp\/v2\/users\/1"}],"replies":[{"embeddable":true,"href":"https:\/\/www.academiapsicologia.com\/index.php\/wp-json\/wp\/v2\/comments?post=1928"}],"version-history":[{"count":4,"href":"https:\/\/www.academiapsicologia.com\/index.php\/wp-json\/wp\/v2\/posts\/1928\/revisions"}],"predecessor-version":[{"id":1932,"href":"https:\/\/www.academiapsicologia.com\/index.php\/wp-json\/wp\/v2\/posts\/1928\/revisions\/1932"}],"wp:attachment":[{"href":"https:\/\/www.academiapsicologia.com\/index.php\/wp-json\/wp\/v2\/media?parent=1928"}],"wp:term":[{"taxonomy":"category","embeddable":true,"href":"https:\/\/www.academiapsicologia.com\/index.php\/wp-json\/wp\/v2\/categories?post=1928"},{"taxonomy":"post_tag","embeddable":true,"href":"https:\/\/www.academiapsicologia.com\/index.php\/wp-json\/wp\/v2\/tags?post=1928"}],"curies":[{"name":"wp","href":"https:\/\/api.w.org\/{rel}","templated":true}]}}