{"id":1959,"date":"2023-02-01T10:51:27","date_gmt":"2023-02-01T09:51:27","guid":{"rendered":"https:\/\/www.academiapsicologia.com\/?p=1959"},"modified":"2023-02-01T10:51:27","modified_gmt":"2023-02-01T09:51:27","slug":"gregorio-maranon-y-la-emocion","status":"publish","type":"post","link":"https:\/\/www.academiapsicologia.com\/index.php\/2023\/02\/01\/gregorio-maranon-y-la-emocion\/","title":{"rendered":"Gregorio Mara\u00f1\u00f3n y la Emoci\u00f3n"},"content":{"rendered":"<div class=\"fusion-fullwidth fullwidth-box fusion-builder-row-1 fusion-flex-container nonhundred-percent-fullwidth non-hundred-percent-height-scrolling\" style=\"--awb-border-radius-top-left:0px;--awb-border-radius-top-right:0px;--awb-border-radius-bottom-right:0px;--awb-border-radius-bottom-left:0px;--awb-flex-wrap:wrap;\" ><div class=\"fusion-builder-row fusion-row fusion-flex-align-items-flex-start fusion-flex-content-wrap\" style=\"max-width:1248px;margin-left: calc(-4% \/ 2 );margin-right: calc(-4% \/ 2 );\"><div class=\"fusion-layout-column fusion_builder_column fusion-builder-column-0 fusion_builder_column_1_3 1_3 fusion-flex-column\" style=\"--awb-bg-size:cover;--awb-width-large:33.333333333333%;--awb-margin-top-large:0px;--awb-spacing-right-large:5.76%;--awb-margin-bottom-large:20px;--awb-spacing-left-large:5.76%;--awb-width-medium:33.333333333333%;--awb-order-medium:0;--awb-spacing-right-medium:5.76%;--awb-spacing-left-medium:5.76%;--awb-width-small:100%;--awb-order-small:0;--awb-spacing-right-small:1.92%;--awb-spacing-left-small:1.92%;\"><div class=\"fusion-column-wrapper fusion-column-has-shadow fusion-flex-justify-content-flex-start fusion-content-layout-column\"><div class=\"fusion-image-element \" style=\"text-align:center;--awb-caption-title-font-family:var(--h2_typography-font-family);--awb-caption-title-font-weight:var(--h2_typography-font-weight);--awb-caption-title-font-style:var(--h2_typography-font-style);--awb-caption-title-size:var(--h2_typography-font-size);--awb-caption-title-transform:var(--h2_typography-text-transform);--awb-caption-title-line-height:var(--h2_typography-line-height);--awb-caption-title-letter-spacing:var(--h2_typography-letter-spacing);\"><span class=\" fusion-imageframe imageframe-none imageframe-1 hover-type-none\"><img decoding=\"async\" width=\"186\" height=\"300\" title=\"Gregorio Mara\u00f1\u00f3n y la Emoci\u00f3n 02\" src=\"https:\/\/www.academiapsicologia.com\/wp-content\/uploads\/2023\/02\/Gregorio-Maranon-y-la-Emocion-02-186x300.png\" alt class=\"img-responsive wp-image-1960\" srcset=\"https:\/\/www.academiapsicologia.com\/wp-content\/uploads\/2023\/02\/Gregorio-Maranon-y-la-Emocion-02-200x323.png 200w, https:\/\/www.academiapsicologia.com\/wp-content\/uploads\/2023\/02\/Gregorio-Maranon-y-la-Emocion-02-400x645.png 400w, https:\/\/www.academiapsicologia.com\/wp-content\/uploads\/2023\/02\/Gregorio-Maranon-y-la-Emocion-02.png 600w\" sizes=\"(max-width: 640px) 100vw, 400px\" \/><\/span><\/div><div class=\"fusion-text fusion-text-1\" style=\"--awb-text-transform:none;\"><p>por <strong>Jaime Vila Castellar<\/strong>.<\/p>\n<ul>\n<li>Editorial: <strong>Sanz y Torres, S.L<\/strong>.<\/li>\n<li>Edici\u00f3n: <strong>1\u00aa 2022<\/strong>.<\/li>\n<li>Colecci\u00f3n: <strong>Clasicos Psicolog\u00eda APE<\/strong>.<\/li>\n<li>N\u00famero Colecci\u00f3n: <strong>7<\/strong>.<br \/>\nIdiomas: <strong>Espa\u00f1ol, Castellano<\/strong>.<\/li>\n<li>Plaza de edici\u00f3n: <strong>ALCORC\u00d3N , Espa\u00f1a<\/strong>.<\/li>\n<\/ul>\n<\/div><\/div><\/div><div class=\"fusion-layout-column fusion_builder_column fusion-builder-column-1 fusion_builder_column_2_3 2_3 fusion-flex-column\" style=\"--awb-bg-size:cover;--awb-width-large:66.666666666667%;--awb-margin-top-large:0px;--awb-spacing-right-large:2.88%;--awb-margin-bottom-large:20px;--awb-spacing-left-large:2.88%;--awb-width-medium:66.666666666667%;--awb-order-medium:0;--awb-spacing-right-medium:2.88%;--awb-spacing-left-medium:2.88%;--awb-width-small:100%;--awb-order-small:0;--awb-spacing-right-small:1.92%;--awb-spacing-left-small:1.92%;\"><div class=\"fusion-column-wrapper fusion-column-has-shadow fusion-flex-justify-content-flex-start fusion-content-layout-column\"><div class=\"fusion-text fusion-text-2\" style=\"--awb-text-transform:none;\"><div class=\"datos\">\n<h4><strong>Un paseo por las entra\u00f1as del Miedo y el Amor<\/strong><\/h4>\n<h4 class=\"autor\">por <a href=\"http:\/\/www.editorialsanzytorres.com\/autores\/jaime-vila-castellar\/905\/\" target=\"_blank\" rel=\"noopener\">Jaime Vila Castellar<\/a><\/h4>\n<ul>\n<li><strong>Editorial:<\/strong>\u00a0<a href=\"http:\/\/www.editorialsanzytorres.com\/editoriales\/sanz-y-torres-sl\/1\/\" target=\"_blank\" rel=\"noopener\">Sanz y Torres, S.L.<\/a><\/li>\n<li><strong>Edici\u00f3n:<\/strong>\u00a01\u00aa 2022<\/li>\n<li><strong>Colecci\u00f3n:<\/strong>\u00a0<a href=\"http:\/\/www.editorialsanzytorres.com\/colecciones\/clasicos-psicologia-ape\/336\/\" target=\"_blank\" rel=\"noopener\">Clasicos Psicolog\u00eda APE<\/a><\/li>\n<li><strong>N\u00famero Colecci\u00f3n:<\/strong>\u00a07<\/li>\n<li><strong>Idiomas:<\/strong>\u00a0Espa\u00f1ol, Castellano<\/li>\n<li><strong>Plaza de edici\u00f3n:<\/strong>\u00a0ALCORC\u00d3N , Espa\u00f1a<\/li>\n<\/ul>\n<\/div>\n<div class=\"muestras\">\n<h4>MATERIAS:<\/h4>\n<ul>\n<li><a href=\"http:\/\/www.editorialsanzytorres.com\/libros\/materias\/ciencias-sociales-y-juridicas\/54\/\" target=\"_blank\" rel=\"noopener\">Ciencias Sociales y Jur\u00eddicas<\/a><span class=\"slash\">\u00a0\/\u00a0<\/span><a href=\"http:\/\/www.editorialsanzytorres.com\/libros\/materias\/ciencias-sociales-y-juridicas\/psicologia\/47\/\" target=\"_blank\" rel=\"noopener\">Psicolog\u00eda<\/a><span class=\"slash\">\u00a0\/\u00a0<\/span><a href=\"http:\/\/www.editorialsanzytorres.com\/libros\/materias\/ciencias-sociales-y-juridicas\/psicologia\/psicologia-social-y-de-las-organizaciones\/472\/\" target=\"_blank\" rel=\"noopener\">Psicolog\u00eda Social y de las Organizaciones\u00a0<\/a><span class=\"slash\">\/<\/span><\/li>\n<\/ul>\n<\/div>\n<div class=\"muestras descargas\">\n<h4>ARCHIVOS ASOCIADOS:<\/h4>\n<ul>\n<li><a href=\"http:\/\/www.editorialsanzytorres.com\/static\/pdf\/9788418316920Cubierta.pdf\" target=\"_blank\" rel=\"noopener\">Portada<\/a><\/li>\n<li><a href=\"http:\/\/www.editorialsanzytorres.com\/static\/pdf\/9788418316920Indice.pdf\" target=\"_blank\" rel=\"noopener\">\u00cdndice<\/a><\/li>\n<li><a href=\"http:\/\/www.editorialsanzytorres.com\/static\/pdf\/9788418316920Muestra.pdf\" target=\"_blank\" rel=\"noopener\">Cap\u00edtulo 1<\/a><\/li>\n<\/ul>\n<h4>RESUMEN<\/h4>\n<div align=\"justify\">En 1922 Gregorio Mara\u00f1\u00f3n y Posadillo publica en un libro, Homenaje a Santiago Ram\u00f3n y Cajal, el art\u00edculo sobre la Acci\u00f3n Emotiva de la Adrenalina que, traducido al franc\u00e9s y ampliado en cuanto al n\u00famero de participantes, se publica dos a\u00f1os m\u00e1s tarde en la Revista Francesa de Endocrinolog\u00eda, convirti\u00e9ndose en la obra de Mara\u00f1\u00f3n m\u00e1s citada internacionalmente y\u00a0 la que ha marcado el rumbo de la investigaci\u00f3n cient\u00edfica sobre la emoci\u00f3n a lo largo de todo el siglo XX y lo que va del siglo XXI. Hay tres momentos clave en esta historia. En primer lugar, el descubrimiento en 1927 a la comunidad cient\u00edfica del art\u00edculo de Mara\u00f1\u00f3n por parte de uno de los fisi\u00f3logos m\u00e1s importantes de la primera mitad del siglo XX: Walter Bradford Cannon. En segundo lugar, la relevancia que adquiere el art\u00edculo durante la segunda mitad del siglo pasado, coincidiendo con el auge de la psicolog\u00eda cognitiva, a partir del art\u00edculo de Schachter y Singer de 1962 sobre los determinantes fisiol\u00f3gicos, cognitivos y sociales de la emoci\u00f3n. Y, en tercer lugar, el nuevo reconocimiento de la aportaci\u00f3n original de Mara\u00f1\u00f3n en el contexto del actual auge de la neurociencia afectiva. Este libro narra esta historia intentando comprender, desde la cima de los cien a\u00f1os transcurridos, por qu\u00e9 el art\u00edculo de 1922, al igual que la ingente obra cient\u00edfica de Mara\u00f1\u00f3n, ha terminado impactando mucho m\u00e1s en el \u00e1mbito de la psicolog\u00eda que en el \u00e1mbito de su propia especialidad m\u00e9dica, la endocrinolog\u00eda.<\/div>\n<\/div>\n<p>&nbsp;<\/p>\n<\/div><div ><a class=\"fusion-button button-flat fusion-button-default-size button-pink fusion-button-pink button-1 fusion-button-default-span fusion-button-default-type\" target=\"_blank\" rel=\"noopener noreferrer\" href=\"http:\/\/www.editorialsanzytorres.com\/libros\/gregorio-maranon-y-la-emocion\/9788418316920\/\"><i class=\"fa-shopping-cart fas button-icon-left\" aria-hidden=\"true\"><\/i><span class=\"fusion-button-text\">COMPRAR<\/span><\/a><\/div><\/div><\/div><\/div><\/div>\n","protected":false},"excerpt":{"rendered":"","protected":false},"author":1,"featured_media":1961,"comment_status":"closed","ping_status":"open","sticky":false,"template":"","format":"standard","meta":{"footnotes":""},"categories":[13],"tags":[14],"class_list":["post-1959","post","type-post","status-publish","format-standard","has-post-thumbnail","hentry","category-publicaciones","tag-clasicos-psicologia-ape"],"_links":{"self":[{"href":"https:\/\/www.academiapsicologia.com\/index.php\/wp-json\/wp\/v2\/posts\/1959","targetHints":{"allow":["GET"]}}],"collection":[{"href":"https:\/\/www.academiapsicologia.com\/index.php\/wp-json\/wp\/v2\/posts"}],"about":[{"href":"https:\/\/www.academiapsicologia.com\/index.php\/wp-json\/wp\/v2\/types\/post"}],"author":[{"embeddable":true,"href":"https:\/\/www.academiapsicologia.com\/index.php\/wp-json\/wp\/v2\/users\/1"}],"replies":[{"embeddable":true,"href":"https:\/\/www.academiapsicologia.com\/index.php\/wp-json\/wp\/v2\/comments?post=1959"}],"version-history":[{"count":4,"href":"https:\/\/www.academiapsicologia.com\/index.php\/wp-json\/wp\/v2\/posts\/1959\/revisions"}],"predecessor-version":[{"id":1965,"href":"https:\/\/www.academiapsicologia.com\/index.php\/wp-json\/wp\/v2\/posts\/1959\/revisions\/1965"}],"wp:featuredmedia":[{"embeddable":true,"href":"https:\/\/www.academiapsicologia.com\/index.php\/wp-json\/wp\/v2\/media\/1961"}],"wp:attachment":[{"href":"https:\/\/www.academiapsicologia.com\/index.php\/wp-json\/wp\/v2\/media?parent=1959"}],"wp:term":[{"taxonomy":"category","embeddable":true,"href":"https:\/\/www.academiapsicologia.com\/index.php\/wp-json\/wp\/v2\/categories?post=1959"},{"taxonomy":"post_tag","embeddable":true,"href":"https:\/\/www.academiapsicologia.com\/index.php\/wp-json\/wp\/v2\/tags?post=1959"}],"curies":[{"name":"wp","href":"https:\/\/api.w.org\/{rel}","templated":true}]}}