{"id":2025,"date":"2023-03-28T15:05:20","date_gmt":"2023-03-28T13:05:20","guid":{"rendered":"https:\/\/www.academiapsicologia.com\/?p=2025"},"modified":"2023-03-28T15:06:23","modified_gmt":"2023-03-28T13:06:23","slug":"presentacion-del-libro-gregorio-maranon-y-la-emocion-23-03-2023","status":"publish","type":"post","link":"https:\/\/www.academiapsicologia.com\/index.php\/2023\/03\/28\/presentacion-del-libro-gregorio-maranon-y-la-emocion-23-03-2023\/","title":{"rendered":"Presentaci\u00f3n del libro \u00abGregorio Mara\u00f1\u00f3n y la emoci\u00f3n\u00bb (23\/03\/2023)"},"content":{"rendered":"<h3>Intervienen:<\/h3>\n<h4><strong>Helio Carpintero Capell.<\/strong><br \/>\n<em>Presidente de APE.<\/em><\/h4>\n<h4><strong>Alicia Salvador.<\/strong><br \/>\n<em>Acad\u00e9mica de la APE.<\/em><\/h4>\n<h4><strong>Mar\u00eda Dolores Avia.<\/strong><br \/>\n<em>Catedr\u00e1tica de Personalidad de la UCM.<\/em><\/h4>\n<h4><strong>Jaime Vila.<\/strong><br \/>\n<em>Acad\u00e9mico de la APE y Autor del libro.<\/em><\/h4>\n<h4><strong>Fernando Bandr\u00e9s.<\/strong><br \/>\n<em>Director del Centro de Estudios Gregorio Mara\u00f1\u00f3n de la Fundaci\u00f3n Ortega-Mara\u00f1\u00f3n.<\/em><\/h4>\n<h3><strong>FOTOGRAF\u00cdAS DEL ACTO<\/strong><\/h3>\n\n\t\t<style type=\"text\/css\">\n\t\t\t#gallery-1 {\n\t\t\t\tmargin: auto;\n\t\t\t}\n\t\t\t#gallery-1 .gallery-item {\n\t\t\t\tfloat: left;\n\t\t\t\tmargin-top: 10px;\n\t\t\t\ttext-align: center;\n\t\t\t\twidth: 20%;\n\t\t\t}\n\t\t\t#gallery-1 img {\n\t\t\t\tborder: 2px solid #cfcfcf;\n\t\t\t}\n\t\t\t#gallery-1 .gallery-caption {\n\t\t\t\tmargin-left: 0;\n\t\t\t}\n\t\t\t\/* see gallery_shortcode() in wp-includes\/media.php *\/\n\t\t<\/style>\n\t\t<div id='gallery-1' class='gallery galleryid-2025 gallery-columns-5 gallery-size-medium'><dl class='gallery-item'>\n\t\t\t<dt class='gallery-icon landscape'>\n\t\t\t\t<a data-rel=\"iLightbox[postimages]\" data-title=\"Presentacion Libro &#8211; Gregorio Mara\u00f1on y la Emocion &#8211; 02\" data-caption=\"\" href='https:\/\/www.academiapsicologia.com\/wp-content\/uploads\/2023\/03\/Presentacion-Libro-Gregorio-Maranon-y-la-Emocion-02.jpeg'><img decoding=\"async\" width=\"300\" height=\"225\" src=\"https:\/\/www.academiapsicologia.com\/wp-content\/uploads\/2023\/03\/Presentacion-Libro-Gregorio-Maranon-y-la-Emocion-02-300x225.jpeg\" class=\"attachment-medium size-medium\" alt=\"\" srcset=\"https:\/\/www.academiapsicologia.com\/wp-content\/uploads\/2023\/03\/Presentacion-Libro-Gregorio-Maranon-y-la-Emocion-02-200x150.jpeg 200w, https:\/\/www.academiapsicologia.com\/wp-content\/uploads\/2023\/03\/Presentacion-Libro-Gregorio-Maranon-y-la-Emocion-02-300x225.jpeg 300w, https:\/\/www.academiapsicologia.com\/wp-content\/uploads\/2023\/03\/Presentacion-Libro-Gregorio-Maranon-y-la-Emocion-02-400x300.jpeg 400w, https:\/\/www.academiapsicologia.com\/wp-content\/uploads\/2023\/03\/Presentacion-Libro-Gregorio-Maranon-y-la-Emocion-02-600x450.jpeg 600w, https:\/\/www.academiapsicologia.com\/wp-content\/uploads\/2023\/03\/Presentacion-Libro-Gregorio-Maranon-y-la-Emocion-02-768x576.jpeg 768w, https:\/\/www.academiapsicologia.com\/wp-content\/uploads\/2023\/03\/Presentacion-Libro-Gregorio-Maranon-y-la-Emocion-02-800x600.jpeg 800w, https:\/\/www.academiapsicologia.com\/wp-content\/uploads\/2023\/03\/Presentacion-Libro-Gregorio-Maranon-y-la-Emocion-02-1024x768.jpeg 1024w, https:\/\/www.academiapsicologia.com\/wp-content\/uploads\/2023\/03\/Presentacion-Libro-Gregorio-Maranon-y-la-Emocion-02-1200x900.jpeg 1200w, https:\/\/www.academiapsicologia.com\/wp-content\/uploads\/2023\/03\/Presentacion-Libro-Gregorio-Maranon-y-la-Emocion-02-1536x1152.jpeg 1536w\" sizes=\"(max-width: 300px) 100vw, 300px\" \/><\/a>\n\t\t\t<\/dt><\/dl><dl class='gallery-item'>\n\t\t\t<dt class='gallery-icon landscape'>\n\t\t\t\t<a data-rel=\"iLightbox[postimages]\" data-title=\"Presentacion Libro &#8211; Gregorio Mara\u00f1on y la Emocion &#8211; 03\" data-caption=\"\" href='https:\/\/www.academiapsicologia.com\/wp-content\/uploads\/2023\/03\/Presentacion-Libro-Gregorio-Maranon-y-la-Emocion-03.jpg'><img decoding=\"async\" width=\"300\" height=\"225\" src=\"https:\/\/www.academiapsicologia.com\/wp-content\/uploads\/2023\/03\/Presentacion-Libro-Gregorio-Maranon-y-la-Emocion-03-300x225.jpg\" class=\"attachment-medium size-medium\" alt=\"\" srcset=\"https:\/\/www.academiapsicologia.com\/wp-content\/uploads\/2023\/03\/Presentacion-Libro-Gregorio-Maranon-y-la-Emocion-03-200x150.jpg 200w, https:\/\/www.academiapsicologia.com\/wp-content\/uploads\/2023\/03\/Presentacion-Libro-Gregorio-Maranon-y-la-Emocion-03-300x225.jpg 300w, https:\/\/www.academiapsicologia.com\/wp-content\/uploads\/2023\/03\/Presentacion-Libro-Gregorio-Maranon-y-la-Emocion-03-400x300.jpg 400w, https:\/\/www.academiapsicologia.com\/wp-content\/uploads\/2023\/03\/Presentacion-Libro-Gregorio-Maranon-y-la-Emocion-03-600x450.jpg 600w, https:\/\/www.academiapsicologia.com\/wp-content\/uploads\/2023\/03\/Presentacion-Libro-Gregorio-Maranon-y-la-Emocion-03-768x576.jpg 768w, https:\/\/www.academiapsicologia.com\/wp-content\/uploads\/2023\/03\/Presentacion-Libro-Gregorio-Maranon-y-la-Emocion-03-800x600.jpg 800w, https:\/\/www.academiapsicologia.com\/wp-content\/uploads\/2023\/03\/Presentacion-Libro-Gregorio-Maranon-y-la-Emocion-03-1024x768.jpg 1024w, https:\/\/www.academiapsicologia.com\/wp-content\/uploads\/2023\/03\/Presentacion-Libro-Gregorio-Maranon-y-la-Emocion-03-1200x900.jpg 1200w, https:\/\/www.academiapsicologia.com\/wp-content\/uploads\/2023\/03\/Presentacion-Libro-Gregorio-Maranon-y-la-Emocion-03-1536x1152.jpg 1536w\" sizes=\"(max-width: 300px) 100vw, 300px\" \/><\/a>\n\t\t\t<\/dt><\/dl><dl class='gallery-item'>\n\t\t\t<dt class='gallery-icon landscape'>\n\t\t\t\t<a data-rel=\"iLightbox[postimages]\" data-title=\"Presentacion Libro &#8211; Gregorio Mara\u00f1on y la Emocion &#8211; 04\" data-caption=\"\" href='https:\/\/www.academiapsicologia.com\/wp-content\/uploads\/2023\/03\/Presentacion-Libro-Gregorio-Maranon-y-la-Emocion-04.jpg'><img decoding=\"async\" width=\"300\" height=\"225\" src=\"https:\/\/www.academiapsicologia.com\/wp-content\/uploads\/2023\/03\/Presentacion-Libro-Gregorio-Maranon-y-la-Emocion-04-300x225.jpg\" class=\"attachment-medium size-medium\" alt=\"\" srcset=\"https:\/\/www.academiapsicologia.com\/wp-content\/uploads\/2023\/03\/Presentacion-Libro-Gregorio-Maranon-y-la-Emocion-04-200x150.jpg 200w, https:\/\/www.academiapsicologia.com\/wp-content\/uploads\/2023\/03\/Presentacion-Libro-Gregorio-Maranon-y-la-Emocion-04-300x225.jpg 300w, https:\/\/www.academiapsicologia.com\/wp-content\/uploads\/2023\/03\/Presentacion-Libro-Gregorio-Maranon-y-la-Emocion-04-400x300.jpg 400w, https:\/\/www.academiapsicologia.com\/wp-content\/uploads\/2023\/03\/Presentacion-Libro-Gregorio-Maranon-y-la-Emocion-04-600x450.jpg 600w, https:\/\/www.academiapsicologia.com\/wp-content\/uploads\/2023\/03\/Presentacion-Libro-Gregorio-Maranon-y-la-Emocion-04-768x576.jpg 768w, https:\/\/www.academiapsicologia.com\/wp-content\/uploads\/2023\/03\/Presentacion-Libro-Gregorio-Maranon-y-la-Emocion-04-800x600.jpg 800w, https:\/\/www.academiapsicologia.com\/wp-content\/uploads\/2023\/03\/Presentacion-Libro-Gregorio-Maranon-y-la-Emocion-04-1024x768.jpg 1024w, https:\/\/www.academiapsicologia.com\/wp-content\/uploads\/2023\/03\/Presentacion-Libro-Gregorio-Maranon-y-la-Emocion-04-1200x900.jpg 1200w, https:\/\/www.academiapsicologia.com\/wp-content\/uploads\/2023\/03\/Presentacion-Libro-Gregorio-Maranon-y-la-Emocion-04-1536x1152.jpg 1536w\" sizes=\"(max-width: 300px) 100vw, 300px\" \/><\/a>\n\t\t\t<\/dt><\/dl><dl class='gallery-item'>\n\t\t\t<dt class='gallery-icon landscape'>\n\t\t\t\t<a data-rel=\"iLightbox[postimages]\" data-title=\"Presentacion Libro &#8211; Gregorio Mara\u00f1on y la Emocion &#8211; 05\" data-caption=\"\" href='https:\/\/www.academiapsicologia.com\/wp-content\/uploads\/2023\/03\/Presentacion-Libro-Gregorio-Maranon-y-la-Emocion-05.jpg'><img decoding=\"async\" width=\"300\" height=\"225\" src=\"https:\/\/www.academiapsicologia.com\/wp-content\/uploads\/2023\/03\/Presentacion-Libro-Gregorio-Maranon-y-la-Emocion-05-300x225.jpg\" class=\"attachment-medium size-medium\" alt=\"\" srcset=\"https:\/\/www.academiapsicologia.com\/wp-content\/uploads\/2023\/03\/Presentacion-Libro-Gregorio-Maranon-y-la-Emocion-05-200x150.jpg 200w, https:\/\/www.academiapsicologia.com\/wp-content\/uploads\/2023\/03\/Presentacion-Libro-Gregorio-Maranon-y-la-Emocion-05-300x225.jpg 300w, https:\/\/www.academiapsicologia.com\/wp-content\/uploads\/2023\/03\/Presentacion-Libro-Gregorio-Maranon-y-la-Emocion-05-400x300.jpg 400w, https:\/\/www.academiapsicologia.com\/wp-content\/uploads\/2023\/03\/Presentacion-Libro-Gregorio-Maranon-y-la-Emocion-05-600x450.jpg 600w, https:\/\/www.academiapsicologia.com\/wp-content\/uploads\/2023\/03\/Presentacion-Libro-Gregorio-Maranon-y-la-Emocion-05-768x576.jpg 768w, https:\/\/www.academiapsicologia.com\/wp-content\/uploads\/2023\/03\/Presentacion-Libro-Gregorio-Maranon-y-la-Emocion-05-800x600.jpg 800w, https:\/\/www.academiapsicologia.com\/wp-content\/uploads\/2023\/03\/Presentacion-Libro-Gregorio-Maranon-y-la-Emocion-05-1024x768.jpg 1024w, https:\/\/www.academiapsicologia.com\/wp-content\/uploads\/2023\/03\/Presentacion-Libro-Gregorio-Maranon-y-la-Emocion-05-1200x900.jpg 1200w, https:\/\/www.academiapsicologia.com\/wp-content\/uploads\/2023\/03\/Presentacion-Libro-Gregorio-Maranon-y-la-Emocion-05-1536x1152.jpg 1536w\" sizes=\"(max-width: 300px) 100vw, 300px\" \/><\/a>\n\t\t\t<\/dt><\/dl><dl class='gallery-item'>\n\t\t\t<dt class='gallery-icon landscape'>\n\t\t\t\t<a data-rel=\"iLightbox[postimages]\" data-title=\"Presentacion Libro &#8211; Gregorio Mara\u00f1on y la Emocion &#8211; 06\" data-caption=\"\" href='https:\/\/www.academiapsicologia.com\/wp-content\/uploads\/2023\/03\/Presentacion-Libro-Gregorio-Maranon-y-la-Emocion-06.jpg'><img decoding=\"async\" width=\"300\" height=\"225\" src=\"https:\/\/www.academiapsicologia.com\/wp-content\/uploads\/2023\/03\/Presentacion-Libro-Gregorio-Maranon-y-la-Emocion-06-300x225.jpg\" class=\"attachment-medium size-medium\" alt=\"\" srcset=\"https:\/\/www.academiapsicologia.com\/wp-content\/uploads\/2023\/03\/Presentacion-Libro-Gregorio-Maranon-y-la-Emocion-06-200x150.jpg 200w, https:\/\/www.academiapsicologia.com\/wp-content\/uploads\/2023\/03\/Presentacion-Libro-Gregorio-Maranon-y-la-Emocion-06-300x225.jpg 300w, https:\/\/www.academiapsicologia.com\/wp-content\/uploads\/2023\/03\/Presentacion-Libro-Gregorio-Maranon-y-la-Emocion-06-400x300.jpg 400w, https:\/\/www.academiapsicologia.com\/wp-content\/uploads\/2023\/03\/Presentacion-Libro-Gregorio-Maranon-y-la-Emocion-06-600x450.jpg 600w, https:\/\/www.academiapsicologia.com\/wp-content\/uploads\/2023\/03\/Presentacion-Libro-Gregorio-Maranon-y-la-Emocion-06-768x576.jpg 768w, https:\/\/www.academiapsicologia.com\/wp-content\/uploads\/2023\/03\/Presentacion-Libro-Gregorio-Maranon-y-la-Emocion-06-800x600.jpg 800w, https:\/\/www.academiapsicologia.com\/wp-content\/uploads\/2023\/03\/Presentacion-Libro-Gregorio-Maranon-y-la-Emocion-06-1024x768.jpg 1024w, https:\/\/www.academiapsicologia.com\/wp-content\/uploads\/2023\/03\/Presentacion-Libro-Gregorio-Maranon-y-la-Emocion-06-1200x900.jpg 1200w, https:\/\/www.academiapsicologia.com\/wp-content\/uploads\/2023\/03\/Presentacion-Libro-Gregorio-Maranon-y-la-Emocion-06-1536x1152.jpg 1536w\" sizes=\"(max-width: 300px) 100vw, 300px\" \/><\/a>\n\t\t\t<\/dt><\/dl><br style=\"clear: both\" \/><dl class='gallery-item'>\n\t\t\t<dt class='gallery-icon landscape'>\n\t\t\t\t<a data-rel=\"iLightbox[postimages]\" data-title=\"Presentacion Libro &#8211; Gregorio Mara\u00f1on y la Emocion &#8211; 07\" data-caption=\"\" href='https:\/\/www.academiapsicologia.com\/wp-content\/uploads\/2023\/03\/Presentacion-Libro-Gregorio-Maranon-y-la-Emocion-07.jpg'><img decoding=\"async\" width=\"300\" height=\"225\" src=\"https:\/\/www.academiapsicologia.com\/wp-content\/uploads\/2023\/03\/Presentacion-Libro-Gregorio-Maranon-y-la-Emocion-07-300x225.jpg\" class=\"attachment-medium size-medium\" alt=\"\" srcset=\"https:\/\/www.academiapsicologia.com\/wp-content\/uploads\/2023\/03\/Presentacion-Libro-Gregorio-Maranon-y-la-Emocion-07-200x150.jpg 200w, https:\/\/www.academiapsicologia.com\/wp-content\/uploads\/2023\/03\/Presentacion-Libro-Gregorio-Maranon-y-la-Emocion-07-300x225.jpg 300w, https:\/\/www.academiapsicologia.com\/wp-content\/uploads\/2023\/03\/Presentacion-Libro-Gregorio-Maranon-y-la-Emocion-07-400x300.jpg 400w, https:\/\/www.academiapsicologia.com\/wp-content\/uploads\/2023\/03\/Presentacion-Libro-Gregorio-Maranon-y-la-Emocion-07-600x450.jpg 600w, https:\/\/www.academiapsicologia.com\/wp-content\/uploads\/2023\/03\/Presentacion-Libro-Gregorio-Maranon-y-la-Emocion-07-768x576.jpg 768w, https:\/\/www.academiapsicologia.com\/wp-content\/uploads\/2023\/03\/Presentacion-Libro-Gregorio-Maranon-y-la-Emocion-07-800x600.jpg 800w, https:\/\/www.academiapsicologia.com\/wp-content\/uploads\/2023\/03\/Presentacion-Libro-Gregorio-Maranon-y-la-Emocion-07-1024x768.jpg 1024w, https:\/\/www.academiapsicologia.com\/wp-content\/uploads\/2023\/03\/Presentacion-Libro-Gregorio-Maranon-y-la-Emocion-07-1200x900.jpg 1200w, https:\/\/www.academiapsicologia.com\/wp-content\/uploads\/2023\/03\/Presentacion-Libro-Gregorio-Maranon-y-la-Emocion-07-1536x1152.jpg 1536w\" sizes=\"(max-width: 300px) 100vw, 300px\" \/><\/a>\n\t\t\t<\/dt><\/dl><dl class='gallery-item'>\n\t\t\t<dt class='gallery-icon landscape'>\n\t\t\t\t<a data-rel=\"iLightbox[postimages]\" data-title=\"Presentacion Libro &#8211; Gregorio Mara\u00f1on y la Emocion &#8211; 08\" data-caption=\"\" href='https:\/\/www.academiapsicologia.com\/wp-content\/uploads\/2023\/03\/Presentacion-Libro-Gregorio-Maranon-y-la-Emocion-08.jpg'><img decoding=\"async\" width=\"300\" height=\"225\" src=\"https:\/\/www.academiapsicologia.com\/wp-content\/uploads\/2023\/03\/Presentacion-Libro-Gregorio-Maranon-y-la-Emocion-08-300x225.jpg\" class=\"attachment-medium size-medium\" alt=\"\" srcset=\"https:\/\/www.academiapsicologia.com\/wp-content\/uploads\/2023\/03\/Presentacion-Libro-Gregorio-Maranon-y-la-Emocion-08-200x150.jpg 200w, https:\/\/www.academiapsicologia.com\/wp-content\/uploads\/2023\/03\/Presentacion-Libro-Gregorio-Maranon-y-la-Emocion-08-300x225.jpg 300w, https:\/\/www.academiapsicologia.com\/wp-content\/uploads\/2023\/03\/Presentacion-Libro-Gregorio-Maranon-y-la-Emocion-08-400x300.jpg 400w, https:\/\/www.academiapsicologia.com\/wp-content\/uploads\/2023\/03\/Presentacion-Libro-Gregorio-Maranon-y-la-Emocion-08-600x450.jpg 600w, https:\/\/www.academiapsicologia.com\/wp-content\/uploads\/2023\/03\/Presentacion-Libro-Gregorio-Maranon-y-la-Emocion-08-768x576.jpg 768w, https:\/\/www.academiapsicologia.com\/wp-content\/uploads\/2023\/03\/Presentacion-Libro-Gregorio-Maranon-y-la-Emocion-08-800x600.jpg 800w, https:\/\/www.academiapsicologia.com\/wp-content\/uploads\/2023\/03\/Presentacion-Libro-Gregorio-Maranon-y-la-Emocion-08-1024x768.jpg 1024w, https:\/\/www.academiapsicologia.com\/wp-content\/uploads\/2023\/03\/Presentacion-Libro-Gregorio-Maranon-y-la-Emocion-08-1200x900.jpg 1200w, https:\/\/www.academiapsicologia.com\/wp-content\/uploads\/2023\/03\/Presentacion-Libro-Gregorio-Maranon-y-la-Emocion-08-1536x1152.jpg 1536w\" sizes=\"(max-width: 300px) 100vw, 300px\" \/><\/a>\n\t\t\t<\/dt><\/dl><dl class='gallery-item'>\n\t\t\t<dt class='gallery-icon landscape'>\n\t\t\t\t<a data-rel=\"iLightbox[postimages]\" data-title=\"Presentacion Libro &#8211; Gregorio Mara\u00f1on y la Emocion &#8211; 09\" data-caption=\"\" href='https:\/\/www.academiapsicologia.com\/wp-content\/uploads\/2023\/03\/Presentacion-Libro-Gregorio-Maranon-y-la-Emocion-09.jpg'><img decoding=\"async\" width=\"300\" height=\"225\" src=\"https:\/\/www.academiapsicologia.com\/wp-content\/uploads\/2023\/03\/Presentacion-Libro-Gregorio-Maranon-y-la-Emocion-09-300x225.jpg\" class=\"attachment-medium size-medium\" alt=\"\" srcset=\"https:\/\/www.academiapsicologia.com\/wp-content\/uploads\/2023\/03\/Presentacion-Libro-Gregorio-Maranon-y-la-Emocion-09-200x150.jpg 200w, https:\/\/www.academiapsicologia.com\/wp-content\/uploads\/2023\/03\/Presentacion-Libro-Gregorio-Maranon-y-la-Emocion-09-300x225.jpg 300w, https:\/\/www.academiapsicologia.com\/wp-content\/uploads\/2023\/03\/Presentacion-Libro-Gregorio-Maranon-y-la-Emocion-09-400x300.jpg 400w, https:\/\/www.academiapsicologia.com\/wp-content\/uploads\/2023\/03\/Presentacion-Libro-Gregorio-Maranon-y-la-Emocion-09-600x450.jpg 600w, https:\/\/www.academiapsicologia.com\/wp-content\/uploads\/2023\/03\/Presentacion-Libro-Gregorio-Maranon-y-la-Emocion-09-768x576.jpg 768w, https:\/\/www.academiapsicologia.com\/wp-content\/uploads\/2023\/03\/Presentacion-Libro-Gregorio-Maranon-y-la-Emocion-09-800x600.jpg 800w, https:\/\/www.academiapsicologia.com\/wp-content\/uploads\/2023\/03\/Presentacion-Libro-Gregorio-Maranon-y-la-Emocion-09-1024x768.jpg 1024w, https:\/\/www.academiapsicologia.com\/wp-content\/uploads\/2023\/03\/Presentacion-Libro-Gregorio-Maranon-y-la-Emocion-09-1200x900.jpg 1200w, https:\/\/www.academiapsicologia.com\/wp-content\/uploads\/2023\/03\/Presentacion-Libro-Gregorio-Maranon-y-la-Emocion-09-1536x1152.jpg 1536w\" sizes=\"(max-width: 300px) 100vw, 300px\" \/><\/a>\n\t\t\t<\/dt><\/dl><dl class='gallery-item'>\n\t\t\t<dt class='gallery-icon landscape'>\n\t\t\t\t<a data-rel=\"iLightbox[postimages]\" data-title=\"Presentacion Libro &#8211; Gregorio Mara\u00f1on y la Emocion &#8211; 10\" data-caption=\"\" href='https:\/\/www.academiapsicologia.com\/wp-content\/uploads\/2023\/03\/Presentacion-Libro-Gregorio-Maranon-y-la-Emocion-10.jpg'><img decoding=\"async\" width=\"300\" height=\"225\" src=\"https:\/\/www.academiapsicologia.com\/wp-content\/uploads\/2023\/03\/Presentacion-Libro-Gregorio-Maranon-y-la-Emocion-10-300x225.jpg\" class=\"attachment-medium size-medium\" alt=\"\" srcset=\"https:\/\/www.academiapsicologia.com\/wp-content\/uploads\/2023\/03\/Presentacion-Libro-Gregorio-Maranon-y-la-Emocion-10-200x150.jpg 200w, https:\/\/www.academiapsicologia.com\/wp-content\/uploads\/2023\/03\/Presentacion-Libro-Gregorio-Maranon-y-la-Emocion-10-300x225.jpg 300w, https:\/\/www.academiapsicologia.com\/wp-content\/uploads\/2023\/03\/Presentacion-Libro-Gregorio-Maranon-y-la-Emocion-10-400x300.jpg 400w, https:\/\/www.academiapsicologia.com\/wp-content\/uploads\/2023\/03\/Presentacion-Libro-Gregorio-Maranon-y-la-Emocion-10-600x450.jpg 600w, https:\/\/www.academiapsicologia.com\/wp-content\/uploads\/2023\/03\/Presentacion-Libro-Gregorio-Maranon-y-la-Emocion-10-768x576.jpg 768w, https:\/\/www.academiapsicologia.com\/wp-content\/uploads\/2023\/03\/Presentacion-Libro-Gregorio-Maranon-y-la-Emocion-10-800x600.jpg 800w, https:\/\/www.academiapsicologia.com\/wp-content\/uploads\/2023\/03\/Presentacion-Libro-Gregorio-Maranon-y-la-Emocion-10-1024x768.jpg 1024w, https:\/\/www.academiapsicologia.com\/wp-content\/uploads\/2023\/03\/Presentacion-Libro-Gregorio-Maranon-y-la-Emocion-10-1200x900.jpg 1200w, https:\/\/www.academiapsicologia.com\/wp-content\/uploads\/2023\/03\/Presentacion-Libro-Gregorio-Maranon-y-la-Emocion-10-1536x1152.jpg 1536w\" sizes=\"(max-width: 300px) 100vw, 300px\" \/><\/a>\n\t\t\t<\/dt><\/dl><dl class='gallery-item'>\n\t\t\t<dt class='gallery-icon landscape'>\n\t\t\t\t<a data-rel=\"iLightbox[postimages]\" data-title=\"Presentacion Libro &#8211; Gregorio Mara\u00f1on y la Emocion &#8211; 11\" data-caption=\"\" href='https:\/\/www.academiapsicologia.com\/wp-content\/uploads\/2023\/03\/Presentacion-Libro-Gregorio-Maranon-y-la-Emocion-11.jpg'><img decoding=\"async\" width=\"300\" height=\"225\" src=\"https:\/\/www.academiapsicologia.com\/wp-content\/uploads\/2023\/03\/Presentacion-Libro-Gregorio-Maranon-y-la-Emocion-11-300x225.jpg\" class=\"attachment-medium size-medium\" alt=\"\" srcset=\"https:\/\/www.academiapsicologia.com\/wp-content\/uploads\/2023\/03\/Presentacion-Libro-Gregorio-Maranon-y-la-Emocion-11-200x150.jpg 200w, https:\/\/www.academiapsicologia.com\/wp-content\/uploads\/2023\/03\/Presentacion-Libro-Gregorio-Maranon-y-la-Emocion-11-300x225.jpg 300w, https:\/\/www.academiapsicologia.com\/wp-content\/uploads\/2023\/03\/Presentacion-Libro-Gregorio-Maranon-y-la-Emocion-11-400x300.jpg 400w, https:\/\/www.academiapsicologia.com\/wp-content\/uploads\/2023\/03\/Presentacion-Libro-Gregorio-Maranon-y-la-Emocion-11-600x450.jpg 600w, https:\/\/www.academiapsicologia.com\/wp-content\/uploads\/2023\/03\/Presentacion-Libro-Gregorio-Maranon-y-la-Emocion-11-768x576.jpg 768w, https:\/\/www.academiapsicologia.com\/wp-content\/uploads\/2023\/03\/Presentacion-Libro-Gregorio-Maranon-y-la-Emocion-11-800x600.jpg 800w, https:\/\/www.academiapsicologia.com\/wp-content\/uploads\/2023\/03\/Presentacion-Libro-Gregorio-Maranon-y-la-Emocion-11-1024x768.jpg 1024w, https:\/\/www.academiapsicologia.com\/wp-content\/uploads\/2023\/03\/Presentacion-Libro-Gregorio-Maranon-y-la-Emocion-11-1200x900.jpg 1200w, https:\/\/www.academiapsicologia.com\/wp-content\/uploads\/2023\/03\/Presentacion-Libro-Gregorio-Maranon-y-la-Emocion-11-1536x1152.jpg 1536w\" sizes=\"(max-width: 300px) 100vw, 300px\" \/><\/a>\n\t\t\t<\/dt><\/dl><br style=\"clear: both\" \/><dl class='gallery-item'>\n\t\t\t<dt class='gallery-icon landscape'>\n\t\t\t\t<a data-rel=\"iLightbox[postimages]\" data-title=\"Presentacion Libro &#8211; Gregorio Mara\u00f1on y la Emocion &#8211; 12\" data-caption=\"\" href='https:\/\/www.academiapsicologia.com\/wp-content\/uploads\/2023\/03\/Presentacion-Libro-Gregorio-Maranon-y-la-Emocion-12.jpg'><img decoding=\"async\" width=\"300\" height=\"225\" src=\"https:\/\/www.academiapsicologia.com\/wp-content\/uploads\/2023\/03\/Presentacion-Libro-Gregorio-Maranon-y-la-Emocion-12-300x225.jpg\" class=\"attachment-medium size-medium\" alt=\"\" srcset=\"https:\/\/www.academiapsicologia.com\/wp-content\/uploads\/2023\/03\/Presentacion-Libro-Gregorio-Maranon-y-la-Emocion-12-200x150.jpg 200w, https:\/\/www.academiapsicologia.com\/wp-content\/uploads\/2023\/03\/Presentacion-Libro-Gregorio-Maranon-y-la-Emocion-12-300x225.jpg 300w, https:\/\/www.academiapsicologia.com\/wp-content\/uploads\/2023\/03\/Presentacion-Libro-Gregorio-Maranon-y-la-Emocion-12-400x300.jpg 400w, https:\/\/www.academiapsicologia.com\/wp-content\/uploads\/2023\/03\/Presentacion-Libro-Gregorio-Maranon-y-la-Emocion-12-600x450.jpg 600w, https:\/\/www.academiapsicologia.com\/wp-content\/uploads\/2023\/03\/Presentacion-Libro-Gregorio-Maranon-y-la-Emocion-12-768x576.jpg 768w, https:\/\/www.academiapsicologia.com\/wp-content\/uploads\/2023\/03\/Presentacion-Libro-Gregorio-Maranon-y-la-Emocion-12-800x600.jpg 800w, https:\/\/www.academiapsicologia.com\/wp-content\/uploads\/2023\/03\/Presentacion-Libro-Gregorio-Maranon-y-la-Emocion-12-1024x768.jpg 1024w, https:\/\/www.academiapsicologia.com\/wp-content\/uploads\/2023\/03\/Presentacion-Libro-Gregorio-Maranon-y-la-Emocion-12-1200x900.jpg 1200w, https:\/\/www.academiapsicologia.com\/wp-content\/uploads\/2023\/03\/Presentacion-Libro-Gregorio-Maranon-y-la-Emocion-12-1536x1152.jpg 1536w\" sizes=\"(max-width: 300px) 100vw, 300px\" \/><\/a>\n\t\t\t<\/dt><\/dl><dl class='gallery-item'>\n\t\t\t<dt class='gallery-icon portrait'>\n\t\t\t\t<a data-rel=\"iLightbox[postimages]\" data-title=\"Presentacion Libro &#8211; Gregorio Mara\u00f1on y la Emocion &#8211; 13\" data-caption=\"\" href='https:\/\/www.academiapsicologia.com\/wp-content\/uploads\/2023\/03\/Presentacion-Libro-Gregorio-Maranon-y-la-Emocion-13.jpg'><img decoding=\"async\" width=\"225\" height=\"300\" src=\"https:\/\/www.academiapsicologia.com\/wp-content\/uploads\/2023\/03\/Presentacion-Libro-Gregorio-Maranon-y-la-Emocion-13-225x300.jpg\" class=\"attachment-medium size-medium\" alt=\"\" srcset=\"https:\/\/www.academiapsicologia.com\/wp-content\/uploads\/2023\/03\/Presentacion-Libro-Gregorio-Maranon-y-la-Emocion-13-200x267.jpg 200w, https:\/\/www.academiapsicologia.com\/wp-content\/uploads\/2023\/03\/Presentacion-Libro-Gregorio-Maranon-y-la-Emocion-13-225x300.jpg 225w, https:\/\/www.academiapsicologia.com\/wp-content\/uploads\/2023\/03\/Presentacion-Libro-Gregorio-Maranon-y-la-Emocion-13-400x533.jpg 400w, https:\/\/www.academiapsicologia.com\/wp-content\/uploads\/2023\/03\/Presentacion-Libro-Gregorio-Maranon-y-la-Emocion-13-600x800.jpg 600w, https:\/\/www.academiapsicologia.com\/wp-content\/uploads\/2023\/03\/Presentacion-Libro-Gregorio-Maranon-y-la-Emocion-13-768x1024.jpg 768w, https:\/\/www.academiapsicologia.com\/wp-content\/uploads\/2023\/03\/Presentacion-Libro-Gregorio-Maranon-y-la-Emocion-13-800x1067.jpg 800w, https:\/\/www.academiapsicologia.com\/wp-content\/uploads\/2023\/03\/Presentacion-Libro-Gregorio-Maranon-y-la-Emocion-13-1152x1536.jpg 1152w, https:\/\/www.academiapsicologia.com\/wp-content\/uploads\/2023\/03\/Presentacion-Libro-Gregorio-Maranon-y-la-Emocion-13-1200x1600.jpg 1200w, https:\/\/www.academiapsicologia.com\/wp-content\/uploads\/2023\/03\/Presentacion-Libro-Gregorio-Maranon-y-la-Emocion-13-1536x2048.jpg 1536w, https:\/\/www.academiapsicologia.com\/wp-content\/uploads\/2023\/03\/Presentacion-Libro-Gregorio-Maranon-y-la-Emocion-13.jpg 1875w\" sizes=\"(max-width: 225px) 100vw, 225px\" \/><\/a>\n\t\t\t<\/dt><\/dl><dl class='gallery-item'>\n\t\t\t<dt class='gallery-icon landscape'>\n\t\t\t\t<a data-rel=\"iLightbox[postimages]\" data-title=\"Presentacion Libro &#8211; Gregorio Mara\u00f1on y la Emocion &#8211; 14\" data-caption=\"\" href='https:\/\/www.academiapsicologia.com\/wp-content\/uploads\/2023\/03\/Presentacion-Libro-Gregorio-Maranon-y-la-Emocion-14.jpg'><img decoding=\"async\" width=\"300\" height=\"225\" src=\"https:\/\/www.academiapsicologia.com\/wp-content\/uploads\/2023\/03\/Presentacion-Libro-Gregorio-Maranon-y-la-Emocion-14-300x225.jpg\" class=\"attachment-medium size-medium\" alt=\"\" srcset=\"https:\/\/www.academiapsicologia.com\/wp-content\/uploads\/2023\/03\/Presentacion-Libro-Gregorio-Maranon-y-la-Emocion-14-200x150.jpg 200w, https:\/\/www.academiapsicologia.com\/wp-content\/uploads\/2023\/03\/Presentacion-Libro-Gregorio-Maranon-y-la-Emocion-14-300x225.jpg 300w, https:\/\/www.academiapsicologia.com\/wp-content\/uploads\/2023\/03\/Presentacion-Libro-Gregorio-Maranon-y-la-Emocion-14-400x300.jpg 400w, https:\/\/www.academiapsicologia.com\/wp-content\/uploads\/2023\/03\/Presentacion-Libro-Gregorio-Maranon-y-la-Emocion-14-600x450.jpg 600w, https:\/\/www.academiapsicologia.com\/wp-content\/uploads\/2023\/03\/Presentacion-Libro-Gregorio-Maranon-y-la-Emocion-14-768x576.jpg 768w, https:\/\/www.academiapsicologia.com\/wp-content\/uploads\/2023\/03\/Presentacion-Libro-Gregorio-Maranon-y-la-Emocion-14-800x600.jpg 800w, https:\/\/www.academiapsicologia.com\/wp-content\/uploads\/2023\/03\/Presentacion-Libro-Gregorio-Maranon-y-la-Emocion-14-1024x768.jpg 1024w, https:\/\/www.academiapsicologia.com\/wp-content\/uploads\/2023\/03\/Presentacion-Libro-Gregorio-Maranon-y-la-Emocion-14-1200x900.jpg 1200w, https:\/\/www.academiapsicologia.com\/wp-content\/uploads\/2023\/03\/Presentacion-Libro-Gregorio-Maranon-y-la-Emocion-14-1536x1152.jpg 1536w\" sizes=\"(max-width: 300px) 100vw, 300px\" \/><\/a>\n\t\t\t<\/dt><\/dl><dl class='gallery-item'>\n\t\t\t<dt class='gallery-icon portrait'>\n\t\t\t\t<a data-rel=\"iLightbox[postimages]\" data-title=\"Presentacion Libro &#8211; Gregorio Mara\u00f1on y la Emocion &#8211; 15\" data-caption=\"\" href='https:\/\/www.academiapsicologia.com\/wp-content\/uploads\/2023\/03\/Presentacion-Libro-Gregorio-Maranon-y-la-Emocion-15.jpg'><img decoding=\"async\" width=\"225\" height=\"300\" src=\"https:\/\/www.academiapsicologia.com\/wp-content\/uploads\/2023\/03\/Presentacion-Libro-Gregorio-Maranon-y-la-Emocion-15-225x300.jpg\" class=\"attachment-medium size-medium\" alt=\"\" srcset=\"https:\/\/www.academiapsicologia.com\/wp-content\/uploads\/2023\/03\/Presentacion-Libro-Gregorio-Maranon-y-la-Emocion-15-200x267.jpg 200w, https:\/\/www.academiapsicologia.com\/wp-content\/uploads\/2023\/03\/Presentacion-Libro-Gregorio-Maranon-y-la-Emocion-15-225x300.jpg 225w, https:\/\/www.academiapsicologia.com\/wp-content\/uploads\/2023\/03\/Presentacion-Libro-Gregorio-Maranon-y-la-Emocion-15-400x533.jpg 400w, https:\/\/www.academiapsicologia.com\/wp-content\/uploads\/2023\/03\/Presentacion-Libro-Gregorio-Maranon-y-la-Emocion-15-600x800.jpg 600w, https:\/\/www.academiapsicologia.com\/wp-content\/uploads\/2023\/03\/Presentacion-Libro-Gregorio-Maranon-y-la-Emocion-15-768x1024.jpg 768w, https:\/\/www.academiapsicologia.com\/wp-content\/uploads\/2023\/03\/Presentacion-Libro-Gregorio-Maranon-y-la-Emocion-15-800x1067.jpg 800w, https:\/\/www.academiapsicologia.com\/wp-content\/uploads\/2023\/03\/Presentacion-Libro-Gregorio-Maranon-y-la-Emocion-15-1152x1536.jpg 1152w, https:\/\/www.academiapsicologia.com\/wp-content\/uploads\/2023\/03\/Presentacion-Libro-Gregorio-Maranon-y-la-Emocion-15-1200x1600.jpg 1200w, https:\/\/www.academiapsicologia.com\/wp-content\/uploads\/2023\/03\/Presentacion-Libro-Gregorio-Maranon-y-la-Emocion-15-1536x2048.jpg 1536w, https:\/\/www.academiapsicologia.com\/wp-content\/uploads\/2023\/03\/Presentacion-Libro-Gregorio-Maranon-y-la-Emocion-15.jpg 1875w\" sizes=\"(max-width: 225px) 100vw, 225px\" \/><\/a>\n\t\t\t<\/dt><\/dl><dl class='gallery-item'>\n\t\t\t<dt class='gallery-icon landscape'>\n\t\t\t\t<a data-rel=\"iLightbox[postimages]\" data-title=\"Presentacion Libro &#8211; Gregorio Mara\u00f1on y la Emocion &#8211; 16\" data-caption=\"\" href='https:\/\/www.academiapsicologia.com\/wp-content\/uploads\/2023\/03\/Presentacion-Libro-Gregorio-Maranon-y-la-Emocion-16.jpg'><img decoding=\"async\" width=\"300\" height=\"225\" src=\"https:\/\/www.academiapsicologia.com\/wp-content\/uploads\/2023\/03\/Presentacion-Libro-Gregorio-Maranon-y-la-Emocion-16-300x225.jpg\" class=\"attachment-medium size-medium\" alt=\"\" srcset=\"https:\/\/www.academiapsicologia.com\/wp-content\/uploads\/2023\/03\/Presentacion-Libro-Gregorio-Maranon-y-la-Emocion-16-200x150.jpg 200w, https:\/\/www.academiapsicologia.com\/wp-content\/uploads\/2023\/03\/Presentacion-Libro-Gregorio-Maranon-y-la-Emocion-16-300x225.jpg 300w, https:\/\/www.academiapsicologia.com\/wp-content\/uploads\/2023\/03\/Presentacion-Libro-Gregorio-Maranon-y-la-Emocion-16-400x300.jpg 400w, https:\/\/www.academiapsicologia.com\/wp-content\/uploads\/2023\/03\/Presentacion-Libro-Gregorio-Maranon-y-la-Emocion-16-600x450.jpg 600w, https:\/\/www.academiapsicologia.com\/wp-content\/uploads\/2023\/03\/Presentacion-Libro-Gregorio-Maranon-y-la-Emocion-16-768x576.jpg 768w, https:\/\/www.academiapsicologia.com\/wp-content\/uploads\/2023\/03\/Presentacion-Libro-Gregorio-Maranon-y-la-Emocion-16-800x600.jpg 800w, https:\/\/www.academiapsicologia.com\/wp-content\/uploads\/2023\/03\/Presentacion-Libro-Gregorio-Maranon-y-la-Emocion-16-1024x768.jpg 1024w, https:\/\/www.academiapsicologia.com\/wp-content\/uploads\/2023\/03\/Presentacion-Libro-Gregorio-Maranon-y-la-Emocion-16-1200x900.jpg 1200w, https:\/\/www.academiapsicologia.com\/wp-content\/uploads\/2023\/03\/Presentacion-Libro-Gregorio-Maranon-y-la-Emocion-16-1536x1152.jpg 1536w\" sizes=\"(max-width: 300px) 100vw, 300px\" \/><\/a>\n\t\t\t<\/dt><\/dl><br style=\"clear: both\" \/><dl class='gallery-item'>\n\t\t\t<dt class='gallery-icon landscape'>\n\t\t\t\t<a data-rel=\"iLightbox[postimages]\" data-title=\"Presentacion Libro &#8211; Gregorio Mara\u00f1on y la Emocion &#8211; 17\" data-caption=\"\" href='https:\/\/www.academiapsicologia.com\/wp-content\/uploads\/2023\/03\/Presentacion-Libro-Gregorio-Maranon-y-la-Emocion-17.jpg'><img decoding=\"async\" width=\"300\" height=\"225\" src=\"https:\/\/www.academiapsicologia.com\/wp-content\/uploads\/2023\/03\/Presentacion-Libro-Gregorio-Maranon-y-la-Emocion-17-300x225.jpg\" class=\"attachment-medium size-medium\" alt=\"\" srcset=\"https:\/\/www.academiapsicologia.com\/wp-content\/uploads\/2023\/03\/Presentacion-Libro-Gregorio-Maranon-y-la-Emocion-17-200x150.jpg 200w, https:\/\/www.academiapsicologia.com\/wp-content\/uploads\/2023\/03\/Presentacion-Libro-Gregorio-Maranon-y-la-Emocion-17-300x225.jpg 300w, https:\/\/www.academiapsicologia.com\/wp-content\/uploads\/2023\/03\/Presentacion-Libro-Gregorio-Maranon-y-la-Emocion-17-400x300.jpg 400w, https:\/\/www.academiapsicologia.com\/wp-content\/uploads\/2023\/03\/Presentacion-Libro-Gregorio-Maranon-y-la-Emocion-17-600x450.jpg 600w, https:\/\/www.academiapsicologia.com\/wp-content\/uploads\/2023\/03\/Presentacion-Libro-Gregorio-Maranon-y-la-Emocion-17-768x576.jpg 768w, https:\/\/www.academiapsicologia.com\/wp-content\/uploads\/2023\/03\/Presentacion-Libro-Gregorio-Maranon-y-la-Emocion-17-800x600.jpg 800w, https:\/\/www.academiapsicologia.com\/wp-content\/uploads\/2023\/03\/Presentacion-Libro-Gregorio-Maranon-y-la-Emocion-17-1024x768.jpg 1024w, https:\/\/www.academiapsicologia.com\/wp-content\/uploads\/2023\/03\/Presentacion-Libro-Gregorio-Maranon-y-la-Emocion-17-1200x900.jpg 1200w, https:\/\/www.academiapsicologia.com\/wp-content\/uploads\/2023\/03\/Presentacion-Libro-Gregorio-Maranon-y-la-Emocion-17-1536x1152.jpg 1536w\" sizes=\"(max-width: 300px) 100vw, 300px\" \/><\/a>\n\t\t\t<\/dt><\/dl><dl class='gallery-item'>\n\t\t\t<dt class='gallery-icon landscape'>\n\t\t\t\t<a data-rel=\"iLightbox[postimages]\" data-title=\"Presentacion Libro &#8211; Gregorio Mara\u00f1on y la Emocion &#8211; 18\" data-caption=\"\" href='https:\/\/www.academiapsicologia.com\/wp-content\/uploads\/2023\/03\/Presentacion-Libro-Gregorio-Maranon-y-la-Emocion-18.jpg'><img decoding=\"async\" width=\"300\" height=\"225\" src=\"https:\/\/www.academiapsicologia.com\/wp-content\/uploads\/2023\/03\/Presentacion-Libro-Gregorio-Maranon-y-la-Emocion-18-300x225.jpg\" class=\"attachment-medium size-medium\" alt=\"\" srcset=\"https:\/\/www.academiapsicologia.com\/wp-content\/uploads\/2023\/03\/Presentacion-Libro-Gregorio-Maranon-y-la-Emocion-18-200x150.jpg 200w, https:\/\/www.academiapsicologia.com\/wp-content\/uploads\/2023\/03\/Presentacion-Libro-Gregorio-Maranon-y-la-Emocion-18-300x225.jpg 300w, https:\/\/www.academiapsicologia.com\/wp-content\/uploads\/2023\/03\/Presentacion-Libro-Gregorio-Maranon-y-la-Emocion-18-400x300.jpg 400w, https:\/\/www.academiapsicologia.com\/wp-content\/uploads\/2023\/03\/Presentacion-Libro-Gregorio-Maranon-y-la-Emocion-18-600x450.jpg 600w, https:\/\/www.academiapsicologia.com\/wp-content\/uploads\/2023\/03\/Presentacion-Libro-Gregorio-Maranon-y-la-Emocion-18-768x576.jpg 768w, https:\/\/www.academiapsicologia.com\/wp-content\/uploads\/2023\/03\/Presentacion-Libro-Gregorio-Maranon-y-la-Emocion-18-800x600.jpg 800w, https:\/\/www.academiapsicologia.com\/wp-content\/uploads\/2023\/03\/Presentacion-Libro-Gregorio-Maranon-y-la-Emocion-18-1024x768.jpg 1024w, https:\/\/www.academiapsicologia.com\/wp-content\/uploads\/2023\/03\/Presentacion-Libro-Gregorio-Maranon-y-la-Emocion-18-1200x900.jpg 1200w, https:\/\/www.academiapsicologia.com\/wp-content\/uploads\/2023\/03\/Presentacion-Libro-Gregorio-Maranon-y-la-Emocion-18-1536x1152.jpg 1536w\" sizes=\"(max-width: 300px) 100vw, 300px\" \/><\/a>\n\t\t\t<\/dt><\/dl><dl class='gallery-item'>\n\t\t\t<dt class='gallery-icon landscape'>\n\t\t\t\t<a data-rel=\"iLightbox[postimages]\" data-title=\"Presentacion Libro &#8211; Gregorio Mara\u00f1on y la Emocion &#8211; 19\" data-caption=\"\" href='https:\/\/www.academiapsicologia.com\/wp-content\/uploads\/2023\/03\/Presentacion-Libro-Gregorio-Maranon-y-la-Emocion-19.jpg'><img decoding=\"async\" width=\"300\" height=\"225\" src=\"https:\/\/www.academiapsicologia.com\/wp-content\/uploads\/2023\/03\/Presentacion-Libro-Gregorio-Maranon-y-la-Emocion-19-300x225.jpg\" class=\"attachment-medium size-medium\" alt=\"\" srcset=\"https:\/\/www.academiapsicologia.com\/wp-content\/uploads\/2023\/03\/Presentacion-Libro-Gregorio-Maranon-y-la-Emocion-19-200x150.jpg 200w, https:\/\/www.academiapsicologia.com\/wp-content\/uploads\/2023\/03\/Presentacion-Libro-Gregorio-Maranon-y-la-Emocion-19-300x225.jpg 300w, https:\/\/www.academiapsicologia.com\/wp-content\/uploads\/2023\/03\/Presentacion-Libro-Gregorio-Maranon-y-la-Emocion-19-400x300.jpg 400w, https:\/\/www.academiapsicologia.com\/wp-content\/uploads\/2023\/03\/Presentacion-Libro-Gregorio-Maranon-y-la-Emocion-19-600x450.jpg 600w, https:\/\/www.academiapsicologia.com\/wp-content\/uploads\/2023\/03\/Presentacion-Libro-Gregorio-Maranon-y-la-Emocion-19-768x576.jpg 768w, https:\/\/www.academiapsicologia.com\/wp-content\/uploads\/2023\/03\/Presentacion-Libro-Gregorio-Maranon-y-la-Emocion-19-800x600.jpg 800w, https:\/\/www.academiapsicologia.com\/wp-content\/uploads\/2023\/03\/Presentacion-Libro-Gregorio-Maranon-y-la-Emocion-19-1024x768.jpg 1024w, https:\/\/www.academiapsicologia.com\/wp-content\/uploads\/2023\/03\/Presentacion-Libro-Gregorio-Maranon-y-la-Emocion-19-1200x900.jpg 1200w, https:\/\/www.academiapsicologia.com\/wp-content\/uploads\/2023\/03\/Presentacion-Libro-Gregorio-Maranon-y-la-Emocion-19-1536x1152.jpg 1536w\" sizes=\"(max-width: 300px) 100vw, 300px\" \/><\/a>\n\t\t\t<\/dt><\/dl><dl class='gallery-item'>\n\t\t\t<dt class='gallery-icon landscape'>\n\t\t\t\t<a data-rel=\"iLightbox[postimages]\" data-title=\"Presentacion Libro &#8211; Gregorio Mara\u00f1on y la Emocion &#8211; 20\" data-caption=\"\" href='https:\/\/www.academiapsicologia.com\/wp-content\/uploads\/2023\/03\/Presentacion-Libro-Gregorio-Maranon-y-la-Emocion-20.jpg'><img decoding=\"async\" width=\"300\" height=\"225\" src=\"https:\/\/www.academiapsicologia.com\/wp-content\/uploads\/2023\/03\/Presentacion-Libro-Gregorio-Maranon-y-la-Emocion-20-300x225.jpg\" class=\"attachment-medium size-medium\" alt=\"\" srcset=\"https:\/\/www.academiapsicologia.com\/wp-content\/uploads\/2023\/03\/Presentacion-Libro-Gregorio-Maranon-y-la-Emocion-20-200x150.jpg 200w, https:\/\/www.academiapsicologia.com\/wp-content\/uploads\/2023\/03\/Presentacion-Libro-Gregorio-Maranon-y-la-Emocion-20-300x225.jpg 300w, https:\/\/www.academiapsicologia.com\/wp-content\/uploads\/2023\/03\/Presentacion-Libro-Gregorio-Maranon-y-la-Emocion-20-400x300.jpg 400w, https:\/\/www.academiapsicologia.com\/wp-content\/uploads\/2023\/03\/Presentacion-Libro-Gregorio-Maranon-y-la-Emocion-20-600x450.jpg 600w, https:\/\/www.academiapsicologia.com\/wp-content\/uploads\/2023\/03\/Presentacion-Libro-Gregorio-Maranon-y-la-Emocion-20-768x576.jpg 768w, https:\/\/www.academiapsicologia.com\/wp-content\/uploads\/2023\/03\/Presentacion-Libro-Gregorio-Maranon-y-la-Emocion-20-800x600.jpg 800w, https:\/\/www.academiapsicologia.com\/wp-content\/uploads\/2023\/03\/Presentacion-Libro-Gregorio-Maranon-y-la-Emocion-20-1024x768.jpg 1024w, https:\/\/www.academiapsicologia.com\/wp-content\/uploads\/2023\/03\/Presentacion-Libro-Gregorio-Maranon-y-la-Emocion-20-1200x900.jpg 1200w, https:\/\/www.academiapsicologia.com\/wp-content\/uploads\/2023\/03\/Presentacion-Libro-Gregorio-Maranon-y-la-Emocion-20-1536x1152.jpg 1536w\" sizes=\"(max-width: 300px) 100vw, 300px\" \/><\/a>\n\t\t\t<\/dt><\/dl><dl class='gallery-item'>\n\t\t\t<dt class='gallery-icon portrait'>\n\t\t\t\t<a data-rel=\"iLightbox[postimages]\" data-title=\"Presentacion Libro &#8211; Gregorio Mara\u00f1on y la Emocion &#8211; 21\" data-caption=\"\" href='https:\/\/www.academiapsicologia.com\/wp-content\/uploads\/2023\/03\/Presentacion-Libro-Gregorio-Maranon-y-la-Emocion-21.jpg'><img decoding=\"async\" width=\"225\" height=\"300\" src=\"https:\/\/www.academiapsicologia.com\/wp-content\/uploads\/2023\/03\/Presentacion-Libro-Gregorio-Maranon-y-la-Emocion-21-225x300.jpg\" class=\"attachment-medium size-medium\" alt=\"\" srcset=\"https:\/\/www.academiapsicologia.com\/wp-content\/uploads\/2023\/03\/Presentacion-Libro-Gregorio-Maranon-y-la-Emocion-21-200x267.jpg 200w, https:\/\/www.academiapsicologia.com\/wp-content\/uploads\/2023\/03\/Presentacion-Libro-Gregorio-Maranon-y-la-Emocion-21-225x300.jpg 225w, https:\/\/www.academiapsicologia.com\/wp-content\/uploads\/2023\/03\/Presentacion-Libro-Gregorio-Maranon-y-la-Emocion-21-400x533.jpg 400w, https:\/\/www.academiapsicologia.com\/wp-content\/uploads\/2023\/03\/Presentacion-Libro-Gregorio-Maranon-y-la-Emocion-21-600x800.jpg 600w, https:\/\/www.academiapsicologia.com\/wp-content\/uploads\/2023\/03\/Presentacion-Libro-Gregorio-Maranon-y-la-Emocion-21-768x1024.jpg 768w, https:\/\/www.academiapsicologia.com\/wp-content\/uploads\/2023\/03\/Presentacion-Libro-Gregorio-Maranon-y-la-Emocion-21-800x1067.jpg 800w, https:\/\/www.academiapsicologia.com\/wp-content\/uploads\/2023\/03\/Presentacion-Libro-Gregorio-Maranon-y-la-Emocion-21-1152x1536.jpg 1152w, https:\/\/www.academiapsicologia.com\/wp-content\/uploads\/2023\/03\/Presentacion-Libro-Gregorio-Maranon-y-la-Emocion-21-1200x1600.jpg 1200w, https:\/\/www.academiapsicologia.com\/wp-content\/uploads\/2023\/03\/Presentacion-Libro-Gregorio-Maranon-y-la-Emocion-21-1536x2048.jpg 1536w, https:\/\/www.academiapsicologia.com\/wp-content\/uploads\/2023\/03\/Presentacion-Libro-Gregorio-Maranon-y-la-Emocion-21.jpg 1875w\" sizes=\"(max-width: 225px) 100vw, 225px\" \/><\/a>\n\t\t\t<\/dt><\/dl><br style=\"clear: both\" \/><dl class='gallery-item'>\n\t\t\t<dt class='gallery-icon landscape'>\n\t\t\t\t<a data-rel=\"iLightbox[postimages]\" data-title=\"Presentacion Libro &#8211; Gregorio Mara\u00f1on y la Emocion &#8211; 22\" data-caption=\"\" href='https:\/\/www.academiapsicologia.com\/wp-content\/uploads\/2023\/03\/Presentacion-Libro-Gregorio-Maranon-y-la-Emocion-22.jpg'><img decoding=\"async\" width=\"300\" height=\"225\" src=\"https:\/\/www.academiapsicologia.com\/wp-content\/uploads\/2023\/03\/Presentacion-Libro-Gregorio-Maranon-y-la-Emocion-22-300x225.jpg\" class=\"attachment-medium size-medium\" alt=\"\" srcset=\"https:\/\/www.academiapsicologia.com\/wp-content\/uploads\/2023\/03\/Presentacion-Libro-Gregorio-Maranon-y-la-Emocion-22-200x150.jpg 200w, https:\/\/www.academiapsicologia.com\/wp-content\/uploads\/2023\/03\/Presentacion-Libro-Gregorio-Maranon-y-la-Emocion-22-300x225.jpg 300w, https:\/\/www.academiapsicologia.com\/wp-content\/uploads\/2023\/03\/Presentacion-Libro-Gregorio-Maranon-y-la-Emocion-22-400x300.jpg 400w, https:\/\/www.academiapsicologia.com\/wp-content\/uploads\/2023\/03\/Presentacion-Libro-Gregorio-Maranon-y-la-Emocion-22-600x450.jpg 600w, https:\/\/www.academiapsicologia.com\/wp-content\/uploads\/2023\/03\/Presentacion-Libro-Gregorio-Maranon-y-la-Emocion-22-768x576.jpg 768w, https:\/\/www.academiapsicologia.com\/wp-content\/uploads\/2023\/03\/Presentacion-Libro-Gregorio-Maranon-y-la-Emocion-22-800x600.jpg 800w, https:\/\/www.academiapsicologia.com\/wp-content\/uploads\/2023\/03\/Presentacion-Libro-Gregorio-Maranon-y-la-Emocion-22-1024x768.jpg 1024w, https:\/\/www.academiapsicologia.com\/wp-content\/uploads\/2023\/03\/Presentacion-Libro-Gregorio-Maranon-y-la-Emocion-22-1200x900.jpg 1200w, https:\/\/www.academiapsicologia.com\/wp-content\/uploads\/2023\/03\/Presentacion-Libro-Gregorio-Maranon-y-la-Emocion-22-1536x1152.jpg 1536w\" sizes=\"(max-width: 300px) 100vw, 300px\" \/><\/a>\n\t\t\t<\/dt><\/dl><dl class='gallery-item'>\n\t\t\t<dt class='gallery-icon landscape'>\n\t\t\t\t<a data-rel=\"iLightbox[postimages]\" data-title=\"Presentacion Libro &#8211; Gregorio Mara\u00f1on y la Emocion &#8211; 23\" data-caption=\"\" href='https:\/\/www.academiapsicologia.com\/wp-content\/uploads\/2023\/03\/Presentacion-Libro-Gregorio-Maranon-y-la-Emocion-23.jpg'><img decoding=\"async\" width=\"300\" height=\"114\" src=\"https:\/\/www.academiapsicologia.com\/wp-content\/uploads\/2023\/03\/Presentacion-Libro-Gregorio-Maranon-y-la-Emocion-23-300x114.jpg\" class=\"attachment-medium size-medium\" alt=\"\" srcset=\"https:\/\/www.academiapsicologia.com\/wp-content\/uploads\/2023\/03\/Presentacion-Libro-Gregorio-Maranon-y-la-Emocion-23-200x76.jpg 200w, https:\/\/www.academiapsicologia.com\/wp-content\/uploads\/2023\/03\/Presentacion-Libro-Gregorio-Maranon-y-la-Emocion-23-300x114.jpg 300w, https:\/\/www.academiapsicologia.com\/wp-content\/uploads\/2023\/03\/Presentacion-Libro-Gregorio-Maranon-y-la-Emocion-23-400x152.jpg 400w, https:\/\/www.academiapsicologia.com\/wp-content\/uploads\/2023\/03\/Presentacion-Libro-Gregorio-Maranon-y-la-Emocion-23-600x228.jpg 600w, https:\/\/www.academiapsicologia.com\/wp-content\/uploads\/2023\/03\/Presentacion-Libro-Gregorio-Maranon-y-la-Emocion-23-768x292.jpg 768w, https:\/\/www.academiapsicologia.com\/wp-content\/uploads\/2023\/03\/Presentacion-Libro-Gregorio-Maranon-y-la-Emocion-23-800x304.jpg 800w, https:\/\/www.academiapsicologia.com\/wp-content\/uploads\/2023\/03\/Presentacion-Libro-Gregorio-Maranon-y-la-Emocion-23-1024x389.jpg 1024w, https:\/\/www.academiapsicologia.com\/wp-content\/uploads\/2023\/03\/Presentacion-Libro-Gregorio-Maranon-y-la-Emocion-23-1200x456.jpg 1200w, https:\/\/www.academiapsicologia.com\/wp-content\/uploads\/2023\/03\/Presentacion-Libro-Gregorio-Maranon-y-la-Emocion-23-1536x583.jpg 1536w\" sizes=\"(max-width: 300px) 100vw, 300px\" \/><\/a>\n\t\t\t<\/dt><\/dl><dl class='gallery-item'>\n\t\t\t<dt class='gallery-icon landscape'>\n\t\t\t\t<a data-rel=\"iLightbox[postimages]\" data-title=\"Presentacion Libro &#8211; Gregorio Mara\u00f1on y la Emocion &#8211; 24\" data-caption=\"\" href='https:\/\/www.academiapsicologia.com\/wp-content\/uploads\/2023\/03\/Presentacion-Libro-Gregorio-Maranon-y-la-Emocion-24.jpg'><img decoding=\"async\" width=\"300\" height=\"225\" src=\"https:\/\/www.academiapsicologia.com\/wp-content\/uploads\/2023\/03\/Presentacion-Libro-Gregorio-Maranon-y-la-Emocion-24-300x225.jpg\" class=\"attachment-medium size-medium\" alt=\"\" srcset=\"https:\/\/www.academiapsicologia.com\/wp-content\/uploads\/2023\/03\/Presentacion-Libro-Gregorio-Maranon-y-la-Emocion-24-200x150.jpg 200w, https:\/\/www.academiapsicologia.com\/wp-content\/uploads\/2023\/03\/Presentacion-Libro-Gregorio-Maranon-y-la-Emocion-24-300x225.jpg 300w, https:\/\/www.academiapsicologia.com\/wp-content\/uploads\/2023\/03\/Presentacion-Libro-Gregorio-Maranon-y-la-Emocion-24-400x300.jpg 400w, https:\/\/www.academiapsicologia.com\/wp-content\/uploads\/2023\/03\/Presentacion-Libro-Gregorio-Maranon-y-la-Emocion-24-600x450.jpg 600w, https:\/\/www.academiapsicologia.com\/wp-content\/uploads\/2023\/03\/Presentacion-Libro-Gregorio-Maranon-y-la-Emocion-24-768x576.jpg 768w, https:\/\/www.academiapsicologia.com\/wp-content\/uploads\/2023\/03\/Presentacion-Libro-Gregorio-Maranon-y-la-Emocion-24-800x600.jpg 800w, https:\/\/www.academiapsicologia.com\/wp-content\/uploads\/2023\/03\/Presentacion-Libro-Gregorio-Maranon-y-la-Emocion-24-1024x768.jpg 1024w, https:\/\/www.academiapsicologia.com\/wp-content\/uploads\/2023\/03\/Presentacion-Libro-Gregorio-Maranon-y-la-Emocion-24-1200x900.jpg 1200w, https:\/\/www.academiapsicologia.com\/wp-content\/uploads\/2023\/03\/Presentacion-Libro-Gregorio-Maranon-y-la-Emocion-24-1536x1152.jpg 1536w\" sizes=\"(max-width: 300px) 100vw, 300px\" \/><\/a>\n\t\t\t<\/dt><\/dl><dl class='gallery-item'>\n\t\t\t<dt class='gallery-icon landscape'>\n\t\t\t\t<a data-rel=\"iLightbox[postimages]\" data-title=\"Presentacion Libro &#8211; Gregorio Mara\u00f1on y la Emocion &#8211; 25\" data-caption=\"\" href='https:\/\/www.academiapsicologia.com\/wp-content\/uploads\/2023\/03\/Presentacion-Libro-Gregorio-Maranon-y-la-Emocion-25.jpg'><img decoding=\"async\" width=\"300\" height=\"225\" src=\"https:\/\/www.academiapsicologia.com\/wp-content\/uploads\/2023\/03\/Presentacion-Libro-Gregorio-Maranon-y-la-Emocion-25-300x225.jpg\" class=\"attachment-medium size-medium\" alt=\"\" srcset=\"https:\/\/www.academiapsicologia.com\/wp-content\/uploads\/2023\/03\/Presentacion-Libro-Gregorio-Maranon-y-la-Emocion-25-200x150.jpg 200w, https:\/\/www.academiapsicologia.com\/wp-content\/uploads\/2023\/03\/Presentacion-Libro-Gregorio-Maranon-y-la-Emocion-25-300x225.jpg 300w, https:\/\/www.academiapsicologia.com\/wp-content\/uploads\/2023\/03\/Presentacion-Libro-Gregorio-Maranon-y-la-Emocion-25-400x300.jpg 400w, https:\/\/www.academiapsicologia.com\/wp-content\/uploads\/2023\/03\/Presentacion-Libro-Gregorio-Maranon-y-la-Emocion-25-600x450.jpg 600w, https:\/\/www.academiapsicologia.com\/wp-content\/uploads\/2023\/03\/Presentacion-Libro-Gregorio-Maranon-y-la-Emocion-25-768x576.jpg 768w, https:\/\/www.academiapsicologia.com\/wp-content\/uploads\/2023\/03\/Presentacion-Libro-Gregorio-Maranon-y-la-Emocion-25-800x600.jpg 800w, https:\/\/www.academiapsicologia.com\/wp-content\/uploads\/2023\/03\/Presentacion-Libro-Gregorio-Maranon-y-la-Emocion-25-1024x768.jpg 1024w, https:\/\/www.academiapsicologia.com\/wp-content\/uploads\/2023\/03\/Presentacion-Libro-Gregorio-Maranon-y-la-Emocion-25-1200x900.jpg 1200w, https:\/\/www.academiapsicologia.com\/wp-content\/uploads\/2023\/03\/Presentacion-Libro-Gregorio-Maranon-y-la-Emocion-25-1536x1152.jpg 1536w\" sizes=\"(max-width: 300px) 100vw, 300px\" \/><\/a>\n\t\t\t<\/dt><\/dl><dl class='gallery-item'>\n\t\t\t<dt class='gallery-icon landscape'>\n\t\t\t\t<a data-rel=\"iLightbox[postimages]\" data-title=\"Presentacion Libro &#8211; Gregorio Mara\u00f1on y la Emocion &#8211; 01\" data-caption=\"\" href='https:\/\/www.academiapsicologia.com\/wp-content\/uploads\/2023\/03\/Presentacion-Libro-Gregorio-Maranon-y-la-Emocion-01.jpg'><img decoding=\"async\" width=\"300\" height=\"225\" src=\"https:\/\/www.academiapsicologia.com\/wp-content\/uploads\/2023\/03\/Presentacion-Libro-Gregorio-Maranon-y-la-Emocion-01-300x225.jpg\" class=\"attachment-medium size-medium\" alt=\"\" srcset=\"https:\/\/www.academiapsicologia.com\/wp-content\/uploads\/2023\/03\/Presentacion-Libro-Gregorio-Maranon-y-la-Emocion-01-200x150.jpg 200w, https:\/\/www.academiapsicologia.com\/wp-content\/uploads\/2023\/03\/Presentacion-Libro-Gregorio-Maranon-y-la-Emocion-01-300x225.jpg 300w, https:\/\/www.academiapsicologia.com\/wp-content\/uploads\/2023\/03\/Presentacion-Libro-Gregorio-Maranon-y-la-Emocion-01-400x300.jpg 400w, https:\/\/www.academiapsicologia.com\/wp-content\/uploads\/2023\/03\/Presentacion-Libro-Gregorio-Maranon-y-la-Emocion-01-600x450.jpg 600w, https:\/\/www.academiapsicologia.com\/wp-content\/uploads\/2023\/03\/Presentacion-Libro-Gregorio-Maranon-y-la-Emocion-01-768x576.jpg 768w, https:\/\/www.academiapsicologia.com\/wp-content\/uploads\/2023\/03\/Presentacion-Libro-Gregorio-Maranon-y-la-Emocion-01-800x600.jpg 800w, https:\/\/www.academiapsicologia.com\/wp-content\/uploads\/2023\/03\/Presentacion-Libro-Gregorio-Maranon-y-la-Emocion-01-1024x768.jpg 1024w, https:\/\/www.academiapsicologia.com\/wp-content\/uploads\/2023\/03\/Presentacion-Libro-Gregorio-Maranon-y-la-Emocion-01-1200x900.jpg 1200w, https:\/\/www.academiapsicologia.com\/wp-content\/uploads\/2023\/03\/Presentacion-Libro-Gregorio-Maranon-y-la-Emocion-01-1536x1152.jpg 1536w\" sizes=\"(max-width: 300px) 100vw, 300px\" \/><\/a>\n\t\t\t<\/dt><\/dl><br style=\"clear: both\" \/>\n\t\t<\/div>\n\n","protected":false},"excerpt":{"rendered":"<p>Intervienen: Helio Carpintero Capell. Presidente de APE. Alicia Salvador. Acad\u00e9mica  [&#8230;]<\/p>\n","protected":false},"author":1,"featured_media":0,"comment_status":"closed","ping_status":"open","sticky":false,"template":"","format":"standard","meta":{"footnotes":""},"categories":[4],"tags":[],"class_list":["post-2025","post","type-post","status-publish","format-standard","hentry","category-mesas-redondas"],"_links":{"self":[{"href":"https:\/\/www.academiapsicologia.com\/index.php\/wp-json\/wp\/v2\/posts\/2025","targetHints":{"allow":["GET"]}}],"collection":[{"href":"https:\/\/www.academiapsicologia.com\/index.php\/wp-json\/wp\/v2\/posts"}],"about":[{"href":"https:\/\/www.academiapsicologia.com\/index.php\/wp-json\/wp\/v2\/types\/post"}],"author":[{"embeddable":true,"href":"https:\/\/www.academiapsicologia.com\/index.php\/wp-json\/wp\/v2\/users\/1"}],"replies":[{"embeddable":true,"href":"https:\/\/www.academiapsicologia.com\/index.php\/wp-json\/wp\/v2\/comments?post=2025"}],"version-history":[{"count":5,"href":"https:\/\/www.academiapsicologia.com\/index.php\/wp-json\/wp\/v2\/posts\/2025\/revisions"}],"predecessor-version":[{"id":2056,"href":"https:\/\/www.academiapsicologia.com\/index.php\/wp-json\/wp\/v2\/posts\/2025\/revisions\/2056"}],"wp:attachment":[{"href":"https:\/\/www.academiapsicologia.com\/index.php\/wp-json\/wp\/v2\/media?parent=2025"}],"wp:term":[{"taxonomy":"category","embeddable":true,"href":"https:\/\/www.academiapsicologia.com\/index.php\/wp-json\/wp\/v2\/categories?post=2025"},{"taxonomy":"post_tag","embeddable":true,"href":"https:\/\/www.academiapsicologia.com\/index.php\/wp-json\/wp\/v2\/tags?post=2025"}],"curies":[{"name":"wp","href":"https:\/\/api.w.org\/{rel}","templated":true}]}}