{"id":2059,"date":"2023-04-12T17:23:59","date_gmt":"2023-04-12T15:23:59","guid":{"rendered":"https:\/\/www.academiapsicologia.com\/?p=2059"},"modified":"2023-04-12T18:43:20","modified_gmt":"2023-04-12T16:43:20","slug":"jose-maria-peiro-ha-sido-nombrado-doctor-honoris-causa-en-psicologia-por-la-universidad-de-coimbra","status":"publish","type":"post","link":"https:\/\/www.academiapsicologia.com\/index.php\/2023\/04\/12\/jose-maria-peiro-ha-sido-nombrado-doctor-honoris-causa-en-psicologia-por-la-universidad-de-coimbra\/","title":{"rendered":"Jos\u00e9 Mar\u00eda Peir\u00f3 ha sido nombrado Doctor Honoris Causa en Psicolog\u00eda por la Universidad de Co\u00edmbra"},"content":{"rendered":"<div align=\"justify\">\n<p><a href=\"https:\/\/www.youtube.com\/univdecoimbra\/live\" target=\"_blank\" rel=\"noopener\"><img decoding=\"async\" class=\"alignleft wp-image-2058\" src=\"https:\/\/www.academiapsicologia.com\/wp-content\/uploads\/2023\/03\/Jose-Maria-Peiro-Doctor-Honoris-Causa-Universidad-Coimbra-02-300x240.jpg\" alt=\"\" width=\"500\" height=\"401\" srcset=\"https:\/\/www.academiapsicologia.com\/wp-content\/uploads\/2023\/03\/Jose-Maria-Peiro-Doctor-Honoris-Causa-Universidad-Coimbra-02-177x142.jpg 177w, https:\/\/www.academiapsicologia.com\/wp-content\/uploads\/2023\/03\/Jose-Maria-Peiro-Doctor-Honoris-Causa-Universidad-Coimbra-02-200x160.jpg 200w, https:\/\/www.academiapsicologia.com\/wp-content\/uploads\/2023\/03\/Jose-Maria-Peiro-Doctor-Honoris-Causa-Universidad-Coimbra-02-300x240.jpg 300w, https:\/\/www.academiapsicologia.com\/wp-content\/uploads\/2023\/03\/Jose-Maria-Peiro-Doctor-Honoris-Causa-Universidad-Coimbra-02-400x321.jpg 400w, https:\/\/www.academiapsicologia.com\/wp-content\/uploads\/2023\/03\/Jose-Maria-Peiro-Doctor-Honoris-Causa-Universidad-Coimbra-02-600x481.jpg 600w, https:\/\/www.academiapsicologia.com\/wp-content\/uploads\/2023\/03\/Jose-Maria-Peiro-Doctor-Honoris-Causa-Universidad-Coimbra-02.jpg 700w\" sizes=\"(max-width: 500px) 100vw, 500px\" \/><\/a>Nuestro Acad\u00e9mico de N\u00famero, el Profesor Jos\u00e9 Mar\u00eda Peir\u00f3, ha sido nombrado Doctor Honoris Causa en Psicolog\u00eda por la Universidad de Co\u00edmbra (Portugal) el d\u00eda 12 de abril a las 10:30 en el Gran Sal\u00f3n de Actos de la Universidad.<\/p>\n<div align=\"center\"><iframe title=\"YouTube video player\" src=\"https:\/\/www.youtube.com\/embed\/6l5AFS1TuYQ\" width=\"560\" height=\"315\" frameborder=\"0\" allowfullscreen=\"allowfullscreen\"><\/iframe><\/div>\n<\/div>\n<p>&nbsp;<\/p>\n<p>&nbsp;<\/p>\n<p>&nbsp;<\/p>\n<p>&nbsp;<\/p>\n","protected":false},"excerpt":{"rendered":"<p>Nuestro Acad\u00e9mico de N\u00famero, el Profesor Jos\u00e9 Mar\u00eda Peir\u00f3, ha  [&#8230;]<\/p>\n","protected":false},"author":1,"featured_media":2086,"comment_status":"closed","ping_status":"open","sticky":false,"template":"","format":"standard","meta":{"footnotes":""},"categories":[6],"tags":[],"class_list":["post-2059","post","type-post","status-publish","format-standard","has-post-thumbnail","hentry","category-noticias"],"_links":{"self":[{"href":"https:\/\/www.academiapsicologia.com\/index.php\/wp-json\/wp\/v2\/posts\/2059","targetHints":{"allow":["GET"]}}],"collection":[{"href":"https:\/\/www.academiapsicologia.com\/index.php\/wp-json\/wp\/v2\/posts"}],"about":[{"href":"https:\/\/www.academiapsicologia.com\/index.php\/wp-json\/wp\/v2\/types\/post"}],"author":[{"embeddable":true,"href":"https:\/\/www.academiapsicologia.com\/index.php\/wp-json\/wp\/v2\/users\/1"}],"replies":[{"embeddable":true,"href":"https:\/\/www.academiapsicologia.com\/index.php\/wp-json\/wp\/v2\/comments?post=2059"}],"version-history":[{"count":4,"href":"https:\/\/www.academiapsicologia.com\/index.php\/wp-json\/wp\/v2\/posts\/2059\/revisions"}],"predecessor-version":[{"id":2085,"href":"https:\/\/www.academiapsicologia.com\/index.php\/wp-json\/wp\/v2\/posts\/2059\/revisions\/2085"}],"wp:featuredmedia":[{"embeddable":true,"href":"https:\/\/www.academiapsicologia.com\/index.php\/wp-json\/wp\/v2\/media\/2086"}],"wp:attachment":[{"href":"https:\/\/www.academiapsicologia.com\/index.php\/wp-json\/wp\/v2\/media?parent=2059"}],"wp:term":[{"taxonomy":"category","embeddable":true,"href":"https:\/\/www.academiapsicologia.com\/index.php\/wp-json\/wp\/v2\/categories?post=2059"},{"taxonomy":"post_tag","embeddable":true,"href":"https:\/\/www.academiapsicologia.com\/index.php\/wp-json\/wp\/v2\/tags?post=2059"}],"curies":[{"name":"wp","href":"https:\/\/api.w.org\/{rel}","templated":true}]}}