{"id":208,"date":"2020-02-01T14:58:20","date_gmt":"2020-02-01T13:58:20","guid":{"rendered":"https:\/\/www.academiapsicologia.com\/?p=208"},"modified":"2021-02-08T15:12:09","modified_gmt":"2021-02-08T14:12:09","slug":"el-profesor-jose-ma-peiro-doctor-honoris-causa-por-la-universidad-de-maastricht","status":"publish","type":"post","link":"https:\/\/www.academiapsicologia.com\/index.php\/2020\/02\/01\/el-profesor-jose-ma-peiro-doctor-honoris-causa-por-la-universidad-de-maastricht\/","title":{"rendered":"El profesor Jos\u00e9 M\u00aa Peir\u00f3, Doctor Honoris Causa por la Universidad de Maastricht"},"content":{"rendered":"<div align=\"justify\">\n<div id=\"attachment_210\" style=\"width: 635px\" class=\"wp-caption alignleft\"><a href=\"https:\/\/www.academiapsicologia.com\/wp-content\/uploads\/2021\/02\/Dies-Natalis-2020-Universiteit-Maastricht-Middag-\u00a9-Harry-Heuts-02.jpg\" target=\"_blank\" rel=\"noopener\"><img decoding=\"async\" aria-describedby=\"caption-attachment-210\" class=\"wp-image-210\" src=\"https:\/\/www.academiapsicologia.com\/wp-content\/uploads\/2021\/02\/Dies-Natalis-2020-Universiteit-Maastricht-Middag-\u00a9-Harry-Heuts-02-300x200.jpg\" alt=\"\" width=\"625\" height=\"417\" srcset=\"https:\/\/www.academiapsicologia.com\/wp-content\/uploads\/2021\/02\/Dies-Natalis-2020-Universiteit-Maastricht-Middag-\u00a9-Harry-Heuts-02-200x133.jpg 200w, https:\/\/www.academiapsicologia.com\/wp-content\/uploads\/2021\/02\/Dies-Natalis-2020-Universiteit-Maastricht-Middag-\u00a9-Harry-Heuts-02-300x200.jpg 300w, https:\/\/www.academiapsicologia.com\/wp-content\/uploads\/2021\/02\/Dies-Natalis-2020-Universiteit-Maastricht-Middag-\u00a9-Harry-Heuts-02-400x267.jpg 400w, https:\/\/www.academiapsicologia.com\/wp-content\/uploads\/2021\/02\/Dies-Natalis-2020-Universiteit-Maastricht-Middag-\u00a9-Harry-Heuts-02-600x400.jpg 600w, https:\/\/www.academiapsicologia.com\/wp-content\/uploads\/2021\/02\/Dies-Natalis-2020-Universiteit-Maastricht-Middag-\u00a9-Harry-Heuts-02.jpg 640w\" sizes=\"(max-width: 625px) 100vw, 625px\" \/><\/a><p id=\"caption-attachment-210\" class=\"wp-caption-text\"><strong>Photos: Harry Heuts<\/strong><\/p><\/div>\n<p><strong>Val\u00e8ncia, 31 ene (EFE).-<\/strong> La Universidad de Maastrich ha investido este viernes al profesor de la Universitat de Val\u00e8ncia\u00a0<strong>Jos\u00e9 Mar\u00eda Peir\u00f3<\/strong>, catedr\u00e1tico de Psicolog\u00eda Social y de las Organizaciones, como doctor \u00abhonoris causa\u00bb.<\/p>\n<p>La v\u00edspera de su investidura pronunci\u00f3 una conferencia con el t\u00edtulo \u00ab\u00bfSon los trabajadores felices m\u00e1s productivos?\u00bb, en la que abord\u00f3 el tema de la sostenibilidad del bienestar y del desempe\u00f1o en el trabajo.<\/p>\n<p>Ambos factores han de contribuir a su sostenibilidad mutua ya que un trabajo con elevado bienestar pero bajo rendimiento no es probable que sea sostenible durante mucho tiempo, y tampoco lo ser\u00e1 aquel que exija una alta productividad sin que implique bienestar para el trabajador.<\/p>\n<p>Para que haya sostenibilidad en el trabajo, debe darse el bienestar del trabajador en una empresa saludable y el desempe\u00f1o eficaz del trabajador en una empresa productiva y competitiva.<\/p>\n<p>Las transformaciones que se est\u00e1n produciendo (digitalizaci\u00f3n, flexibilidad laboral, econom\u00eda \u00abgig\u00bb -freelance- o migraciones) est\u00e1n influyendo en lo que exige la gesti\u00f3n y desarrollo de los recursos humanos por parte de las empresas.<\/p>\n<p>Jos\u00e9 Mar\u00eda Peir\u00f3 es licenciado y doctor en Filosof\u00eda y Letras por la Universitat de Val\u00e8ncia, licenciado en Psicolog\u00eda por la Complutense de Madrid, y catedr\u00e1tico de Psicolog\u00eda Social y de las Organizaciones por la UV.<\/p>\n<p>Tambi\u00e9n ha sido nombrado doctor \u00abhonoris causa\u00bb por la Universidad Miguel Hern\u00e1ndez d\u2019Elx (2017) y la Universidade Metodista de S\u00e3o Paulo (2010), ha sido director del Instituto Universitario de Investigaci\u00f3n IDOCAL y presidente de la Asociaci\u00f3n Internacional de Psicolog\u00eda Aplicada (2011-2014).<\/p>\n<p>Autor de m\u00e1s de 50 libros y de 130 art\u00edculos publicados, est\u00e1 especializado en inserci\u00f3n laboral de los j\u00f3venes, calidad de servicio, clima y cultura en las organizaciones, equipos de trabajo, aspectos psicosociales de las TIC (tecnolog\u00edas de la informaci\u00f3n y la comunicaci\u00f3n), y prevenci\u00f3n de riesgos psicosociales.<\/p>\n<p>Su investidura en la Universidad de Maastrich ha coincidido con el 44 aniversario de la fundaci\u00f3n de esta universidad, la m\u00e1s internacional de Holanda, con casi la mitad del estudiantado extranjero, en una ceremonia dirigida por el rector, Rianne Letschert. <strong>EFE<\/strong><\/p>\n<\/div>\n<p>&nbsp;<\/p>\n<div align=\"center\"><iframe src=\"https:\/\/www.youtube.com\/embed\/VXpYvRUI_pc\" width=\"560\" height=\"315\" frameborder=\"0\" allowfullscreen=\"allowfullscreen\"><\/iframe><\/div>\n","protected":false},"excerpt":{"rendered":"<p>Val\u00e8ncia, 31 ene (EFE).- La Universidad de Maastrich ha investido  [&#8230;]<\/p>\n","protected":false},"author":1,"featured_media":209,"comment_status":"closed","ping_status":"open","sticky":false,"template":"","format":"standard","meta":{"footnotes":""},"categories":[6],"tags":[],"class_list":["post-208","post","type-post","status-publish","format-standard","has-post-thumbnail","hentry","category-noticias"],"_links":{"self":[{"href":"https:\/\/www.academiapsicologia.com\/index.php\/wp-json\/wp\/v2\/posts\/208","targetHints":{"allow":["GET"]}}],"collection":[{"href":"https:\/\/www.academiapsicologia.com\/index.php\/wp-json\/wp\/v2\/posts"}],"about":[{"href":"https:\/\/www.academiapsicologia.com\/index.php\/wp-json\/wp\/v2\/types\/post"}],"author":[{"embeddable":true,"href":"https:\/\/www.academiapsicologia.com\/index.php\/wp-json\/wp\/v2\/users\/1"}],"replies":[{"embeddable":true,"href":"https:\/\/www.academiapsicologia.com\/index.php\/wp-json\/wp\/v2\/comments?post=208"}],"version-history":[{"count":17,"href":"https:\/\/www.academiapsicologia.com\/index.php\/wp-json\/wp\/v2\/posts\/208\/revisions"}],"predecessor-version":[{"id":227,"href":"https:\/\/www.academiapsicologia.com\/index.php\/wp-json\/wp\/v2\/posts\/208\/revisions\/227"}],"wp:featuredmedia":[{"embeddable":true,"href":"https:\/\/www.academiapsicologia.com\/index.php\/wp-json\/wp\/v2\/media\/209"}],"wp:attachment":[{"href":"https:\/\/www.academiapsicologia.com\/index.php\/wp-json\/wp\/v2\/media?parent=208"}],"wp:term":[{"taxonomy":"category","embeddable":true,"href":"https:\/\/www.academiapsicologia.com\/index.php\/wp-json\/wp\/v2\/categories?post=208"},{"taxonomy":"post_tag","embeddable":true,"href":"https:\/\/www.academiapsicologia.com\/index.php\/wp-json\/wp\/v2\/tags?post=208"}],"curies":[{"name":"wp","href":"https:\/\/api.w.org\/{rel}","templated":true}]}}