{"id":2105,"date":"2023-05-08T09:50:12","date_gmt":"2023-05-08T07:50:12","guid":{"rendered":"https:\/\/www.academiapsicologia.com\/?p=2105"},"modified":"2023-05-08T09:50:51","modified_gmt":"2023-05-08T07:50:51","slug":"la-universitat-de-valencia-ha-investido-doctor-honoris-causa-a-juan-pascual-leone","status":"publish","type":"post","link":"https:\/\/www.academiapsicologia.com\/index.php\/2023\/05\/08\/la-universitat-de-valencia-ha-investido-doctor-honoris-causa-a-juan-pascual-leone\/","title":{"rendered":"La Universitat de Val\u00e8ncia ha investido Doctor \u00abHonoris causa\u00bb a Juan Pascual-Leone"},"content":{"rendered":"<div align=\"justify\">\n<blockquote>\n<p class=\"detall-resum\"><strong>El pasado jueves 4 de mayo tuvo lugar en el Paraninfo del hist\u00f3rico edificio de La Nau la investidura del cient\u00edfico y profesor em\u00e9rito, Juan Pascual-Leone, como doctor \u201cHonoris Causa\u201d por la Universitat de Val\u00e8ncia.<\/strong><\/p>\n<\/blockquote>\n<div class=\"detall-cos\">\n<p>El acto de nombramiento estuvo presidido por la rectora de la Universitat de Val\u00e8ncia, M\u00aa Vicenta Mestre y, la profesora y catedr\u00e1tica de Psicolog\u00eda B\u00e1sica de la UV, M\u00aa \u00c1ngeles Cerezo, que fue la madrina y encargada de leer la\u00a0<em>laudatio<\/em>. Adem\u00e1s, a la investidura asisti\u00f3 como padrino Antonio Manuel Ferrer, profesor titular del Departamento de Psicolog\u00eda Evolutiva y de la Educaci\u00f3n, y decano de la Facultad de Psicolog\u00eda y Logopedia.<\/p>\n<p>En el nombramiento tambi\u00e9n estuvieron Paula Samper, directora del Departamento de Psicolog\u00eda B\u00e1sica; Javier Roca, director del Departamento de Psicolog\u00eda Evolutiva y de la Educaci\u00f3n; Ana d\u2019Ocon, profesora de Psicolog\u00eda B\u00e1sica y vicedecana de la Facultat de Psicolog\u00eda y Logopedia; Francisco Alcantud, catedr\u00e1tico de Psicolog\u00eda Evolutiva y de la Educaci\u00f3n; una amplia representaci\u00f3n del Consell de Direcci\u00f3n de la Universitat; gran parte de los decanos y decanas de la instituci\u00f3n y miembros y representantes de los diferentes colectivos de la comunidad universitaria.<\/p>\n<p>La entrega de este reconocimiento como Doctor \u201cHonoris Causa\u201d a Juan Pascual-Leone por parte de la UV ha sido impulsada por la Facultat de Psicolog\u00eda de la Universitat de Val\u00e8ncia como reconocimiento a su labor al ser el primer cient\u00edfico en cuantificar la capacidad de atenci\u00f3n mental.<\/p>\n<p>Juan Pacual en la\u00a0<em>lectio<\/em>\u00a0ha mencionado sus inicios como estudiante de medicina en la Universitat de Val\u00e8ncia y su posterior inter\u00e9s por la psicolog\u00eda, destacando la importancia de su trabajo con Piaget, que inici\u00f3 su carrera en este campo y despert\u00f3 en \u00e9l el inter\u00e9s por la psicolog\u00eda evolutiva. A lo largo de la intervenci\u00f3n ha hablado precisamente de sus estudios relativos a este tema y ha concluido explicando que el aprendizaje es esencial, pero por s\u00ed s\u00f3lo no explica el desarrollo cognitivo. Tambi\u00e9n hace falta capacidad mental para resolver conflictos en situaciones nuevas.<\/p>\n<p>La\u00a0<em>lectio<\/em>\u00a0completa del Dr. Juan Pascual-Leone puede leerse\u00a0<strong><a href=\"https:\/\/go.uv.es\/8Yui33L\" target=\"_blank\" rel=\"noopener\">aqu\u00ed<\/a><\/strong>.<\/p>\n<p>Por su lado, la rectora de la Universitat de Val\u00e8ncia ha destacado en su discurso que esta distinci\u00f3n como Doctor \u201cHonoris Causa\u201d la recibe \u201cun hombre que, como el mismo ha se\u00f1alado en su espl\u00e9ndida lectio, aut\u00e9ntica lecci\u00f3n magistral de explicaci\u00f3n de la mente a trav\u00e9s de los esquemas y los operadores, siempre ha tenido &#8216;tendencia a observar la mente y modo cognitivo de ser en ni\u00f1os y adultos\u201d. Durante su intervenci\u00f3n, Mestre tambi\u00e9n ha hablado de su carrera como psic\u00f3loga, haciendo menci\u00f3n del compromiso institucional y pasi\u00f3n por la Psicolog\u00eda que tiene la UV como disciplina acad\u00e9mica y, tambi\u00e9n, en su vertiente profesional.<\/p>\n<p>Se puede acceder al discurso completo de la rectora M\u00aa Vicenta Mestre\u00a0<strong><a href=\"https:\/\/go.uv.es\/ddGAU7D\" target=\"_blank\" rel=\"noopener\">aqu\u00ed<\/a><\/strong>.<\/p>\n<p>M\u00aa \u00c1ngeles Cerezo, como encargada de leer el laudatio, ha realizado un repaso por toda la trayectoria del Doctor y ha expuesto las razones que le llevan a obtener esta distinci\u00f3n, mencionando su gran labor en diferentes campos y \u00e1reas de la psicolog\u00eda y la educaci\u00f3n y su constante \u00edmpetu de aprendizaje que le ha llevado a convertirse en el profesional que es hoy en d\u00eda.<\/p>\n<p>Para leer el\u00a0<em>laudatio<\/em>\u00a0de la catedr\u00e1tica M\u00aa \u00c1ngeles Cerezo, haga click\u00a0<strong><a href=\"https:\/\/go.uv.es\/L8CgoTZ\" target=\"_blank\" rel=\"noopener\">aqu\u00ed<\/a><\/strong>.<\/p>\n<h4><strong><u>Juan Pascual-Leone<\/u><\/strong><\/h4>\n<p>Juan Pascual-Leone (Valencia, 1933) es un psic\u00f3logo del desarrollo y fundador del enfoque neopiagetano del desarrollo cognitivo. Se doctor\u00f3 en Psicolog\u00eda en la Universidad de Ginebra con Jean Piaget, en 1969. Antes de marcharse de Espa\u00f1a, se licenci\u00f3 en Medicina en la Universitat de Val\u00e8ncia con 24 a\u00f1os y se especializ\u00f3 en Psiquiatr\u00eda y Neurolog\u00eda en la Universidad de Valladolid. Impulsado por su gran inter\u00e9s en la mente humana, se diplom\u00f3 en Psicolog\u00eda Experimental del Desarrollo en el Instituto Rousseau en Suiza en 1963 y obtuvo el m\u00e1ster en Psicolog\u00eda en 1964 en la Universidad de Ginebra, donde ya iniciaba su camino con Jean Piaget.<\/p>\n<p>Su labor como acad\u00e9mico empez\u00f3 en la Universidad de British Columbia, Vancouver, y continu\u00f3 en la York University en Toronto, Canad\u00e1, en el Departamento de Psicolog\u00eda, donde fund\u00f3 el<em>\u00a0Developmental Processes Laboratory\u00a0<\/em>que se convirti\u00f3 en referente mundial de formaci\u00f3n en investigaci\u00f3n para varias generaciones. Actualmente, el Dr. Pascual-Leone es Profesor Em\u00e9rito de la York University, Senior Scholar y co-dirige el laboratorio con la Dra. Janice Johnson.<\/p>\n<p>Dentro de la Psicolog\u00eda del Desarrollo, Pascual-Leone constituye el origen del movimiento neo-Piagetiano, que tiene un car\u00e1cter constructivista, metasubjetivo y dial\u00e9ctico. Su l\u00ednea de trabajo\u00a0y sus hallazgos han guiado a muchos investigadores que, con sus estudios, han establecido ese movimiento tan fruct\u00edfero de una nueva investigaci\u00f3n te\u00f3rica y emp\u00edrica sobre las relaciones entre\u00a0el procesamiento de la informaci\u00f3n y el desarrollo cognitivo. Precisamente por ser el pionero de este movimiento, cuenta con m\u00e1s de 10.000 citas a sus trabajos, hecho que le da un gran peso dentro de la comunidad cient\u00edfica.<\/p>\n<p>Su trabajo fundacional \u2018<em>A Mathematical Model for the transition rule in Piaget\u2019s developmental stages<\/em>\u2019, de 1970 en Acta Psychologica, se encuentra entre los 500 art\u00edculos m\u00e1s citados en el campo de la Psicolog\u00eda. En este trabajo, Pascual-Leone propuso un modelo matem\u00e1tico de atenci\u00f3n mental end\u00f3gena, que explica c\u00f3mo y cu\u00e1ndo se desarrollan las capacidades cognitivas humanas.<\/p>\n<p>A partir de los a\u00f1os 90, el investigador cambi\u00f3 el foco del desarrollo cognitivo y se centr\u00ed en la adultez y el envejecimiento. Proponiendo un modelo, para las etapas adultas de abstracci\u00f3n, basado en sus ideas innovadoras de las habilidades cognitivas en el envejecimiento que presenta un an\u00e1lisis cognitivo de estos procesos y el surgimiento de la sabiduria en los \u00faltimos a\u00f1os.<\/p>\n<p>Su investigaci\u00f3n m\u00e1s reciente trata temas de medici\u00f3n, superdotaci\u00f3n cognitiva y neurociencia. En particular, la conexi\u00f3n que creativamente establece entre cerebro y conciencia sugiere desarrollos muy relevantes en la investigaci\u00f3n interdisciplinar actual.<\/p>\n<div align=\"center\"><iframe title=\"YouTube video player\" src=\"https:\/\/www.youtube.com\/embed\/uFR_qAVudeo\" width=\"560\" height=\"315\" frameborder=\"0\" allowfullscreen=\"allowfullscreen\"><\/iframe><\/div>\n<\/div>\n<\/div>\n","protected":false},"excerpt":{"rendered":"<p>El pasado jueves 4 de mayo tuvo lugar en el  [&#8230;]<\/p>\n","protected":false},"author":1,"featured_media":2106,"comment_status":"closed","ping_status":"open","sticky":false,"template":"","format":"standard","meta":{"footnotes":""},"categories":[6],"tags":[],"class_list":["post-2105","post","type-post","status-publish","format-standard","has-post-thumbnail","hentry","category-noticias"],"_links":{"self":[{"href":"https:\/\/www.academiapsicologia.com\/index.php\/wp-json\/wp\/v2\/posts\/2105","targetHints":{"allow":["GET"]}}],"collection":[{"href":"https:\/\/www.academiapsicologia.com\/index.php\/wp-json\/wp\/v2\/posts"}],"about":[{"href":"https:\/\/www.academiapsicologia.com\/index.php\/wp-json\/wp\/v2\/types\/post"}],"author":[{"embeddable":true,"href":"https:\/\/www.academiapsicologia.com\/index.php\/wp-json\/wp\/v2\/users\/1"}],"replies":[{"embeddable":true,"href":"https:\/\/www.academiapsicologia.com\/index.php\/wp-json\/wp\/v2\/comments?post=2105"}],"version-history":[{"count":10,"href":"https:\/\/www.academiapsicologia.com\/index.php\/wp-json\/wp\/v2\/posts\/2105\/revisions"}],"predecessor-version":[{"id":2116,"href":"https:\/\/www.academiapsicologia.com\/index.php\/wp-json\/wp\/v2\/posts\/2105\/revisions\/2116"}],"wp:featuredmedia":[{"embeddable":true,"href":"https:\/\/www.academiapsicologia.com\/index.php\/wp-json\/wp\/v2\/media\/2106"}],"wp:attachment":[{"href":"https:\/\/www.academiapsicologia.com\/index.php\/wp-json\/wp\/v2\/media?parent=2105"}],"wp:term":[{"taxonomy":"category","embeddable":true,"href":"https:\/\/www.academiapsicologia.com\/index.php\/wp-json\/wp\/v2\/categories?post=2105"},{"taxonomy":"post_tag","embeddable":true,"href":"https:\/\/www.academiapsicologia.com\/index.php\/wp-json\/wp\/v2\/tags?post=2105"}],"curies":[{"name":"wp","href":"https:\/\/api.w.org\/{rel}","templated":true}]}}