{"id":2117,"date":"2023-01-16T10:03:16","date_gmt":"2023-01-16T09:03:16","guid":{"rendered":"https:\/\/www.academiapsicologia.com\/?p=2117"},"modified":"2023-05-08T10:05:50","modified_gmt":"2023-05-08T08:05:50","slug":"el-cop-asturias-homenajea-a-jose-ramon-fernandez-hermida","status":"publish","type":"post","link":"https:\/\/www.academiapsicologia.com\/index.php\/2023\/01\/16\/el-cop-asturias-homenajea-a-jose-ramon-fernandez-hermida\/","title":{"rendered":"El COP Asturias homenajea a Jos\u00e9 Ram\u00f3n Fern\u00e1ndez Hermida"},"content":{"rendered":"<div align=\"justify\">\n<blockquote><p><strong>El Colegio Oficial de Psic\u00f3logos del Principado de Asturias rindi\u00f3, el pasado viernes 13 de enero, un emotivo homenaje a su primer decano, Jos\u00e9 Ram\u00f3n Fern\u00e1ndez Hermida, director de publicaciones de Infocop y vocal del Consejo General de la Psicolog\u00eda, quien permaneci\u00f3 en el cargo durante 25 a\u00f1os y a quien dedicaron el sal\u00f3n de actos de su sede en Oviedo.<\/strong><\/p>\n<p><strong>Un m\u00e1s que merecido reconocimiento a una larga y fruct\u00edfera trayectoria profesional y a un estrecho compromiso con la profesi\u00f3n de la Psicolog\u00eda.<\/strong><\/p><\/blockquote>\n<p><em>Fotograf\u00eda Superior: Elvira Vilorio, decana actual COP Asturias, y Jos\u00e9 Ram\u00f3n Fern\u00e1ndez Hermida frente a la placa que lleva su nombre.<\/em><\/p>\n<p>Jos\u00e9 Ram\u00f3n Fern\u00e1ndez Hermida es profesor Titular de la Facultad de Psicolog\u00eda de la Universidad de Oviedo desde 1993 y catedr\u00e1tico de Universidad desde 2019 hasta la actualidad. Es Psic\u00f3logo Cl\u00ednico de los Servicios de Salud Mental del Principado de Asturias desde 1979 hasta 1993 y Especialista en Psicolog\u00eda Cl\u00ednica desde 2003. Asimismo, es coordinador del M\u00e1ster de Psicolog\u00eda General Sanitaria desde su inicio en el a\u00f1o 2014 en la Universidad de Oviedo, y del t\u00edtulo propio de la Universidad de Oviedo, M\u00e1ster en Adicciones: Una perspectiva psicosocial.<\/p>\n<p>Cuenta con cuatro sexenios de investigaci\u00f3n y uno de transferencia. Ha impartido o imparte las asignaturas de Evaluaci\u00f3n Cl\u00ednica, Psicopatolog\u00eda General y Prevenci\u00f3n de los Trastornos del Comportamiento.<\/p>\n<div id=\"attachment_2118\" style=\"width: 510px\" class=\"wp-caption alignleft\"><a href=\"https:\/\/www.academiapsicologia.com\/wp-content\/uploads\/2023\/05\/El-COP-Asturias-homenajea-a-Jose-Ramon-Fernandez-Hermida-02.jpg\" target=\"_blank\" rel=\"noopener\"><img decoding=\"async\" aria-describedby=\"caption-attachment-2118\" class=\"wp-image-2118\" src=\"https:\/\/www.academiapsicologia.com\/wp-content\/uploads\/2023\/05\/El-COP-Asturias-homenajea-a-Jose-Ramon-Fernandez-Hermida-02-300x219.jpg\" alt=\"\" width=\"500\" height=\"365\" srcset=\"https:\/\/www.academiapsicologia.com\/wp-content\/uploads\/2023\/05\/El-COP-Asturias-homenajea-a-Jose-Ramon-Fernandez-Hermida-02-200x146.jpg 200w, https:\/\/www.academiapsicologia.com\/wp-content\/uploads\/2023\/05\/El-COP-Asturias-homenajea-a-Jose-Ramon-Fernandez-Hermida-02-300x219.jpg 300w, https:\/\/www.academiapsicologia.com\/wp-content\/uploads\/2023\/05\/El-COP-Asturias-homenajea-a-Jose-Ramon-Fernandez-Hermida-02-400x292.jpg 400w, https:\/\/www.academiapsicologia.com\/wp-content\/uploads\/2023\/05\/El-COP-Asturias-homenajea-a-Jose-Ramon-Fernandez-Hermida-02-600x438.jpg 600w, https:\/\/www.academiapsicologia.com\/wp-content\/uploads\/2023\/05\/El-COP-Asturias-homenajea-a-Jose-Ramon-Fernandez-Hermida-02-768x561.jpg 768w, https:\/\/www.academiapsicologia.com\/wp-content\/uploads\/2023\/05\/El-COP-Asturias-homenajea-a-Jose-Ramon-Fernandez-Hermida-02.jpg 770w\" sizes=\"(max-width: 500px) 100vw, 500px\" \/><\/a><p id=\"caption-attachment-2118\" class=\"wp-caption-text\">Ram\u00f3n Vilalta (anterior decano COP Asturias), Elvira Vilorio (decana actual COP Asturias), Francisco Santaolaya (presidente del Consejo General de Psicolog\u00eda de Espa\u00f1a), Jos\u00e9 Ram\u00f3n Fern\u00e1ndez Hermida, Manuel Berdullas (vocal del Consejo General de la Psicolog\u00eda) y Jos\u00e9 Mu\u00f1iz (rector de la Universidad de Nebrija), durante el homenaje<\/p><\/div>\n<p>Ha sido presidente de los \u00f3rganos de direcci\u00f3n del COP en Asturias desde su fundaci\u00f3n, en 1980, hasta 2006, as\u00ed como vocal de la Junta de Gobierno del Colegio Oficial de Psic\u00f3logos y del Consejo General de Colegios Oficiales de Psic\u00f3logos desde 1993 hasta la actualidad.<\/p>\n<p>Como investigador se ha centrado especialmente en el campo de las drogodependencias. Es autor o coautor de m\u00e1s de 130 trabajos publicados en revistas nacionales e internacionales, 111 en revistas indexadas (83 JCR), 47 libros y cap\u00edtulos de libros y m\u00e1s de 160 comunicaciones o conferencias en congresos nacionales e internacionales. Ha participado en 29 proyectos I+D y contratos de investigaci\u00f3n, siendo Investigador principal en 17 de ellos.<\/p>\n<p>Es miembro de la direcci\u00f3n de Papeles del Psic\u00f3logo y Director de Infocop. Ha recibido distinciones de diferentes Colegios de Psic\u00f3logos en Espa\u00f1a. Adem\u00e1s, le han sido otorgados los siguientes premios: X Premio Nacional de TEA del a\u00f1o 2005, Premio al mejor profesor de Psicolog\u00eda otorgado el a\u00f1o 2012 por la Asociaci\u00f3n Estatal de Estudiantes de Psicolog\u00eda (CEP-PIE) y Premio Ib\u00e9rico de la Psicolog\u00eda 2015 concedido por el Consejo General de Colegios de la Psicolog\u00eda de Espa\u00f1a y la Ordem dos Psicologos Portuguesess.<\/p>\n<p>Desde 2018 es, adem\u00e1s, Acad\u00e9mico de N\u00famero de la Academia de Psicolog\u00eda de Espa\u00f1a.<\/p>\n<\/div>\n","protected":false},"excerpt":{"rendered":"<p>El Colegio Oficial de Psic\u00f3logos del Principado de Asturias rindi\u00f3,  [&#8230;]<\/p>\n","protected":false},"author":1,"featured_media":2119,"comment_status":"closed","ping_status":"open","sticky":false,"template":"","format":"standard","meta":{"footnotes":""},"categories":[6],"tags":[],"class_list":["post-2117","post","type-post","status-publish","format-standard","has-post-thumbnail","hentry","category-noticias"],"_links":{"self":[{"href":"https:\/\/www.academiapsicologia.com\/index.php\/wp-json\/wp\/v2\/posts\/2117","targetHints":{"allow":["GET"]}}],"collection":[{"href":"https:\/\/www.academiapsicologia.com\/index.php\/wp-json\/wp\/v2\/posts"}],"about":[{"href":"https:\/\/www.academiapsicologia.com\/index.php\/wp-json\/wp\/v2\/types\/post"}],"author":[{"embeddable":true,"href":"https:\/\/www.academiapsicologia.com\/index.php\/wp-json\/wp\/v2\/users\/1"}],"replies":[{"embeddable":true,"href":"https:\/\/www.academiapsicologia.com\/index.php\/wp-json\/wp\/v2\/comments?post=2117"}],"version-history":[{"count":8,"href":"https:\/\/www.academiapsicologia.com\/index.php\/wp-json\/wp\/v2\/posts\/2117\/revisions"}],"predecessor-version":[{"id":2127,"href":"https:\/\/www.academiapsicologia.com\/index.php\/wp-json\/wp\/v2\/posts\/2117\/revisions\/2127"}],"wp:featuredmedia":[{"embeddable":true,"href":"https:\/\/www.academiapsicologia.com\/index.php\/wp-json\/wp\/v2\/media\/2119"}],"wp:attachment":[{"href":"https:\/\/www.academiapsicologia.com\/index.php\/wp-json\/wp\/v2\/media?parent=2117"}],"wp:term":[{"taxonomy":"category","embeddable":true,"href":"https:\/\/www.academiapsicologia.com\/index.php\/wp-json\/wp\/v2\/categories?post=2117"},{"taxonomy":"post_tag","embeddable":true,"href":"https:\/\/www.academiapsicologia.com\/index.php\/wp-json\/wp\/v2\/tags?post=2117"}],"curies":[{"name":"wp","href":"https:\/\/api.w.org\/{rel}","templated":true}]}}