{"id":2199,"date":"2023-06-23T13:04:36","date_gmt":"2023-06-23T11:04:36","guid":{"rendered":"https:\/\/www.academiapsicologia.com\/?p=2199"},"modified":"2024-02-08T13:22:16","modified_gmt":"2024-02-08T12:22:16","slug":"isabel-balaguer-sola","status":"publish","type":"post","link":"https:\/\/www.academiapsicologia.com\/index.php\/2023\/06\/23\/isabel-balaguer-sola\/","title":{"rendered":"Excma. Sra. D.\u00aa Mar\u00eda Isabel Balaguer Sol\u00e1"},"content":{"rendered":"<p><div class=\"fusion-fullwidth fullwidth-box fusion-builder-row-1 fusion-flex-container nonhundred-percent-fullwidth non-hundred-percent-height-scrolling\" style=\"--awb-border-radius-top-left:0px;--awb-border-radius-top-right:0px;--awb-border-radius-bottom-right:0px;--awb-border-radius-bottom-left:0px;--awb-flex-wrap:wrap;\" ><div class=\"fusion-builder-row fusion-row fusion-flex-align-items-flex-start fusion-flex-content-wrap\" style=\"max-width:1248px;margin-left: calc(-4% \/ 2 );margin-right: calc(-4% \/ 2 );\"><div class=\"fusion-layout-column fusion_builder_column fusion-builder-column-0 fusion_builder_column_1_1 1_1 fusion-flex-column\" style=\"--awb-bg-size:cover;--awb-width-large:100%;--awb-margin-top-large:0px;--awb-spacing-right-large:1.92%;--awb-margin-bottom-large:20px;--awb-spacing-left-large:1.92%;--awb-width-medium:100%;--awb-order-medium:0;--awb-spacing-right-medium:1.92%;--awb-spacing-left-medium:1.92%;--awb-width-small:100%;--awb-order-small:0;--awb-spacing-right-small:1.92%;--awb-spacing-left-small:1.92%;\"><div class=\"fusion-column-wrapper fusion-column-has-shadow fusion-flex-justify-content-flex-start fusion-content-layout-column\"><ul style=\"--awb-line-height:27.2px;--awb-icon-width:27.2px;--awb-icon-height:27.2px;--awb-icon-margin:11.2px;--awb-content-margin:38.4px;--awb-circlecolor:#b67cd1;--awb-circle-yes-font-size:14.08px;\" class=\"fusion-checklist fusion-checklist-1 fusion-checklist-default type-icons\"><li class=\"fusion-li-item\" style=\"\"><span class=\"icon-wrapper circle-yes\"><i class=\"fusion-li-icon fa-calendar-alt fas\" aria-hidden=\"true\"><\/i><\/span><div class=\"fusion-li-item-content\">\n<p><strong>21 de junio de 2023<\/strong><\/p>\n<\/div><\/li><li class=\"fusion-li-item\" style=\"\"><span class=\"icon-wrapper circle-yes\"><i class=\"fusion-li-icon fa-medal fas\" aria-hidden=\"true\"><\/i><\/span><div class=\"fusion-li-item-content\">\n<p><strong>Medalla N\u00ba 33<\/strong><\/p>\n<\/div><\/li><\/ul><\/div><\/div><\/div><\/div><div class=\"fusion-fullwidth fullwidth-box fusion-builder-row-2 fusion-flex-container nonhundred-percent-fullwidth non-hundred-percent-height-scrolling\" style=\"--awb-border-radius-top-left:0px;--awb-border-radius-top-right:0px;--awb-border-radius-bottom-right:0px;--awb-border-radius-bottom-left:0px;--awb-flex-wrap:wrap;\" ><div class=\"fusion-builder-row fusion-row fusion-flex-align-items-flex-start fusion-flex-content-wrap\" style=\"max-width:1248px;margin-left: calc(-4% \/ 2 );margin-right: calc(-4% \/ 2 );\"><div class=\"fusion-layout-column fusion_builder_column fusion-builder-column-1 fusion_builder_column_1_4 1_4 fusion-flex-column\" style=\"--awb-bg-size:cover;--awb-width-large:25%;--awb-margin-top-large:0px;--awb-spacing-right-large:7.68%;--awb-margin-bottom-large:20px;--awb-spacing-left-large:7.68%;--awb-width-medium:25%;--awb-order-medium:0;--awb-spacing-right-medium:7.68%;--awb-spacing-left-medium:7.68%;--awb-width-small:100%;--awb-order-small:0;--awb-spacing-right-small:1.92%;--awb-spacing-left-small:1.92%;\"><div class=\"fusion-column-wrapper fusion-column-has-shadow fusion-flex-justify-content-flex-start fusion-content-layout-column\"><div class=\"fusion-image-element \" style=\"--awb-caption-title-font-family:var(--h2_typography-font-family);--awb-caption-title-font-weight:var(--h2_typography-font-weight);--awb-caption-title-font-style:var(--h2_typography-font-style);--awb-caption-title-size:var(--h2_typography-font-size);--awb-caption-title-transform:var(--h2_typography-text-transform);--awb-caption-title-line-height:var(--h2_typography-line-height);--awb-caption-title-letter-spacing:var(--h2_typography-letter-spacing);\"><span class=\" fusion-imageframe imageframe-none imageframe-1 hover-type-none\"><a class=\"fusion-no-lightbox\" href=\"https:\/\/www.academiapsicologia.com\/wp-content\/uploads\/2023\/06\/Isabel-Balaguer-Sola.jpg\" target=\"_blank\" aria-label=\"Isabel Balaguer Sol\u00e1\" rel=\"noopener noreferrer\"><img decoding=\"async\" width=\"269\" height=\"300\" src=\"https:\/\/www.academiapsicologia.com\/wp-content\/uploads\/2023\/06\/Isabel-Balaguer-Sola-269x300.jpg\" alt class=\"img-responsive wp-image-2201\" srcset=\"https:\/\/www.academiapsicologia.com\/wp-content\/uploads\/2023\/06\/Isabel-Balaguer-Sola-200x223.jpg 200w, https:\/\/www.academiapsicologia.com\/wp-content\/uploads\/2023\/06\/Isabel-Balaguer-Sola-400x447.jpg 400w, https:\/\/www.academiapsicologia.com\/wp-content\/uploads\/2023\/06\/Isabel-Balaguer-Sola-600x670.jpg 600w, https:\/\/www.academiapsicologia.com\/wp-content\/uploads\/2023\/06\/Isabel-Balaguer-Sola.jpg 800w\" sizes=\"(max-width: 640px) 100vw, 400px\" \/><\/a><\/span><\/div><\/div><\/div><div class=\"fusion-layout-column fusion_builder_column fusion-builder-column-2 fusion_builder_column_3_4 3_4 fusion-flex-column\" style=\"--awb-bg-size:cover;--awb-width-large:75%;--awb-margin-top-large:0px;--awb-spacing-right-large:2.56%;--awb-margin-bottom-large:20px;--awb-spacing-left-large:2.56%;--awb-width-medium:75%;--awb-order-medium:0;--awb-spacing-right-medium:2.56%;--awb-spacing-left-medium:2.56%;--awb-width-small:100%;--awb-order-small:0;--awb-spacing-right-small:1.92%;--awb-spacing-left-small:1.92%;\"><div class=\"fusion-column-wrapper fusion-column-has-shadow fusion-flex-justify-content-flex-start fusion-content-layout-column\"><div class=\"fusion-text fusion-text-1\" style=\"--awb-text-transform:none;\"><div align=\"justify\">\n<p>Mar\u00eda Isabel Balaguer Sol\u00e1, naci\u00f3 en Alzira (Valencia), se licenci\u00f3 en Filosof\u00eda y Ciencias de la Educaci\u00f3n (Secci\u00f3n Psicolog\u00eda) en 1981 en la Universitat de Val\u00e8ncia y se doctor\u00f3 en Psicolog\u00eda en la misma universidad bajo la direcci\u00f3n del Profesor Helio Carpintero en 1986. Actualmente es Catedr\u00e1tica Em\u00e9rita de la Universitat de Val\u00e8ncia.<\/p>\n<p>Su actividad docente se ha desarrollado en todos los niveles de la ense\u00f1anza universitaria, especializ\u00e1ndose desde muy pronto en la psicolog\u00eda aplicada al deporte, tanto en la Universitat de Valencia -en donde codirigi\u00f3 la Primera Edici\u00f3n del Master de Alto Rendimiento Deportivo y las dos primeras ediciones del Master de Gesti\u00f3n del deporte- como en otras Universidades espa\u00f1olas y extranjeras.<\/p>\n<p>En su actividad investigadora, interesada fundamentalmente en los procesos psicol\u00f3gicos que favorecen el funcionamiento \u00f3ptimo, estableci\u00f3 la Unidad de Investigaci\u00f3n de Psicolog\u00eda del Deporte (UIPD) en 1993, actualmente, inscrito en el registro de Grupos de Investigaci\u00f3n de la Universitat de Val\u00e8ncia (GIUV2013-120). Ha participado en 35 proyectos de investigaci\u00f3n (10 internacionales y 25 espa\u00f1oles), financiados por diferentes convocatorias, siendo IP de buena parte de ellos. Entre los proyectos internacionales fue l\u00edder en Espa\u00f1a del proyecto europeo PAPA (<em>Promoting Adolescent Physical Activity<\/em>), financiado por la Uni\u00f3n Europea en el marco del 7\u00ba programa marco del \u00e1rea de salud. Al frente del equipo de la Universidad de Valencia se responsabiliz\u00f3 de la diseminaci\u00f3n de la informaci\u00f3n (WP5). Tambi\u00e9n ha co-dirigido el \u00e1rea de investigaci\u00f3n en la Red Tem\u00e1tica REDDECA financiada por CONACYT (M\u00e9xico, 2013-2018). Ha participado como investigadora en algunos proyectos financiados por la UEFA. Actualmente co-dirige el Proyecto \u201cEntorno social y funcionamiento \u00f3ptimo: Un estudio longitudinal en f\u00fatbol base\u201d financiado por la Generalitat Valenciana y participa como investigadora en un proyecto internacional financiado por el <em>Advanced Olympic Research Grant Programme<\/em>. Ha dirigido 26 Tesis Doctorales. Ha participado activamente en congresos cient\u00edficos, nacionales e internacionales, contando con pr\u00e1cticamente 400 presentaciones. Ha sido miembro de numerosos comit\u00e9s cient\u00edficos, y presidenta de otros. Ha publicado 146 art\u00edculos en revistas cient\u00edficas, varios libros y cap\u00edtulos de libro.<\/p>\n<p>En las actividades de transferencia de investigaci\u00f3n, desde hace pr\u00e1cticamente dos d\u00e9cadas, ha desarrollado una actividad en la que combina investigaci\u00f3n b\u00e1sica y aplicada en el \u00e1mbito de la formaci\u00f3n de entrenadores, padres y madres en la creaci\u00f3n de climas motivacionales, dentro del programa de formaci\u00f3n <em>Empowering Coaching<sup>TM<\/sup><\/em>, licenciado a la Universitat de Val\u00e8ncia por la Universidad de Birmingham (Reino Unido). Y a su vez ha desarrollado programas de intervenci\u00f3n psicol\u00f3gica con deportistas, destinados a la obtenci\u00f3n de un funcionamiento \u00f3ptimo.<\/p>\n<p>Entre los reconocimientos recibidos a su labor investigadora, a su producci\u00f3n cient\u00edfica y a la transferencia, cabe destacar: Cinco sexenios de investigaci\u00f3n, seis quinquenios de docencia, Doctora Honoris Causa por la Universidad Aut\u00f3noma de Nuevo Le\u00f3n (M\u00e9xico) en 2016, <em>Honorary Senior Research Fellow<\/em> por la Universidad de Birmingham (Reino Unido) en <em>The School of Sport, Exercise and Rehabilitation Science<\/em>,\u00a0 <em>Fellow<\/em> del <em>European College of Sport Science, <\/em>\u00a0y Acad\u00e9mica de N\u00famero de la Academia de Psicolog\u00eda de Espa\u00f1a (medalla 33) en Junio de 2023.<\/p>\n<\/div>\n<\/div><\/div><\/div><\/div><\/div><\/p>\n","protected":false},"excerpt":{"rendered":"","protected":false},"author":1,"featured_media":0,"comment_status":"closed","ping_status":"open","sticky":false,"template":"","format":"standard","meta":{"footnotes":""},"categories":[11],"tags":[],"class_list":["post-2199","post","type-post","status-publish","format-standard","hentry","category-academicos"],"_links":{"self":[{"href":"https:\/\/www.academiapsicologia.com\/index.php\/wp-json\/wp\/v2\/posts\/2199","targetHints":{"allow":["GET"]}}],"collection":[{"href":"https:\/\/www.academiapsicologia.com\/index.php\/wp-json\/wp\/v2\/posts"}],"about":[{"href":"https:\/\/www.academiapsicologia.com\/index.php\/wp-json\/wp\/v2\/types\/post"}],"author":[{"embeddable":true,"href":"https:\/\/www.academiapsicologia.com\/index.php\/wp-json\/wp\/v2\/users\/1"}],"replies":[{"embeddable":true,"href":"https:\/\/www.academiapsicologia.com\/index.php\/wp-json\/wp\/v2\/comments?post=2199"}],"version-history":[{"count":4,"href":"https:\/\/www.academiapsicologia.com\/index.php\/wp-json\/wp\/v2\/posts\/2199\/revisions"}],"predecessor-version":[{"id":2476,"href":"https:\/\/www.academiapsicologia.com\/index.php\/wp-json\/wp\/v2\/posts\/2199\/revisions\/2476"}],"wp:attachment":[{"href":"https:\/\/www.academiapsicologia.com\/index.php\/wp-json\/wp\/v2\/media?parent=2199"}],"wp:term":[{"taxonomy":"category","embeddable":true,"href":"https:\/\/www.academiapsicologia.com\/index.php\/wp-json\/wp\/v2\/categories?post=2199"},{"taxonomy":"post_tag","embeddable":true,"href":"https:\/\/www.academiapsicologia.com\/index.php\/wp-json\/wp\/v2\/tags?post=2199"}],"curies":[{"name":"wp","href":"https:\/\/api.w.org\/{rel}","templated":true}]}}