{"id":2232,"date":"2023-07-29T12:09:28","date_gmt":"2023-07-29T10:09:28","guid":{"rendered":"https:\/\/www.academiapsicologia.com\/?p=2232"},"modified":"2023-08-09T16:08:37","modified_gmt":"2023-08-09T14:08:37","slug":"curso-sobre-psicologia-en-la-universidad-internacional-menendez-pelayo-uimp-de-santander","status":"publish","type":"post","link":"https:\/\/www.academiapsicologia.com\/index.php\/2023\/07\/29\/curso-sobre-psicologia-en-la-universidad-internacional-menendez-pelayo-uimp-de-santander\/","title":{"rendered":"Curso sobre psicolog\u00eda en la Universidad Internacional Men\u00e9ndez Pelayo (UIMP) de Santander"},"content":{"rendered":"<div align=\"justify\">\n<p>Dentro de los cursos de verano de la UIMP, en el palacio de la Magdalena, de Santander, se ha celebrado el anunciado curso sobre \u201cPsicolog\u00eda y psicopatolog\u00eda en la vida actual\u201d, ofrecido por miembros de la Academia de Psicolog\u00eda de Espa\u00f1a. Este curso hace el numero veinte de los que ya se han presentado dentro de la \u201cEscuela de Psicolog\u00eda &#8216;Jos\u00e9 Germain&#8217;\u201d, que fundara en su d\u00eda el Dr. Jos\u00e9 Luis Pinillos, con la colaboraci\u00f3n del Dr. Helio Carpintero. \u00a0Ha tenido lugar entre los d\u00edas 24 y 28\u00a0 de julio pasado.<\/p>\n<p>El curso, dirigido por el Dr. Helio Carpintero, presidente de la Academia, ha contado con la participaci\u00f3n de los tambi\u00e9n acad\u00e9micos Drs. Javier Urra, Isabel Balaguer, Mar\u00eda Paz Garc\u00eda Vera, Marino P\u00e9rez \u00c1lvarez, Lourdes Munduate y Enrique Echebur\u00faa. \u00a0Se han tratado temas diversos, como la violencia de g\u00e9nero, los problemas psicol\u00f3gicos en el deporte, los menores en la guerra, la patologizaci\u00f3n de los problemas de la vida, el suicidio, y los conflictos sociolaborales.<\/p>\n<p>El curso ha contado con m\u00e1s de setenta alumnos asistentes, que han intervenido muy activamente en las sesiones pr\u00e1cticas, y que han expresado su inter\u00e9s y su satisfacci\u00f3n por los temas tratados y el desarrollo de los mismos.<\/p>\n<p>A su t\u00e9rmino, el rector de la UIMP ha querido personalmente clausurarlo, felicitar a ponentes y alumnos por el trabajo realizado, y animar a continuar esta presentaci\u00f3n de temas psicol\u00f3gicos de inter\u00e9s actual dentro del amplio marco de cuestiones que la UIMP ofrece a un publico amplio e interesado.\u00a0 Tambi\u00e9n ha prestado apoyo y difusi\u00f3n al mismo el Colegio Oficial de Psic\u00f3logos de Cantabria, dentro de su labor en pro de la psicolog\u00eda dentro de su autonom\u00eda.<\/p>\n<p>En un pr\u00f3ximo futuro se procurar\u00e1 ofrecer documentaci\u00f3n directa de esas sesiones en esta p\u00e1gina web.<\/p>\n<\/div>\n","protected":false},"excerpt":{"rendered":"<p>Dentro de los cursos de verano de la UIMP, en  [&#8230;]<\/p>\n","protected":false},"author":1,"featured_media":2243,"comment_status":"closed","ping_status":"open","sticky":false,"template":"","format":"standard","meta":{"footnotes":""},"categories":[6],"tags":[],"class_list":["post-2232","post","type-post","status-publish","format-standard","has-post-thumbnail","hentry","category-noticias"],"_links":{"self":[{"href":"https:\/\/www.academiapsicologia.com\/index.php\/wp-json\/wp\/v2\/posts\/2232","targetHints":{"allow":["GET"]}}],"collection":[{"href":"https:\/\/www.academiapsicologia.com\/index.php\/wp-json\/wp\/v2\/posts"}],"about":[{"href":"https:\/\/www.academiapsicologia.com\/index.php\/wp-json\/wp\/v2\/types\/post"}],"author":[{"embeddable":true,"href":"https:\/\/www.academiapsicologia.com\/index.php\/wp-json\/wp\/v2\/users\/1"}],"replies":[{"embeddable":true,"href":"https:\/\/www.academiapsicologia.com\/index.php\/wp-json\/wp\/v2\/comments?post=2232"}],"version-history":[{"count":6,"href":"https:\/\/www.academiapsicologia.com\/index.php\/wp-json\/wp\/v2\/posts\/2232\/revisions"}],"predecessor-version":[{"id":2236,"href":"https:\/\/www.academiapsicologia.com\/index.php\/wp-json\/wp\/v2\/posts\/2232\/revisions\/2236"}],"wp:featuredmedia":[{"embeddable":true,"href":"https:\/\/www.academiapsicologia.com\/index.php\/wp-json\/wp\/v2\/media\/2243"}],"wp:attachment":[{"href":"https:\/\/www.academiapsicologia.com\/index.php\/wp-json\/wp\/v2\/media?parent=2232"}],"wp:term":[{"taxonomy":"category","embeddable":true,"href":"https:\/\/www.academiapsicologia.com\/index.php\/wp-json\/wp\/v2\/categories?post=2232"},{"taxonomy":"post_tag","embeddable":true,"href":"https:\/\/www.academiapsicologia.com\/index.php\/wp-json\/wp\/v2\/tags?post=2232"}],"curies":[{"name":"wp","href":"https:\/\/api.w.org\/{rel}","templated":true}]}}