{"id":2406,"date":"2023-06-15T17:25:34","date_gmt":"2023-06-15T15:25:34","guid":{"rendered":"https:\/\/www.academiapsicologia.com\/?p=2406"},"modified":"2023-12-22T17:55:52","modified_gmt":"2023-12-22T16:55:52","slug":"3a-edicion-de-los-encuentros-en-la-fundacion-fidap-15-06-2023-14-12-2023","status":"publish","type":"post","link":"https:\/\/www.academiapsicologia.com\/index.php\/2023\/06\/15\/3a-edicion-de-los-encuentros-en-la-fundacion-fidap-15-06-2023-14-12-2023\/","title":{"rendered":"3\u00aa Edici\u00f3n de los Encuentros en la Fundaci\u00f3n FIDAP (15\/06\/2023 \u2013 14\/12\/2023)"},"content":{"rendered":"<p>El 15 de junio la Fundaci\u00f3 per a la Investigaci\u00f3 Desenvolupament i Aplicaci\u00f3 de la Psicologia\u00a0 de la Comunitat Valenciana (FIDAP), en colaboraci\u00f3n con el COPCV y la Academia de Psicolog\u00eda de Espa\u00f1a, inicia un nuevo ciclo de \u2018<span style=\"color: #c190d8;\"><strong><a style=\"color: #c190d8;\" href=\"https:\/\/www.academiapsicologia.com\/wp-content\/uploads\/2023\/12\/3a-edicion-2023-ENCUENTROS-EN-LA-FUNDACION.pdf\" target=\"_blank\" rel=\"noopener\">Encuentros en la Fundaci\u00f3n<\/a><\/strong><\/span>\u2019. Esta edici\u00f3n, est\u00e1 compuesta por diez encuentros on-line en los que profesionales de reconocido prestigio compartir\u00e1n sus conocimientos y experiencias sobre temas de la disciplina psicol\u00f3gica vinculados con la actualidad.<\/p>\n<p>&nbsp;<\/p>\n<ul>\n<li><strong>15\/06\/2023 &#8211; WEBINAR: \u00abREDES SOCIALES, INDIVIDUOS FLOTANTES Y SALUD MENTAL: NUEVA VIDA PARA LA PSICOTERAPIA\u00bb<\/strong><\/li>\n<\/ul>\n<p style=\"padding-left: 40px;\">Impartido por: <strong>Dr. D. Marino P\u00e9rez \u00c1lvarez<\/strong> (Psic\u00f3logo, especialista en psicolog\u00eda cl\u00ednica y miembro de n\u00famero de la Academia de Psicolog\u00eda de Espa\u00f1a)<\/p>\n<div align=\"center\"><iframe title=\"YouTube video player\" src=\"https:\/\/www.youtube.com\/embed\/acimNxvDhN0\" width=\"560\" height=\"315\" frameborder=\"0\" allowfullscreen=\"allowfullscreen\" data-mce-fragment=\"1\"><span data-mce-type=\"bookmark\" style=\"display: inline-block; width: 0px; overflow: hidden; line-height: 0;\" class=\"mce_SELRES_start\">\ufeff<\/span><\/iframe><\/div>\n<div align=\"center\"><\/div>\n<ul>\n<li><strong>29\/06\/2023 &#8211; WEBINAR: \u00abLA ESPECIE HUMANA ES \u00c9TICA\u00bb<\/strong><\/li>\n<\/ul>\n<p style=\"padding-left: 40px;\">Impartido por: <strong>Dr. D. Javier Urra Portillo<\/strong> (Dr. en Psicolog\u00eda con la especialidad de Cl\u00ednica y Forense. Dr. en Ciencias de la Salud. Profesor en Pedagog\u00eda Terap\u00e9utica)<\/p>\n<div align=\"center\"><iframe title=\"YouTube video player\" src=\"https:\/\/www.youtube.com\/embed\/e-CVriqVZVo\" width=\"560\" height=\"315\" frameborder=\"0\" allowfullscreen=\"allowfullscreen\" data-mce-fragment=\"1\"><span data-mce-type=\"bookmark\" style=\"display: inline-block; width: 0px; overflow: hidden; line-height: 0;\" class=\"mce_SELRES_start\">\ufeff<\/span><span data-mce-type=\"bookmark\" style=\"display: inline-block; width: 0px; overflow: hidden; line-height: 0;\" class=\"mce_SELRES_start\">\ufeff<\/span><\/iframe><\/div>\n<div align=\"center\"><\/div>\n<div align=\"center\"><\/div>\n<ul>\n<li><strong>14\/09\/2023 &#8211; WEBINAR: \u00abEN CASA DEL HERRERO CUCHILLO DE PALO: IDEAS EQUIVOCADAS SOBRE LA DEPRESI\u00d3N\u00bb<\/strong><\/li>\n<\/ul>\n<p style=\"padding-left: 40px;\">Impartido por: <strong>Dra. D\u00aa. Mar\u00eda Paz Garc\u00eda-Vera<\/strong> (Catedr\u00e1tica de psicolog\u00eda cl\u00ednica del Departamento de Personalidad, Evaluaci\u00f3n y Psicolog\u00eda Cl\u00ednica de la Universidad Complutense de Madrid (UCM))<\/p>\n<div align=\"center\"><iframe title=\"YouTube video player\" src=\"https:\/\/www.youtube.com\/embed\/3bqpHDEh-pg\" width=\"560\" height=\"315\" frameborder=\"0\" allowfullscreen=\"allowfullscreen\" data-mce-fragment=\"1\"><span data-mce-type=\"bookmark\" style=\"display: inline-block; width: 0px; overflow: hidden; line-height: 0;\" class=\"mce_SELRES_start\">\ufeff<\/span><span data-mce-type=\"bookmark\" style=\"display: inline-block; width: 0px; overflow: hidden; line-height: 0;\" class=\"mce_SELRES_start\">\ufeff<\/span><span data-mce-type=\"bookmark\" style=\"display: inline-block; width: 0px; overflow: hidden; line-height: 0;\" class=\"mce_SELRES_start\">\ufeff<\/span><\/iframe><\/div>\n<div align=\"center\"><\/div>\n<ul>\n<li><strong>28\/09\/2023 &#8211; WEBINAR: \u00abTELETRABAJO Y DESARROLLO SOSTENIBLE DE LAS ORGANIZACIONES\u00bb<\/strong><\/li>\n<\/ul>\n<p style=\"padding-left: 40px;\">Impartido por: <strong>Dr. D. Jos\u00e9 Mar\u00eda Peir\u00f3 Silla<\/strong> (Profesor de Psicolog\u00eda Social de las Organizaciones de la Universidad de Valencia)<\/p>\n<div align=\"center\"><iframe title=\"YouTube video player\" src=\"https:\/\/www.youtube.com\/embed\/876IBGOLb1Q\" width=\"560\" height=\"315\" frameborder=\"0\" allowfullscreen=\"allowfullscreen\" data-mce-fragment=\"1\"><span data-mce-type=\"bookmark\" style=\"display: inline-block; width: 0px; overflow: hidden; line-height: 0;\" class=\"mce_SELRES_start\">\ufeff<\/span><span data-mce-type=\"bookmark\" style=\"display: inline-block; width: 0px; overflow: hidden; line-height: 0;\" class=\"mce_SELRES_start\">\ufeff<\/span><span data-mce-type=\"bookmark\" style=\"display: inline-block; width: 0px; overflow: hidden; line-height: 0;\" class=\"mce_SELRES_start\">\ufeff<\/span><span data-mce-type=\"bookmark\" style=\"display: inline-block; width: 0px; overflow: hidden; line-height: 0;\" class=\"mce_SELRES_start\">\ufeff<\/span><\/iframe><\/div>\n<div align=\"center\"><\/div>\n<ul>\n<li><strong>19\/10\/2023 &#8211; WEBINAR: \u00abBIENESTAR Y MALESTAR EN EL DEPORTE. ANTECEDENTES PSICOSOCIALES\u00bb<\/strong><\/li>\n<\/ul>\n<p style=\"padding-left: 40px;\">Impartido por: <strong>Dra. D\u00aa. Mar\u00eda Isabel Balaguer Sol\u00e1<\/strong> (Catedr\u00e1tica de Psicolog\u00eda Social en la Universitat de Valencia)<\/p>\n<div align=\"center\"><iframe title=\"YouTube video player\" src=\"https:\/\/www.youtube.com\/embed\/40UT-pGRx_A\" width=\"560\" height=\"315\" frameborder=\"0\" allowfullscreen=\"allowfullscreen\" data-mce-fragment=\"1\"><span data-mce-type=\"bookmark\" style=\"display: inline-block; width: 0px; overflow: hidden; line-height: 0;\" class=\"mce_SELRES_start\">\ufeff<\/span><span data-mce-type=\"bookmark\" style=\"display: inline-block; width: 0px; overflow: hidden; line-height: 0;\" class=\"mce_SELRES_start\">\ufeff<\/span><span data-mce-type=\"bookmark\" style=\"display: inline-block; width: 0px; overflow: hidden; line-height: 0;\" class=\"mce_SELRES_start\">\ufeff<\/span><span data-mce-type=\"bookmark\" style=\"display: inline-block; width: 0px; overflow: hidden; line-height: 0;\" class=\"mce_SELRES_start\">\ufeff<\/span><span data-mce-type=\"bookmark\" style=\"display: inline-block; width: 0px; overflow: hidden; line-height: 0;\" class=\"mce_SELRES_start\">\ufeff<\/span><\/iframe><\/div>\n<div align=\"center\"><\/div>\n<ul>\n<li><strong>26\/10\/2023 &#8211; WEBINAR: \u00abLA RESILIENCIA COMUNITARIA COMO HERRAMIENTA DE INTERVENCI\u00d3N\u00bb<\/strong><\/li>\n<\/ul>\n<p style=\"padding-left: 40px;\">Impartido por: <strong>Dr. D. Amalio Blanco Abarca<\/strong> (Catedr\u00e1tico em\u00e9rito de Psicolog\u00eda en la Universidad Aut\u00f3noma de Madrid)<\/p>\n<div align=\"center\"><iframe title=\"YouTube video player\" src=\"https:\/\/www.youtube.com\/embed\/UK35ry-pT-8\" width=\"560\" height=\"315\" frameborder=\"0\" allowfullscreen=\"allowfullscreen\" data-mce-fragment=\"1\"><span data-mce-type=\"bookmark\" style=\"display: inline-block; width: 0px; overflow: hidden; line-height: 0;\" class=\"mce_SELRES_start\">\ufeff<\/span><span data-mce-type=\"bookmark\" style=\"display: inline-block; width: 0px; overflow: hidden; line-height: 0;\" class=\"mce_SELRES_start\">\ufeff<\/span><span data-mce-type=\"bookmark\" style=\"display: inline-block; width: 0px; overflow: hidden; line-height: 0;\" class=\"mce_SELRES_start\">\ufeff<\/span><span data-mce-type=\"bookmark\" style=\"display: inline-block; width: 0px; overflow: hidden; line-height: 0;\" class=\"mce_SELRES_start\">\ufeff<\/span><span data-mce-type=\"bookmark\" style=\"display: inline-block; width: 0px; overflow: hidden; line-height: 0;\" class=\"mce_SELRES_start\">\ufeff<\/span><span data-mce-type=\"bookmark\" style=\"display: inline-block; width: 0px; overflow: hidden; line-height: 0;\" class=\"mce_SELRES_start\">\ufeff<\/span><\/iframe><\/div>\n<div align=\"center\"><\/div>\n<ul>\n<li><strong>02\/11\/2023 &#8211; WEBINAR: \u00abMEDIACI\u00d3N DE CONFLICTOS EN TIEMPOS DE CRISIS\u00bb<\/strong><\/li>\n<\/ul>\n<p style=\"padding-left: 40px;\">Impartido por: <strong>Dra. D\u00aa.<\/strong><strong> Lourdes Munduate Jaca<\/strong> (Catedr\u00e1tica de Psicolog\u00eda Social de las Organizaciones)<\/p>\n<div align=\"center\"><iframe title=\"YouTube video player\" src=\"https:\/\/www.youtube.com\/embed\/K0zgGB9XPA8\" width=\"560\" height=\"315\" frameborder=\"0\" allowfullscreen=\"allowfullscreen\" data-mce-fragment=\"1\"><span data-mce-type=\"bookmark\" style=\"display: inline-block; width: 0px; overflow: hidden; line-height: 0;\" class=\"mce_SELRES_start\">\ufeff<\/span><span data-mce-type=\"bookmark\" style=\"display: inline-block; width: 0px; overflow: hidden; line-height: 0;\" class=\"mce_SELRES_start\">\ufeff<\/span><span data-mce-type=\"bookmark\" style=\"display: inline-block; width: 0px; overflow: hidden; line-height: 0;\" class=\"mce_SELRES_start\">\ufeff<\/span><span data-mce-type=\"bookmark\" style=\"display: inline-block; width: 0px; overflow: hidden; line-height: 0;\" class=\"mce_SELRES_start\">\ufeff<\/span><span data-mce-type=\"bookmark\" style=\"display: inline-block; width: 0px; overflow: hidden; line-height: 0;\" class=\"mce_SELRES_start\">\ufeff<\/span><span data-mce-type=\"bookmark\" style=\"display: inline-block; width: 0px; overflow: hidden; line-height: 0;\" class=\"mce_SELRES_start\">\ufeff<\/span><span data-mce-type=\"bookmark\" style=\"display: inline-block; width: 0px; overflow: hidden; line-height: 0;\" class=\"mce_SELRES_start\">\ufeff<\/span><\/iframe><\/div>\n<div align=\"center\"><\/div>\n<ul>\n<li><strong>16\/11\/2023 &#8211; WEBINAR: \u00abLOS SISTEMAS DIAGN\u00d3STICOS EN LA ENCRUCIJADA: \u00bfHAY VIDA DESPU\u00c9S DEL DSM?\u00bb<\/strong><\/li>\n<\/ul>\n<p style=\"padding-left: 40px;\">Impartido por: <strong>Dr. D. Carmelo V\u00e1zquez Valverde<\/strong> (Catedr\u00e1tico de Psicopatolog\u00eda de la Facultad de Psicolog\u00eda UCM)<\/p>\n<div align=\"center\"><iframe title=\"YouTube video player\" src=\"https:\/\/www.youtube.com\/embed\/UM6fd7jOLqY\" width=\"560\" height=\"315\" frameborder=\"0\" allowfullscreen=\"allowfullscreen\" data-mce-fragment=\"1\"><span data-mce-type=\"bookmark\" style=\"display: inline-block; width: 0px; overflow: hidden; line-height: 0;\" class=\"mce_SELRES_start\">\ufeff<\/span><span data-mce-type=\"bookmark\" style=\"display: inline-block; width: 0px; overflow: hidden; line-height: 0;\" class=\"mce_SELRES_start\">\ufeff<\/span><span data-mce-type=\"bookmark\" style=\"display: inline-block; width: 0px; overflow: hidden; line-height: 0;\" class=\"mce_SELRES_start\">\ufeff<\/span><span data-mce-type=\"bookmark\" style=\"display: inline-block; width: 0px; overflow: hidden; line-height: 0;\" class=\"mce_SELRES_start\">\ufeff<\/span><span data-mce-type=\"bookmark\" style=\"display: inline-block; width: 0px; overflow: hidden; line-height: 0;\" class=\"mce_SELRES_start\">\ufeff<\/span><span data-mce-type=\"bookmark\" style=\"display: inline-block; width: 0px; overflow: hidden; line-height: 0;\" class=\"mce_SELRES_start\">\ufeff<\/span><span data-mce-type=\"bookmark\" style=\"display: inline-block; width: 0px; overflow: hidden; line-height: 0;\" class=\"mce_SELRES_start\">\ufeff<\/span><span data-mce-type=\"bookmark\" style=\"display: inline-block; width: 0px; overflow: hidden; line-height: 0;\" class=\"mce_SELRES_start\">\ufeff<\/span><\/iframe><\/div>\n<div align=\"center\"><\/div>\n<ul>\n<li><strong>30\/11\/2023 &#8211; WEBINAR: \u00abRELIGIONES CON O SIN SENTIDO DEL HUMOR, UNA PERSPECTIVA PSICOL\u00d3GICA\u00bb<\/strong><\/li>\n<\/ul>\n<p style=\"padding-left: 40px;\">Impartido por: <strong>Dr. D. Jos\u00e9 Mar\u00eda Prieto Zamora<\/strong> (Catedr\u00e1tico de Psicolog\u00eda de la Universidad Complutense de Madrid)<\/p>\n<div align=\"center\"><iframe title=\"YouTube video player\" src=\"https:\/\/www.youtube.com\/embed\/I-izNcQnRks\" width=\"560\" height=\"315\" frameborder=\"0\" allowfullscreen=\"allowfullscreen\" data-mce-fragment=\"1\"><span data-mce-type=\"bookmark\" style=\"display: inline-block; width: 0px; overflow: hidden; line-height: 0;\" class=\"mce_SELRES_start\">\ufeff<\/span><span data-mce-type=\"bookmark\" style=\"display: inline-block; width: 0px; overflow: hidden; line-height: 0;\" class=\"mce_SELRES_start\">\ufeff<\/span><span data-mce-type=\"bookmark\" style=\"display: inline-block; width: 0px; overflow: hidden; line-height: 0;\" class=\"mce_SELRES_start\">\ufeff<\/span><span data-mce-type=\"bookmark\" style=\"display: inline-block; width: 0px; overflow: hidden; line-height: 0;\" class=\"mce_SELRES_start\">\ufeff<\/span><span data-mce-type=\"bookmark\" style=\"display: inline-block; width: 0px; overflow: hidden; line-height: 0;\" class=\"mce_SELRES_start\">\ufeff<\/span><span data-mce-type=\"bookmark\" style=\"display: inline-block; width: 0px; overflow: hidden; line-height: 0;\" class=\"mce_SELRES_start\">\ufeff<\/span><span data-mce-type=\"bookmark\" style=\"display: inline-block; width: 0px; overflow: hidden; line-height: 0;\" class=\"mce_SELRES_start\">\ufeff<\/span><span data-mce-type=\"bookmark\" style=\"display: inline-block; width: 0px; overflow: hidden; line-height: 0;\" class=\"mce_SELRES_start\">\ufeff<\/span><span data-mce-type=\"bookmark\" style=\"display: inline-block; width: 0px; overflow: hidden; line-height: 0;\" class=\"mce_SELRES_start\">\ufeff<\/span><\/iframe><\/div>\n<div align=\"center\"><\/div>\n<ul>\n<li><strong>14\/12\/2023 &#8211; WEBINAR: \u00abJUEGO PATOL\u00d3GICO. FACTORES DESENCADENANTES Y TRATAMIENTO\u00bb<\/strong><\/li>\n<\/ul>\n<p style=\"padding-left: 40px;\">Impartido por: <strong>Dr. D. Francisco Javier Labrador Encinas<\/strong> (Catedr\u00e1tico Em\u00e9rito de Psicolog\u00eda de la Universidad Complutense de Madrid)<\/p>\n<div align=\"center\"><iframe title=\"YouTube video player\" src=\"https:\/\/www.youtube.com\/embed\/pcB3S3eGInI\" width=\"560\" height=\"315\" frameborder=\"0\" allowfullscreen=\"allowfullscreen\" data-mce-fragment=\"1\"><span data-mce-type=\"bookmark\" style=\"display: inline-block; width: 0px; overflow: hidden; line-height: 0;\" class=\"mce_SELRES_start\">\ufeff<\/span><span data-mce-type=\"bookmark\" style=\"display: inline-block; width: 0px; overflow: hidden; line-height: 0;\" class=\"mce_SELRES_start\">\ufeff<\/span><span data-mce-type=\"bookmark\" style=\"display: inline-block; width: 0px; overflow: hidden; line-height: 0;\" class=\"mce_SELRES_start\">\ufeff<\/span><span data-mce-type=\"bookmark\" style=\"display: inline-block; width: 0px; overflow: hidden; line-height: 0;\" class=\"mce_SELRES_start\">\ufeff<\/span><span data-mce-type=\"bookmark\" style=\"display: inline-block; width: 0px; overflow: hidden; line-height: 0;\" class=\"mce_SELRES_start\">\ufeff<\/span><span data-mce-type=\"bookmark\" style=\"display: inline-block; width: 0px; overflow: hidden; line-height: 0;\" class=\"mce_SELRES_start\">\ufeff<\/span><span data-mce-type=\"bookmark\" style=\"display: inline-block; width: 0px; overflow: hidden; line-height: 0;\" class=\"mce_SELRES_start\">\ufeff<\/span><span data-mce-type=\"bookmark\" style=\"display: inline-block; width: 0px; overflow: hidden; line-height: 0;\" class=\"mce_SELRES_start\">\ufeff<\/span><span data-mce-type=\"bookmark\" style=\"display: inline-block; width: 0px; overflow: hidden; line-height: 0;\" class=\"mce_SELRES_start\">\ufeff<\/span><span data-mce-type=\"bookmark\" style=\"display: inline-block; width: 0px; overflow: hidden; line-height: 0;\" class=\"mce_SELRES_start\">\ufeff<\/span><\/iframe><\/div>\n<p>&nbsp;<\/p>\n","protected":false},"excerpt":{"rendered":"<p>El 15 de junio la Fundaci\u00f3 per a la Investigaci\u00f3  [&#8230;]<\/p>\n","protected":false},"author":1,"featured_media":0,"comment_status":"closed","ping_status":"open","sticky":false,"template":"","format":"standard","meta":{"footnotes":""},"categories":[4],"tags":[],"class_list":["post-2406","post","type-post","status-publish","format-standard","hentry","category-mesas-redondas"],"_links":{"self":[{"href":"https:\/\/www.academiapsicologia.com\/index.php\/wp-json\/wp\/v2\/posts\/2406","targetHints":{"allow":["GET"]}}],"collection":[{"href":"https:\/\/www.academiapsicologia.com\/index.php\/wp-json\/wp\/v2\/posts"}],"about":[{"href":"https:\/\/www.academiapsicologia.com\/index.php\/wp-json\/wp\/v2\/types\/post"}],"author":[{"embeddable":true,"href":"https:\/\/www.academiapsicologia.com\/index.php\/wp-json\/wp\/v2\/users\/1"}],"replies":[{"embeddable":true,"href":"https:\/\/www.academiapsicologia.com\/index.php\/wp-json\/wp\/v2\/comments?post=2406"}],"version-history":[{"count":1,"href":"https:\/\/www.academiapsicologia.com\/index.php\/wp-json\/wp\/v2\/posts\/2406\/revisions"}],"predecessor-version":[{"id":2407,"href":"https:\/\/www.academiapsicologia.com\/index.php\/wp-json\/wp\/v2\/posts\/2406\/revisions\/2407"}],"wp:attachment":[{"href":"https:\/\/www.academiapsicologia.com\/index.php\/wp-json\/wp\/v2\/media?parent=2406"}],"wp:term":[{"taxonomy":"category","embeddable":true,"href":"https:\/\/www.academiapsicologia.com\/index.php\/wp-json\/wp\/v2\/categories?post=2406"},{"taxonomy":"post_tag","embeddable":true,"href":"https:\/\/www.academiapsicologia.com\/index.php\/wp-json\/wp\/v2\/tags?post=2406"}],"curies":[{"name":"wp","href":"https:\/\/api.w.org\/{rel}","templated":true}]}}