{"id":2420,"date":"2023-10-07T14:36:36","date_gmt":"2023-10-07T12:36:36","guid":{"rendered":"https:\/\/www.academiapsicologia.com\/?p=2420"},"modified":"2024-01-16T14:38:44","modified_gmt":"2024-01-16T13:38:44","slug":"jaime-vila-doctor-honoris-causa-por-la-mid-sweden-university","status":"publish","type":"post","link":"https:\/\/www.academiapsicologia.com\/index.php\/2023\/10\/07\/jaime-vila-doctor-honoris-causa-por-la-mid-sweden-university\/","title":{"rendered":"Jaime Vila, Doctor Honoris Causa por la Mid Sweden University"},"content":{"rendered":"<div align=\"justify\">\n<p><a href=\"https:\/\/www.academiapsicologia.com\/wp-content\/uploads\/2024\/01\/Jaime-Vila-Doctor-Honoris-Causa-por-la-Mid-Sweden-University-02.jpg\" target=\"_blank\" rel=\"noopener\"><img decoding=\"async\" class=\"alignleft wp-image-2424\" src=\"https:\/\/www.academiapsicologia.com\/wp-content\/uploads\/2024\/01\/Jaime-Vila-Doctor-Honoris-Causa-por-la-Mid-Sweden-University-02-226x300.jpg\" alt=\"\" width=\"300\" height=\"398\" srcset=\"https:\/\/www.academiapsicologia.com\/wp-content\/uploads\/2024\/01\/Jaime-Vila-Doctor-Honoris-Causa-por-la-Mid-Sweden-University-02-200x265.jpg 200w, https:\/\/www.academiapsicologia.com\/wp-content\/uploads\/2024\/01\/Jaime-Vila-Doctor-Honoris-Causa-por-la-Mid-Sweden-University-02-226x300.jpg 226w, https:\/\/www.academiapsicologia.com\/wp-content\/uploads\/2024\/01\/Jaime-Vila-Doctor-Honoris-Causa-por-la-Mid-Sweden-University-02-400x531.jpg 400w, https:\/\/www.academiapsicologia.com\/wp-content\/uploads\/2024\/01\/Jaime-Vila-Doctor-Honoris-Causa-por-la-Mid-Sweden-University-02-600x796.jpg 600w, https:\/\/www.academiapsicologia.com\/wp-content\/uploads\/2024\/01\/Jaime-Vila-Doctor-Honoris-Causa-por-la-Mid-Sweden-University-02-768x1020.jpg 768w, https:\/\/www.academiapsicologia.com\/wp-content\/uploads\/2024\/01\/Jaime-Vila-Doctor-Honoris-Causa-por-la-Mid-Sweden-University-02-771x1024.jpg 771w, https:\/\/www.academiapsicologia.com\/wp-content\/uploads\/2024\/01\/Jaime-Vila-Doctor-Honoris-Causa-por-la-Mid-Sweden-University-02-800x1062.jpg 800w, https:\/\/www.academiapsicologia.com\/wp-content\/uploads\/2024\/01\/Jaime-Vila-Doctor-Honoris-Causa-por-la-Mid-Sweden-University-02-1157x1536.jpg 1157w, https:\/\/www.academiapsicologia.com\/wp-content\/uploads\/2024\/01\/Jaime-Vila-Doctor-Honoris-Causa-por-la-Mid-Sweden-University-02-1200x1593.jpg 1200w, https:\/\/www.academiapsicologia.com\/wp-content\/uploads\/2024\/01\/Jaime-Vila-Doctor-Honoris-Causa-por-la-Mid-Sweden-University-02.jpg 1536w\" sizes=\"(max-width: 300px) 100vw, 300px\" \/><\/a>El profesor em\u00e9rito de la Universidad de Granada y Acad\u00e9mico de N\u00famero de la APE, D. Jaime Vila Castellar, ha recibido el t\u00edtulo de Doctor Honoris Causa por su amplia experiencia acad\u00e9mica y las aportaciones realizadas en el campo de la psicofisiolog\u00eda de las emociones humanas, a propuesta del Departamento de Humanidades de la Mittuniversitetet (\u00d6stersund, Suecia).<\/p>\n<p>El profesor Vila, figura clave en la implantaci\u00f3n de los estudios de Psicolog\u00eda en la Universidad de Granada a finales de los a\u00f1os 70, ha realizado la mayor parte de su labor investigadora como director del grupo de investigaci\u00f3n \u00abPsicofisiolog\u00eda Humana y Salud\u00bb, del CIMCYC. Su principal foco de inter\u00e9s ha cubierto a lo largo de los a\u00f1os un amplio abanico de emociones, tanto negativas como positivas, con una aproximaci\u00f3n traslacional que combina investigaci\u00f3n b\u00e1sica y aplicada dirigidas a una mejor compresi\u00f3n de los mecanismos que regulan la adquisici\u00f3n, el desarrollo y la extinci\u00f3n de distintos problemas de conducta. En su haber, cuenta con m\u00e1s de cuarenta tesis doctorales dirigidas y numerosas publicaciones a nivel internacional.<\/p>\n<p>La ceremonia tuvo lugar el pasado 6 de octubre, en la ciudad sueca de \u00d6stersund.<\/p>\n<p>&nbsp;<\/p>\n<div align=\"center\"><iframe title=\"YouTube video player\" src=\"https:\/\/www.youtube.com\/embed\/ZMPBV2pKk74?si=cUmR_6cOFYBGZZ8L\" width=\"560\" height=\"315\" frameborder=\"0\" allowfullscreen=\"allowfullscreen\"><\/iframe><\/div>\n<\/div>\n","protected":false},"excerpt":{"rendered":"<p>El profesor em\u00e9rito de la Universidad de Granada y Acad\u00e9mico  [&#8230;]<\/p>\n","protected":false},"author":1,"featured_media":2423,"comment_status":"closed","ping_status":"open","sticky":false,"template":"","format":"standard","meta":{"footnotes":""},"categories":[6],"tags":[],"class_list":["post-2420","post","type-post","status-publish","format-standard","has-post-thumbnail","hentry","category-noticias"],"_links":{"self":[{"href":"https:\/\/www.academiapsicologia.com\/index.php\/wp-json\/wp\/v2\/posts\/2420","targetHints":{"allow":["GET"]}}],"collection":[{"href":"https:\/\/www.academiapsicologia.com\/index.php\/wp-json\/wp\/v2\/posts"}],"about":[{"href":"https:\/\/www.academiapsicologia.com\/index.php\/wp-json\/wp\/v2\/types\/post"}],"author":[{"embeddable":true,"href":"https:\/\/www.academiapsicologia.com\/index.php\/wp-json\/wp\/v2\/users\/1"}],"replies":[{"embeddable":true,"href":"https:\/\/www.academiapsicologia.com\/index.php\/wp-json\/wp\/v2\/comments?post=2420"}],"version-history":[{"count":6,"href":"https:\/\/www.academiapsicologia.com\/index.php\/wp-json\/wp\/v2\/posts\/2420\/revisions"}],"predecessor-version":[{"id":2428,"href":"https:\/\/www.academiapsicologia.com\/index.php\/wp-json\/wp\/v2\/posts\/2420\/revisions\/2428"}],"wp:featuredmedia":[{"embeddable":true,"href":"https:\/\/www.academiapsicologia.com\/index.php\/wp-json\/wp\/v2\/media\/2423"}],"wp:attachment":[{"href":"https:\/\/www.academiapsicologia.com\/index.php\/wp-json\/wp\/v2\/media?parent=2420"}],"wp:term":[{"taxonomy":"category","embeddable":true,"href":"https:\/\/www.academiapsicologia.com\/index.php\/wp-json\/wp\/v2\/categories?post=2420"},{"taxonomy":"post_tag","embeddable":true,"href":"https:\/\/www.academiapsicologia.com\/index.php\/wp-json\/wp\/v2\/tags?post=2420"}],"curies":[{"name":"wp","href":"https:\/\/api.w.org\/{rel}","templated":true}]}}