{"id":244,"date":"2019-05-23T15:41:05","date_gmt":"2019-05-23T13:41:05","guid":{"rendered":"https:\/\/www.academiapsicologia.com\/?p=244"},"modified":"2021-02-08T15:56:01","modified_gmt":"2021-02-08T14:56:01","slug":"helio-carpintero-es-investido-doctor-honoris-causa-en-psicologia-por-la-universidad-de-malaga","status":"publish","type":"post","link":"https:\/\/www.academiapsicologia.com\/index.php\/2019\/05\/23\/helio-carpintero-es-investido-doctor-honoris-causa-en-psicologia-por-la-universidad-de-malaga\/","title":{"rendered":"Helio Carpintero es investido Doctor \u00abHonoris Causa\u00bb en Psicolog\u00eda por la Universidad de Malaga"},"content":{"rendered":"<h4><strong>El pasado 22 de mayo, fue investido \u201cdoctor honoris causa\u201d en Psicolog\u00eda, por la Universidad de M\u00e1laga, el profesor Helio Carpintero, Miembro de N\u00famero de esta Academia.<\/strong><\/h4>\n<div align=\"justify\">\n<p><a href=\"https:\/\/www.academiapsicologia.com\/wp-content\/uploads\/2021\/02\/Helio-Carpintero-es-investido-Doctor-Honoris-Causa-en-Psicologia-por-la-Universidad-de-Malaga-02.jpg\" target=\"_blank\" rel=\"noopener\"><img decoding=\"async\" class=\"alignleft wp-image-246\" src=\"https:\/\/www.academiapsicologia.com\/wp-content\/uploads\/2021\/02\/Helio-Carpintero-es-investido-Doctor-Honoris-Causa-en-Psicologia-por-la-Universidad-de-Malaga-02-300x200.jpg\" alt=\"\" width=\"550\" height=\"367\" srcset=\"https:\/\/www.academiapsicologia.com\/wp-content\/uploads\/2021\/02\/Helio-Carpintero-es-investido-Doctor-Honoris-Causa-en-Psicologia-por-la-Universidad-de-Malaga-02-200x133.jpg 200w, https:\/\/www.academiapsicologia.com\/wp-content\/uploads\/2021\/02\/Helio-Carpintero-es-investido-Doctor-Honoris-Causa-en-Psicologia-por-la-Universidad-de-Malaga-02-300x200.jpg 300w, https:\/\/www.academiapsicologia.com\/wp-content\/uploads\/2021\/02\/Helio-Carpintero-es-investido-Doctor-Honoris-Causa-en-Psicologia-por-la-Universidad-de-Malaga-02-400x267.jpg 400w, https:\/\/www.academiapsicologia.com\/wp-content\/uploads\/2021\/02\/Helio-Carpintero-es-investido-Doctor-Honoris-Causa-en-Psicologia-por-la-Universidad-de-Malaga-02-600x400.jpg 600w, https:\/\/www.academiapsicologia.com\/wp-content\/uploads\/2021\/02\/Helio-Carpintero-es-investido-Doctor-Honoris-Causa-en-Psicologia-por-la-Universidad-de-Malaga-02-768x512.jpg 768w, https:\/\/www.academiapsicologia.com\/wp-content\/uploads\/2021\/02\/Helio-Carpintero-es-investido-Doctor-Honoris-Causa-en-Psicologia-por-la-Universidad-de-Malaga-02-800x534.jpg 800w, https:\/\/www.academiapsicologia.com\/wp-content\/uploads\/2021\/02\/Helio-Carpintero-es-investido-Doctor-Honoris-Causa-en-Psicologia-por-la-Universidad-de-Malaga-02-1024x683.jpg 1024w, https:\/\/www.academiapsicologia.com\/wp-content\/uploads\/2021\/02\/Helio-Carpintero-es-investido-Doctor-Honoris-Causa-en-Psicologia-por-la-Universidad-de-Malaga-02-1200x801.jpg 1200w, https:\/\/www.academiapsicologia.com\/wp-content\/uploads\/2021\/02\/Helio-Carpintero-es-investido-Doctor-Honoris-Causa-en-Psicologia-por-la-Universidad-de-Malaga-02.jpg 1535w\" sizes=\"(max-width: 550px) 100vw, 550px\" \/><\/a>Hab\u00eda sido propuesto para tal honor por la Facultad de Psicolog\u00eda de aquella universidad, mediante propuesta luego aprobada por el Claustro, y por el Consejo de direcci\u00f3n.\u00a0 Se reconoc\u00eda as\u00ed su larga relaci\u00f3n\u00a0 de colaboraci\u00f3n con diversos grupos de investigaci\u00f3n de la mencionada Facultad, y su apoyo a diversas reuniones y actividades en ella organizados.<\/p>\n<p>En el acto solemne que tuvo lugar a tal efecto, en el edificio del Rectorado, \u00a0y que fue presidido por el \u00a0Rector Magn\u00edfico, Excmo. Sr. D. Jose Angel Narv\u00e1ez, acompa\u00f1ado de varias autoridades universitarias, y con la presencia de la Excma. Sra. Rectora de la Universidad de Valencia, Dra. Mavi Mestre,\u00a0 se reuni\u00f3 un amplio n\u00famero de miembros del claustro universitario, as\u00ed como de acad\u00e9micos, colaboradores, \u00a0amigos\u00a0 y personalidades del mundo cultural malague\u00f1o.El elogio preceptivo del nuevo doctor\u00a0 lo realiz\u00f3 el catedr\u00e1tico de Psicolog\u00eda b\u00e1sica\u00a0 Ilmo. Sr. D. Julian Almaraz, decano muchos a\u00f1os de su Facultad, y persona destacada en la vida acad\u00e9mica malague\u00f1a. Hizo una amplia presentaci\u00f3n de las realizaciones y logros del Dr. Carpintero, as\u00ed como una s\u00edntesis de los principales temas cultivados por este en su vida de investigador.<\/p>\n<p><a href=\"https:\/\/www.academiapsicologia.com\/wp-content\/uploads\/2021\/02\/Helio-Carpintero-es-investido-Doctor-Honoris-Causa-en-Psicologia-por-la-Universidad-de-Malaga-03.jpg\" target=\"_blank\" rel=\"noopener\"><img decoding=\"async\" class=\"alignright wp-image-247\" src=\"https:\/\/www.academiapsicologia.com\/wp-content\/uploads\/2021\/02\/Helio-Carpintero-es-investido-Doctor-Honoris-Causa-en-Psicologia-por-la-Universidad-de-Malaga-03-300x200.jpg\" alt=\"\" width=\"550\" height=\"367\" srcset=\"https:\/\/www.academiapsicologia.com\/wp-content\/uploads\/2021\/02\/Helio-Carpintero-es-investido-Doctor-Honoris-Causa-en-Psicologia-por-la-Universidad-de-Malaga-03-200x133.jpg 200w, https:\/\/www.academiapsicologia.com\/wp-content\/uploads\/2021\/02\/Helio-Carpintero-es-investido-Doctor-Honoris-Causa-en-Psicologia-por-la-Universidad-de-Malaga-03-300x200.jpg 300w, https:\/\/www.academiapsicologia.com\/wp-content\/uploads\/2021\/02\/Helio-Carpintero-es-investido-Doctor-Honoris-Causa-en-Psicologia-por-la-Universidad-de-Malaga-03-400x267.jpg 400w, https:\/\/www.academiapsicologia.com\/wp-content\/uploads\/2021\/02\/Helio-Carpintero-es-investido-Doctor-Honoris-Causa-en-Psicologia-por-la-Universidad-de-Malaga-03-600x400.jpg 600w, https:\/\/www.academiapsicologia.com\/wp-content\/uploads\/2021\/02\/Helio-Carpintero-es-investido-Doctor-Honoris-Causa-en-Psicologia-por-la-Universidad-de-Malaga-03.jpg 768w\" sizes=\"(max-width: 550px) 100vw, 550px\" \/><\/a>Tras el acto de entrega por el Sr. Rector de los s\u00edmbolos y diploma de su nuevo Doctorado, \u00a0el Dr. Carpintero ley\u00f3 su lecci\u00f3n magistral, que estuvo dedicada al examen de \u201cUna psicolog\u00eda centrada en la persona\u201d. En ella se hacen una serie de consideraciones hist\u00f3ricas sobre el desarrollo de la psicolog\u00eda, y en especial de la psicolog\u00eda aplicada, y se atiende tambi\u00e9n a recientes desarrollos te\u00f3ricos, que convienen en considerar la persona como centro de estudio de la psicolog\u00eda en sus diversas l\u00edneas especializadas. Tambi\u00e9n hizo particular hincapi\u00e9 en las posibles aplicaciones de la filosof\u00eda de la raz\u00f3n vital, desarrollada en Espa\u00f1a por J. Ortega y Gasset, J. Mar\u00edas y otros pensadores de la llamada \u201cEscuela de Madrid\u201d,\u00a0 a la hora de construir una visi\u00f3n global de esa proyectada \u201cpsicolog\u00eda de la persona\u201d.<\/p>\n<p>Finalmente, el Sr. Rector cerr\u00f3 el acto con unas palabras dedicadas a poner de relieve el sentido del acto, los logros y aportaciones realizadas en el campo de la psicolog\u00eda por los departamentos y profesores de la Facultad correspondiente, as\u00ed como\u00a0\u00a0 los m\u00e9ritos del nuevo doctor, al que recibi\u00f3 con un abrazo en el momento de su integraci\u00f3n\u00a0 en la comunidad acad\u00e9mica malacitana.<\/p>\n<p>El acto se cerr\u00f3 con un vino de honor en el Rectorado de la Universidad.<\/p>\n<\/div>\n","protected":false},"excerpt":{"rendered":"<p>El pasado 22 de mayo, fue investido \u201cdoctor honoris causa\u201d  [&#8230;]<\/p>\n","protected":false},"author":1,"featured_media":245,"comment_status":"closed","ping_status":"open","sticky":false,"template":"","format":"standard","meta":{"footnotes":""},"categories":[6],"tags":[],"class_list":["post-244","post","type-post","status-publish","format-standard","has-post-thumbnail","hentry","category-noticias"],"_links":{"self":[{"href":"https:\/\/www.academiapsicologia.com\/index.php\/wp-json\/wp\/v2\/posts\/244","targetHints":{"allow":["GET"]}}],"collection":[{"href":"https:\/\/www.academiapsicologia.com\/index.php\/wp-json\/wp\/v2\/posts"}],"about":[{"href":"https:\/\/www.academiapsicologia.com\/index.php\/wp-json\/wp\/v2\/types\/post"}],"author":[{"embeddable":true,"href":"https:\/\/www.academiapsicologia.com\/index.php\/wp-json\/wp\/v2\/users\/1"}],"replies":[{"embeddable":true,"href":"https:\/\/www.academiapsicologia.com\/index.php\/wp-json\/wp\/v2\/comments?post=244"}],"version-history":[{"count":10,"href":"https:\/\/www.academiapsicologia.com\/index.php\/wp-json\/wp\/v2\/posts\/244\/revisions"}],"predecessor-version":[{"id":257,"href":"https:\/\/www.academiapsicologia.com\/index.php\/wp-json\/wp\/v2\/posts\/244\/revisions\/257"}],"wp:featuredmedia":[{"embeddable":true,"href":"https:\/\/www.academiapsicologia.com\/index.php\/wp-json\/wp\/v2\/media\/245"}],"wp:attachment":[{"href":"https:\/\/www.academiapsicologia.com\/index.php\/wp-json\/wp\/v2\/media?parent=244"}],"wp:term":[{"taxonomy":"category","embeddable":true,"href":"https:\/\/www.academiapsicologia.com\/index.php\/wp-json\/wp\/v2\/categories?post=244"},{"taxonomy":"post_tag","embeddable":true,"href":"https:\/\/www.academiapsicologia.com\/index.php\/wp-json\/wp\/v2\/tags?post=244"}],"curies":[{"name":"wp","href":"https:\/\/api.w.org\/{rel}","templated":true}]}}