{"id":258,"date":"2019-05-17T16:05:33","date_gmt":"2019-05-17T14:05:33","guid":{"rendered":"https:\/\/www.academiapsicologia.com\/?p=258"},"modified":"2021-02-08T16:18:33","modified_gmt":"2021-02-08T15:18:33","slug":"iii-jornadas-nacionales-de-psicologia-hospitalaria-las-emociones-del-paciente-y-la-importancia-de-la-psicologia-alicante-16-de-mayo-de-2019","status":"publish","type":"post","link":"https:\/\/www.academiapsicologia.com\/index.php\/2019\/05\/17\/iii-jornadas-nacionales-de-psicologia-hospitalaria-las-emociones-del-paciente-y-la-importancia-de-la-psicologia-alicante-16-de-mayo-de-2019\/","title":{"rendered":"III Jornadas Nacionales de Psicolog\u00eda Hospitalaria. \u00abLas emociones del paciente y la importancia de la Psicolog\u00eda\u00bb. Alicante 16 de mayo de 2019"},"content":{"rendered":"<div align=\"justify\">\n<p>Con la asistencia de m\u00e1s de un centenar de personas se han celebrado en el Hospital General Universitario de Alicante las III Jornadas Nacionales de Psicolog\u00eda Hospitalaria, con el lema \u201cLas emociones del paciente y la importancia de la Psicolog\u00eda\u201d, organizadas por la Unidad de Psicolog\u00eda Hospitalaria del Hospital General Universitario de Alicante, el Departamento de Psicolog\u00eda de la Salud y la Facultad de Ciencias Sociosanitarias de la Universidad Miguel Hern\u00e1ndez, y la Sociedad para el Estudio Avanzado de la Psicolog\u00eda de la Salud (SEAPS)<\/p>\n<p>Las Jornadas fueron inauguradas por el Gerente del Departamento de Salud de Alicante-Hospital General, D. Miguel \u00c1ngel Garc\u00eda Alonso, el director del Departamento de Psicolog\u00eda de la Salud de la Universidad Miguel Hern\u00e1ndez, D. Juan Carlos Marzo Campos, el Vocal de la Junta de Gobierno del Colegio Oficial de Psicolog\u00eda de la Comunidad Valenciana D. Juan Lu\u00eds Quevedo Rodr\u00edguez y el responsable de la Unidad de Psicolog\u00eda Hospitalaria del Hospital general Universitario de Alicante y Presidente de la SEAPS D. Carlos J. van-der Hofstadt Rom\u00e1n.<\/p>\n<p>Se han presentado tres conferencias. La primera sobre la \u201cSimulaci\u00f3n Cl\u00ednica de alta fidelidad: Nuevas metodolog\u00edas de aprendizaje para mejorar las habilidades de comunicaci\u00f3n en ciencias de la salud\u201d, a cargo del profesor de la Facultad de Enfermer\u00eda de la Universidad de Murcia D. C\u00e9sar Leal Costa. La segunda sobre \u201cAdolescencia, familia y TCA. Programa de intervenci\u00f3n familiar en ingreso y hospital de d\u00eda en unidad hospitalaria\u201d, impartida por D\u00aa. Mar\u00eda Dolores G\u00f3mez Castillo, Coordinadora de la Unidad de Trastornos del Comportamiento Alimentario del Complejo Hospitalario Universitario de Albacete y Coordinadora de la Divisi\u00f3n de la Psicolog\u00eda Cl\u00ednica y de la Salud y Vocal del Consejo General de la Psicolog\u00eda de Espa\u00f1a y Decana del Colegio Oficial de Psicolog\u00eda de Castila La Mancha. Y la tercera sobre \u201cC\u00f3mo incorporar la perspectiva de g\u00e9nero a la investigaci\u00f3n\u201d, dictada por la Catedr\u00e1tica de Medicina Preventiva y Salud P\u00fablica de la Universidad de Alicante y Miembro del Instituto Universitario de Estudios de G\u00e9nero, D\u00aa. Mar\u00eda Teresa Ru\u00edz Cantero.<\/p>\n<p>En una mesa de ponencias, j\u00f3venes investigadores trataron temas de intervenciones psicol\u00f3gicas en diferentes patolog\u00edas como la calidad del sue\u00f1o, el c\u00e1ncer de mama, el acoso tradicional y cibern\u00e9tico y la autoestima en pacientes colostomizados. Tambi\u00e9n tuvo lugar una sesi\u00f3n de comunicaciones p\u00f3ster, en la que se presentaron 17 trabajos.<\/p>\n<p>Los res\u00famenes de todos los trabajos presentados se publicar\u00e1n pr\u00f3ximamente en un suplemento de la Revista de Psicolog\u00eda de la Salud:<\/p>\n<p><strong> <a href=\"https:\/\/revistas.innovacionumh.es\/index.php\/psicologiasalud\/issue\/view\/88\" target=\"_blank\" rel=\"noopener noreferrer\">https:\/\/revistas.innovacionumh.es<\/a><\/strong><\/p>\n<p>El acto fue clausurado por D\u00aa Virtudes P\u00e9rez Jover, Vicedecana de Psicolog\u00eda de la Facultad de Ciencias Sociosanitarias de la Universidad Miguel Hern\u00e1ndez de Elche, D. Jos\u00e9 S\u00e1nchez Pay\u00e1, Director Cient\u00edfico del Instituto de Investigaci\u00f3n Sanitaria y Biom\u00e9dica de Alicante (ISABIAL) y D. Jes\u00fas Rodr\u00edguez-Mar\u00edn, Miembro del Comit\u00e9 Cient\u00edfico de las III Jornadas, Acad\u00e9mico de N\u00famero de la Real Academia de la Psicolog\u00eda de Espa\u00f1a y Rector Honorario de la Universidad Miguel Hern\u00e1ndez, que presid\u00eda en representaci\u00f3n del Rector de la Universidad Miguel Hern\u00e1ndez de Elche.<\/p>\n<p>Las III Jornadas han sido organizadas por el Departamento de Psicolog\u00eda de la Salud de la Universidad Miguel Hern\u00e1ndez de Elche y la Unidad de Psicolog\u00eda Hospitalaria del Hospital General Universitario de Alicante, y la Sociedad para el estudio Avanzado de la Psicolog\u00eda de la Salud (SEAPS); y ha contado con la colaboraci\u00f3n del Instituto de Investigaci\u00f3n Sanitaria y Biom\u00e9dica de Alicante (ISABIAL), el Colegio Oficial de la Psicolog\u00eda de la Comunidad Valenciana, la Academia de Psicolog\u00eda de Espa\u00f1a, el Departamento de Salud Alicante-Hospital General y la Conseller\u00eda de Sanidad Universal y Salud P\u00fablica de la Generalitat Valenciana, el Master en Psicolog\u00eda General Sanitaria de la UMH, y la Academia de Psicolog\u00eda de Espa\u00f1a.<\/p>\n<\/div>\n<p>&nbsp;<\/p>\n<div align=\"center\"><div class=\"fusion-button-wrapper\"><a class=\"fusion-button button-flat fusion-button-default-size button-custom fusion-button-default button-1 fusion-button-default-span fusion-button-default-type\" style=\"--button_accent_color:#ffffff;--button_border_color:#8a5e9e;--button_accent_hover_color:#000000;--button_border_hover_color:#000000;--button_gradient_top_color:#b67cd1;--button_gradient_bottom_color:#b67cd1;--button_gradient_top_color_hover:#b67cd1;--button_gradient_bottom_color_hover:#b67cd1;\" target=\"_blank\" rel=\"noopener noreferrer\" href=\"https:\/\/www.academiapsicologia.com\/wp-content\/uploads\/2021\/02\/III-Jornadas-Nacionales-de-Psicologia-Hospitalaria-20190516.pdf\"><i class=\"fa-info-circle fas button-icon-left\" aria-hidden=\"true\"><\/i><span class=\"fusion-button-text\">DESCARGAR PROGRAMA DE LA JORNADA<\/span><\/a><\/div><\/div>\n","protected":false},"excerpt":{"rendered":"<p>Con la asistencia de m\u00e1s de un centenar de personas  [&#8230;]<\/p>\n","protected":false},"author":1,"featured_media":259,"comment_status":"closed","ping_status":"open","sticky":false,"template":"","format":"standard","meta":{"footnotes":""},"categories":[6],"tags":[],"class_list":["post-258","post","type-post","status-publish","format-standard","has-post-thumbnail","hentry","category-noticias"],"_links":{"self":[{"href":"https:\/\/www.academiapsicologia.com\/index.php\/wp-json\/wp\/v2\/posts\/258","targetHints":{"allow":["GET"]}}],"collection":[{"href":"https:\/\/www.academiapsicologia.com\/index.php\/wp-json\/wp\/v2\/posts"}],"about":[{"href":"https:\/\/www.academiapsicologia.com\/index.php\/wp-json\/wp\/v2\/types\/post"}],"author":[{"embeddable":true,"href":"https:\/\/www.academiapsicologia.com\/index.php\/wp-json\/wp\/v2\/users\/1"}],"replies":[{"embeddable":true,"href":"https:\/\/www.academiapsicologia.com\/index.php\/wp-json\/wp\/v2\/comments?post=258"}],"version-history":[{"count":5,"href":"https:\/\/www.academiapsicologia.com\/index.php\/wp-json\/wp\/v2\/posts\/258\/revisions"}],"predecessor-version":[{"id":263,"href":"https:\/\/www.academiapsicologia.com\/index.php\/wp-json\/wp\/v2\/posts\/258\/revisions\/263"}],"wp:featuredmedia":[{"embeddable":true,"href":"https:\/\/www.academiapsicologia.com\/index.php\/wp-json\/wp\/v2\/media\/259"}],"wp:attachment":[{"href":"https:\/\/www.academiapsicologia.com\/index.php\/wp-json\/wp\/v2\/media?parent=258"}],"wp:term":[{"taxonomy":"category","embeddable":true,"href":"https:\/\/www.academiapsicologia.com\/index.php\/wp-json\/wp\/v2\/categories?post=258"},{"taxonomy":"post_tag","embeddable":true,"href":"https:\/\/www.academiapsicologia.com\/index.php\/wp-json\/wp\/v2\/tags?post=258"}],"curies":[{"name":"wp","href":"https:\/\/api.w.org\/{rel}","templated":true}]}}