{"id":2608,"date":"2024-06-21T16:19:24","date_gmt":"2024-06-21T14:19:24","guid":{"rendered":"https:\/\/www.academiapsicologia.com\/?p=2608"},"modified":"2024-06-21T16:20:29","modified_gmt":"2024-06-21T14:20:29","slug":"estres-y-deficits-cognitivos-en-enfermedades-asociadas-a-la-edad-29-05-2024","status":"publish","type":"post","link":"https:\/\/www.academiapsicologia.com\/index.php\/2024\/06\/21\/estres-y-deficits-cognitivos-en-enfermedades-asociadas-a-la-edad-29-05-2024\/","title":{"rendered":"Estr\u00e9s y d\u00e9ficits cognitivos en enfermedades asociadas a la edad (29\/05\/2024)"},"content":{"rendered":"<h3>Los Mi\u00e9rcoles con la Academia.<\/h3>\n<h4>Dra. Alicia Salvador Fern\u00e1ndez-Montejo.<br \/>\n<em>Acad\u00e9mica de N\u00famero de la APE.<\/em><\/h4>\n","protected":false},"excerpt":{"rendered":"<p>Los Mi\u00e9rcoles con la Academia. Dra. Alicia Salvador Fern\u00e1ndez-Montejo. Acad\u00e9mica  [&#8230;]<\/p>\n","protected":false},"author":1,"featured_media":0,"comment_status":"closed","ping_status":"open","sticky":false,"template":"","format":"standard","meta":{"footnotes":""},"categories":[3],"tags":[],"class_list":["post-2608","post","type-post","status-publish","format-standard","hentry","category-los-miercoles-con-la-academia"],"_links":{"self":[{"href":"https:\/\/www.academiapsicologia.com\/index.php\/wp-json\/wp\/v2\/posts\/2608","targetHints":{"allow":["GET"]}}],"collection":[{"href":"https:\/\/www.academiapsicologia.com\/index.php\/wp-json\/wp\/v2\/posts"}],"about":[{"href":"https:\/\/www.academiapsicologia.com\/index.php\/wp-json\/wp\/v2\/types\/post"}],"author":[{"embeddable":true,"href":"https:\/\/www.academiapsicologia.com\/index.php\/wp-json\/wp\/v2\/users\/1"}],"replies":[{"embeddable":true,"href":"https:\/\/www.academiapsicologia.com\/index.php\/wp-json\/wp\/v2\/comments?post=2608"}],"version-history":[{"count":2,"href":"https:\/\/www.academiapsicologia.com\/index.php\/wp-json\/wp\/v2\/posts\/2608\/revisions"}],"predecessor-version":[{"id":2610,"href":"https:\/\/www.academiapsicologia.com\/index.php\/wp-json\/wp\/v2\/posts\/2608\/revisions\/2610"}],"wp:attachment":[{"href":"https:\/\/www.academiapsicologia.com\/index.php\/wp-json\/wp\/v2\/media?parent=2608"}],"wp:term":[{"taxonomy":"category","embeddable":true,"href":"https:\/\/www.academiapsicologia.com\/index.php\/wp-json\/wp\/v2\/categories?post=2608"},{"taxonomy":"post_tag","embeddable":true,"href":"https:\/\/www.academiapsicologia.com\/index.php\/wp-json\/wp\/v2\/tags?post=2608"}],"curies":[{"name":"wp","href":"https:\/\/api.w.org\/{rel}","templated":true}]}}