{"id":266,"date":"2019-03-22T16:19:30","date_gmt":"2019-03-22T15:19:30","guid":{"rendered":"https:\/\/www.academiapsicologia.com\/?p=266"},"modified":"2025-04-23T21:29:44","modified_gmt":"2025-04-23T19:29:44","slug":"la-catedratica-en-psicologia-rocio-fernandez-ballesteros-es-investida-doctora-honoris-causa-por-la-universidad-de-salamanca","status":"publish","type":"post","link":"https:\/\/www.academiapsicologia.com\/index.php\/2019\/03\/22\/la-catedratica-en-psicologia-rocio-fernandez-ballesteros-es-investida-doctora-honoris-causa-por-la-universidad-de-salamanca\/","title":{"rendered":"La catedr\u00e1tica en Psicolog\u00eda Roc\u00edo Fern\u00e1ndez-Ballesteros es investida Doctora Honoris Causa por la Universidad de Salamanca"},"content":{"rendered":"<div align=\"justify\">\n<h4>De gran prestigio internacional por su aportaci\u00f3n a la investigaci\u00f3n psicol\u00f3gica y al desarrollo profesional vinculados a la discapacidad, con esta distinci\u00f3n se convierte en la primera mujer psic\u00f3loga espa\u00f1ola investida honoris causa por la Universidad de Salamanca<\/h4>\n<p>La Universidad de Salamanca ha investido como doctora honoris causa a la catedr\u00e1tica en Psicolog\u00eda y doctora en Ciencias Pol\u00edticas y Sociolog\u00eda Roc\u00edo Fern\u00e1ndez-Ballesteros Garc\u00eda durante el solemne acto acad\u00e9mico celebrado en el Paraninfo del Estudio salmantino y presidido por el rector, Ricardo Rivero.<\/p>\n<p>En su intervenci\u00f3n, Rivero agradeci\u00f3 a Fern\u00e1ndez-Ballesteros su contribuci\u00f3n al desarrollo de la sociedad actual desactivando estereotipos y contribuyendo a las estrategias para el envejecimiento activo. \u201cGracias por trabajar por la ampliaci\u00f3n de las capacidades. Una sociedad progresar\u00e1 tanto m\u00e1s, cuanto mayores sean las posibilidades de superaci\u00f3n de su senescencia. Las estrategias contra este proceso o tendencia hacia el deterioro son por supuesto m\u00e9dicas, pero tambi\u00e9n culturales. Y entre ambas las psicol\u00f3gicas, las del alma y el sentimiento, las de la percepci\u00f3n cognitiva\u201d, subray\u00f3 el rector.<\/p>\n<p>Fern\u00e1ndez-Ballesteros estuvo acompa\u00f1ada por su madrina, Cristina Jenaro R\u00edo, catedr\u00e1tica del Departamento de Personalidad, Evaluaci\u00f3n y Tratamiento Psicol\u00f3gico de la Facultad de Psicolog\u00eda de la USAL, quien durante su\u00a0<em>laudatio<\/em>destac\u00f3 lo especial del acontecimiento al recordar que \u201cse pueden contar con los dedos de la mano el n\u00famero de psic\u00f3logos espa\u00f1oles que han sido investidos doctores honoris causa por universidades espa\u00f1olas\u201d.<\/p>\n<p>La candidatura de Roc\u00edo Fern\u00e1ndez-Ballesteros, catedr\u00e1tica de la Universidad Aut\u00f3noma de Madrid, defendida por la catedr\u00e1tica Cristina Jenaro R\u00edo, fue propuesta por el Departamento de Personalidad, Evaluaci\u00f3n y Tratamiento y el Instituto Universitario de Integraci\u00f3n en la Comunidad de la USAL (INICO) por sus relevantes aportaciones a la investigaci\u00f3n psicol\u00f3gica y al desarrollo profesional vinculados a la discapacidad.<\/p>\n<h4><strong>Inicios de su carrera y l\u00ednea de investigaci\u00f3n sobre envejecimiento<\/strong><\/h4>\n<p>En su intervenci\u00f3n, la nueva doctora de la Universidad de Salamanca ofreci\u00f3 un resumen de su trayectoria profesional e investigadora valorando el galard\u00f3n como \u201cun reconocimiento a la psicolog\u00eda y al considerable trecho que ha recorrido en la historia del pensamiento y de la ciencia, hasta ocupar un hueco entre las disciplinas cient\u00edficas\u201d.<\/p>\n<p>Roc\u00edo Fern\u00e1ndez-Ballesteros se remont\u00f3 al que fuera el inicio de su carrera, all\u00e1 en los a\u00f1os setenta, relatando las dificultades de los comienzos y la gran evoluci\u00f3n sufrida desde entonces hasta la actualidad por esta \u00e1rea de estudio. Uno de los apartados especiales de su intervenci\u00f3n fue referente a la destacada l\u00ednea de investigaci\u00f3n sobre envejecimiento, la vejez y las personas mayores que comenz\u00f3 a desarrollar a partir de los a\u00f1os 80, con continuidad hoy d\u00eda, y que tantos reconocimientos internacionales y logros cient\u00edficos le ha reportado.<\/p>\n<p>En este sentido, se\u00f1al\u00f3 que \u201ctodo ello y mucho m\u00e1s ha sido posible gracias al esfuerzo y la dedicaci\u00f3n de investigadores, doctorados desde 1980 a 2018 a los que, personalmente, hoy, en que soy honrada como doctora honoris causa de la Universidad de Salamanca, quiero agradecer y compartir con ellos tal honor porque una sola persona no es capaz -por muchos a\u00f1os, meses y horas que dedique- de alcanzar los logros rese\u00f1ados si no cuenta con muchos otros investigadores comprometidos\u201d, concluy\u00f3.<\/p>\n<h4><strong>Trayectoria y distinciones<\/strong><\/h4>\n<p>Roc\u00edo Fern\u00e1ndez-Ballesteros es doctora en Ciencias Pol\u00edticas y Sociolog\u00eda por la UCM, catedr\u00e1tica de Psicolog\u00eda en la Universidad Aut\u00f3noma de Madrid desde 1980, profesora em\u00e9rita desde 2009 y acad\u00e9mica de n\u00famero en la Academia de Psicolog\u00eda de Espa\u00f1a y en la\u00a0<em>European Academy of Sciences and Arts<\/em>. Ha participado en 38 proyectos de investigaci\u00f3n nacionales y europeos que han dado lugar a la publicaci\u00f3n de 29 libros, 130 cap\u00edtulos de libros y 156 art\u00edculos en revistas especializadas.<\/p>\n<p>A lo largo de su carrera ha dirigido 30 tesis doctorales y ha participado en m\u00faltiples actividades para organismos nacionales e internacionales, como la UE, el Senado, el IMSERSO, la UNESCO, la OMS y la ONU, entre otros. Ha sido miembro de comit\u00e9s editoriales de 20 revistas especializadas y ha recibido diversos galardones como el Aristoteles Prize de la\u00a0<em>European Federation of Psychologist Associations<\/em>.<\/p>\n<p>La ceremonia de investidura fue presidida por el rector, Ricardo Rivero, y cont\u00f3 con la presencia del vicerrector de Docencia, Innovaci\u00f3n Educativa y Calidad de la Universidad Aut\u00f3noma de Madrid, Juan Antonio Huertas; los rectores honor\u00edficos de la UNED Juan D\u00edez y Araceli Maci\u00e1; el vicerrector de Relaciones Internacionales de la Universidad Pontificia de Salamanca, Jacinto N\u00fa\u00f1ez; el concejal de Econom\u00eda, Empleo y Deportes del Ayuntamiento de Salamanca, Enrique S\u00e1nchez-Guijo; as\u00ed como los miembros del equipo de gobierno de la USAL y vicerrectores de Postgrado y Planes Especiales en Ciencias de la Salud, Purificaci\u00f3n Galindo; de Docencia y Evaluaci\u00f3n de la Calidad, Izaskun \u00c1lvarez; de Econom\u00eda, Javier Gonz\u00e1lez; de Estudiantes y Sostenibilidad, Ana Bel\u00e9n R\u00edos; de Pol\u00edtica Acad\u00e9mica y Participaci\u00f3n Social, Enrique Cabero; de Profesorado, Jos\u00e9 Mar\u00eda D\u00edaz; el secretario y la vicesecretaria general, Fernando Almaraz y Pilar Jim\u00e9nez, respectivamente; y el director gerente de la Fundaci\u00f3n General, \u00d3scar Gonz\u00e1lez.<\/p>\n<p>Alguna de las autoridades acad\u00e9micas asistentes a la ceremonia fueron Robert Schalock, renombrado psic\u00f3logo y cient\u00edfico adem\u00e1s de doctor honoris causa por la USAL; el director del INICO y catedr\u00e1tico, Miguel \u00c1ngel Verdugo; los decanos de la USAL de las facultades de Psicolog\u00eda, Emilio S\u00e1nchez; de Medicina, Francisco Javier Garc\u00eda; Ciencias, Jos\u00e9 Miguel Mateos; el director de la E.U. de Enfermer\u00eda y Fisioterapia, Fausto Jos\u00e9 Barbero; y el decano de la Facultad de Psicolog\u00eda de la Universidad Aut\u00f3noma de Madrid, Ignacio Montero, entre otros.<\/p>\n<p style=\"text-align: right;\">[<strong><a href=\"https:\/\/www.salamanca24horas.com\/texto-diario\/mostrar\/1363307\/catedratica-psicologia-rocio-fernandez-ballesteros-investida-doctora-honoris-causa-universidad-salamanca\" target=\"_blank\" rel=\"noopener\">salamanca24horas.com<\/a><\/strong>]<\/p>\n<\/div>\n<h4><strong>Discursos<\/strong><\/h4>\n<ul>\n<li><strong><a href=\"https:\/\/saladeprensa.usal.es\/filessp\/220319_Lectio_Roc__o_Fern__ndez-Ballesteros.pdf\" target=\"_blank\" rel=\"noopener\">Lectio<\/a><\/strong><\/li>\n<li><strong><a href=\"https:\/\/saladeprensa.usal.es\/filessp\/220319_Laudatio_Cristina_Jenaro.pdf\" target=\"_blank\" rel=\"noopener\">Laudatio<\/a><\/strong><\/li>\n<li><strong><a href=\"https:\/\/saladeprensa.usal.es\/filessp\/220319_Discurso_Rector.pdf\" target=\"_blank\" rel=\"noopener\">Congratulatio<\/a><\/strong><\/li>\n<\/ul>\n<p>&nbsp;<\/p>\n<div align=\"center\"><iframe src=\"https:\/\/www.youtube.com\/embed\/hwdleU93dnk\" width=\"560\" height=\"315\" frameborder=\"0\" allowfullscreen=\"allowfullscreen\"><\/iframe><\/div>\n","protected":false},"excerpt":{"rendered":"<p>De gran prestigio internacional por su aportaci\u00f3n a la investigaci\u00f3n  [&#8230;]<\/p>\n","protected":false},"author":1,"featured_media":267,"comment_status":"closed","ping_status":"open","sticky":false,"template":"","format":"standard","meta":{"footnotes":""},"categories":[6],"tags":[],"class_list":["post-266","post","type-post","status-publish","format-standard","has-post-thumbnail","hentry","category-noticias"],"_links":{"self":[{"href":"https:\/\/www.academiapsicologia.com\/index.php\/wp-json\/wp\/v2\/posts\/266","targetHints":{"allow":["GET"]}}],"collection":[{"href":"https:\/\/www.academiapsicologia.com\/index.php\/wp-json\/wp\/v2\/posts"}],"about":[{"href":"https:\/\/www.academiapsicologia.com\/index.php\/wp-json\/wp\/v2\/types\/post"}],"author":[{"embeddable":true,"href":"https:\/\/www.academiapsicologia.com\/index.php\/wp-json\/wp\/v2\/users\/1"}],"replies":[{"embeddable":true,"href":"https:\/\/www.academiapsicologia.com\/index.php\/wp-json\/wp\/v2\/comments?post=266"}],"version-history":[{"count":5,"href":"https:\/\/www.academiapsicologia.com\/index.php\/wp-json\/wp\/v2\/posts\/266\/revisions"}],"predecessor-version":[{"id":3222,"href":"https:\/\/www.academiapsicologia.com\/index.php\/wp-json\/wp\/v2\/posts\/266\/revisions\/3222"}],"wp:featuredmedia":[{"embeddable":true,"href":"https:\/\/www.academiapsicologia.com\/index.php\/wp-json\/wp\/v2\/media\/267"}],"wp:attachment":[{"href":"https:\/\/www.academiapsicologia.com\/index.php\/wp-json\/wp\/v2\/media?parent=266"}],"wp:term":[{"taxonomy":"category","embeddable":true,"href":"https:\/\/www.academiapsicologia.com\/index.php\/wp-json\/wp\/v2\/categories?post=266"},{"taxonomy":"post_tag","embeddable":true,"href":"https:\/\/www.academiapsicologia.com\/index.php\/wp-json\/wp\/v2\/tags?post=266"}],"curies":[{"name":"wp","href":"https:\/\/api.w.org\/{rel}","templated":true}]}}