{"id":2674,"date":"2024-07-17T11:02:56","date_gmt":"2024-07-17T09:02:56","guid":{"rendered":"https:\/\/www.academiapsicologia.com\/?p=2674"},"modified":"2024-07-17T11:02:56","modified_gmt":"2024-07-17T09:02:56","slug":"elisardo-becona-iglesias","status":"publish","type":"post","link":"https:\/\/www.academiapsicologia.com\/index.php\/2024\/07\/17\/elisardo-becona-iglesias\/","title":{"rendered":"Excmo. Sr. D. Elisardo Beco\u00f1a Iglesias"},"content":{"rendered":"<p><div class=\"fusion-fullwidth fullwidth-box fusion-builder-row-1 fusion-flex-container nonhundred-percent-fullwidth non-hundred-percent-height-scrolling\" style=\"--awb-border-radius-top-left:0px;--awb-border-radius-top-right:0px;--awb-border-radius-bottom-right:0px;--awb-border-radius-bottom-left:0px;--awb-flex-wrap:wrap;\" ><div class=\"fusion-builder-row fusion-row fusion-flex-align-items-flex-start fusion-flex-content-wrap\" style=\"max-width:1248px;margin-left: calc(-4% \/ 2 );margin-right: calc(-4% \/ 2 );\"><div class=\"fusion-layout-column fusion_builder_column fusion-builder-column-0 fusion_builder_column_1_1 1_1 fusion-flex-column\" style=\"--awb-bg-size:cover;--awb-width-large:100%;--awb-margin-top-large:0px;--awb-spacing-right-large:1.92%;--awb-margin-bottom-large:20px;--awb-spacing-left-large:1.92%;--awb-width-medium:100%;--awb-order-medium:0;--awb-spacing-right-medium:1.92%;--awb-spacing-left-medium:1.92%;--awb-width-small:100%;--awb-order-small:0;--awb-spacing-right-small:1.92%;--awb-spacing-left-small:1.92%;\"><div class=\"fusion-column-wrapper fusion-column-has-shadow fusion-flex-justify-content-flex-start fusion-content-layout-column\"><ul style=\"--awb-line-height:27.2px;--awb-icon-width:27.2px;--awb-icon-height:27.2px;--awb-icon-margin:11.2px;--awb-content-margin:38.4px;--awb-circlecolor:#b67cd1;--awb-circle-yes-font-size:14.08px;\" class=\"fusion-checklist fusion-checklist-1 fusion-checklist-default type-icons\"><li class=\"fusion-li-item\" style=\"\"><span class=\"icon-wrapper circle-yes\"><i class=\"fusion-li-icon fa-calendar-alt fas\" aria-hidden=\"true\"><\/i><\/span><div class=\"fusion-li-item-content\">\n<p><strong>27 de junio de 2024<\/strong><\/p>\n<\/div><\/li><li class=\"fusion-li-item\" style=\"\"><span class=\"icon-wrapper circle-yes\"><i class=\"fusion-li-icon fa-medal fas\" aria-hidden=\"true\"><\/i><\/span><div class=\"fusion-li-item-content\">\n<p><strong>Medalla N\u00ba 39<\/strong><\/p>\n<\/div><\/li><\/ul><\/div><\/div><\/div><\/div><div class=\"fusion-fullwidth fullwidth-box fusion-builder-row-2 fusion-flex-container nonhundred-percent-fullwidth non-hundred-percent-height-scrolling\" style=\"--awb-border-radius-top-left:0px;--awb-border-radius-top-right:0px;--awb-border-radius-bottom-right:0px;--awb-border-radius-bottom-left:0px;--awb-flex-wrap:wrap;\" ><div class=\"fusion-builder-row fusion-row fusion-flex-align-items-flex-start fusion-flex-content-wrap\" style=\"max-width:1248px;margin-left: calc(-4% \/ 2 );margin-right: calc(-4% \/ 2 );\"><div class=\"fusion-layout-column fusion_builder_column fusion-builder-column-1 fusion_builder_column_1_4 1_4 fusion-flex-column\" style=\"--awb-bg-size:cover;--awb-width-large:25%;--awb-margin-top-large:0px;--awb-spacing-right-large:7.68%;--awb-margin-bottom-large:20px;--awb-spacing-left-large:7.68%;--awb-width-medium:25%;--awb-order-medium:0;--awb-spacing-right-medium:7.68%;--awb-spacing-left-medium:7.68%;--awb-width-small:100%;--awb-order-small:0;--awb-spacing-right-small:1.92%;--awb-spacing-left-small:1.92%;\"><div class=\"fusion-column-wrapper fusion-column-has-shadow fusion-flex-justify-content-flex-start fusion-content-layout-column\"><div class=\"fusion-image-element \" style=\"--awb-caption-title-font-family:var(--h2_typography-font-family);--awb-caption-title-font-weight:var(--h2_typography-font-weight);--awb-caption-title-font-style:var(--h2_typography-font-style);--awb-caption-title-size:var(--h2_typography-font-size);--awb-caption-title-transform:var(--h2_typography-text-transform);--awb-caption-title-line-height:var(--h2_typography-line-height);--awb-caption-title-letter-spacing:var(--h2_typography-letter-spacing);\"><span class=\" fusion-imageframe imageframe-none imageframe-1 hover-type-none\"><a class=\"fusion-no-lightbox\" href=\"https:\/\/www.academiapsicologia.com\/wp-content\/uploads\/2024\/07\/Elisardo-Becona-Iglesias.jpg\" target=\"_blank\" aria-label=\"Elisardo Beco\u00f1a Iglesias\" rel=\"noopener noreferrer\"><img decoding=\"async\" width=\"238\" height=\"300\" src=\"https:\/\/www.academiapsicologia.com\/wp-content\/uploads\/2024\/07\/Elisardo-Becona-Iglesias-238x300.jpg\" alt class=\"img-responsive wp-image-2673\" srcset=\"https:\/\/www.academiapsicologia.com\/wp-content\/uploads\/2024\/07\/Elisardo-Becona-Iglesias-200x253.jpg 200w, https:\/\/www.academiapsicologia.com\/wp-content\/uploads\/2024\/07\/Elisardo-Becona-Iglesias-400x505.jpg 400w, https:\/\/www.academiapsicologia.com\/wp-content\/uploads\/2024\/07\/Elisardo-Becona-Iglesias-600x758.jpg 600w, https:\/\/www.academiapsicologia.com\/wp-content\/uploads\/2024\/07\/Elisardo-Becona-Iglesias-800x1011.jpg 800w, https:\/\/www.academiapsicologia.com\/wp-content\/uploads\/2024\/07\/Elisardo-Becona-Iglesias.jpg 836w\" sizes=\"(max-width: 640px) 100vw, 400px\" \/><\/a><\/span><\/div><\/div><\/div><div class=\"fusion-layout-column fusion_builder_column fusion-builder-column-2 fusion_builder_column_3_4 3_4 fusion-flex-column\" style=\"--awb-bg-size:cover;--awb-width-large:75%;--awb-margin-top-large:0px;--awb-spacing-right-large:2.56%;--awb-margin-bottom-large:20px;--awb-spacing-left-large:2.56%;--awb-width-medium:75%;--awb-order-medium:0;--awb-spacing-right-medium:2.56%;--awb-spacing-left-medium:2.56%;--awb-width-small:100%;--awb-order-small:0;--awb-spacing-right-small:1.92%;--awb-spacing-left-small:1.92%;\"><div class=\"fusion-column-wrapper fusion-column-has-shadow fusion-flex-justify-content-flex-start fusion-content-layout-column\"><div class=\"fusion-text fusion-text-1\" style=\"--awb-text-transform:none;\"><div align=\"justify\">\n<p>Licenciado (1979) y Doctor en Psicolog\u00eda (1982) por la Universidad de Santiago de Compostela. Psic\u00f3logo especialista en Psicolog\u00eda Cl\u00ednica. Catedr\u00e1tico de Psicolog\u00eda Cl\u00ednica en el Departamento de Psicolog\u00eda Cl\u00ednica y Psicobiolog\u00eda de la Facultad de Psicolog\u00eda de la Universidad de Santiago de Compostela. Dirigi\u00f3 (1992-2001) el \u00abMaster en Drogodependencias de la Universidad de Santiago de Compostela\u00bb. Dirige la Unidad de Tabaquismo y Trastornos Adictivos en su Universidad, en la que han tratado a casi 17.000 fumadores.<\/p>\n<p>Ha ampliado estudios en varias universidades (ej., Glasgow, Reino Unido). Ha realizado visitas y otras estancias en centros internacionales de referencia en drogas como el National Addiction Center (Londres, Reino Unido), National Institute on Drug Abuse (Rockville, EEUU), Center for Substance Abuse Prevention (Rockville, EEUU), Programa Rumbos (Bogot\u00e1, Colombia), centros asistenciales de distintos pa\u00edses, etc.<\/p>\n<p>Su principal campo de especializaci\u00f3n son las conductas adictivas, y en especial el tratamiento del tabaquismo, juego patol\u00f3gico, coca\u00edna, etc., junto con la comorbilidad asociada (como trastornos del estado de \u00e1nimo trastornos de ansiedad, etc). Tambi\u00e9n la prevenci\u00f3n de las drogodependencias. Tiene una dilatada experiencia docente, cl\u00ednica e investigadora. En su producci\u00f3n cient\u00edfica tiene m\u00e1s de 50 libros publicados o editados, casi 100 cap\u00edtulos de libros, 350 art\u00edculos en revistas cient\u00edficas nacionales e internacionales, as\u00ed como m\u00faltiples participaciones en congresos. Entre sus \u00faltimos libros destacan \u201cJuego patol\u00f3gico\u201d (2010), \u201cTrastornos adictivos\u201d (2016), \u201cCannabis, coca\u00edna y hero\u00edna\u201d (2020); \u201cLa prevenci\u00f3n ambiental en el consumo de drogas.\u201d, \u201cBullying y ciberbullying\u201d (2022), \u201cGu\u00eda de buenas pr\u00e1cticas y de calidad en la prevenci\u00f3n de las drogodependencias y de las adicciones\u201d (2023). Ha sido y es editor asociado de y distintas revistas cient\u00edficas del campo de la psicolog\u00eda cl\u00ednica o de la salud p\u00fablica con \u00edndice de impacto.<\/p>\n<p>A lo largo de su trayectoria ha ocupado distintos cargos acad\u00e9micos (Director y Secretario de Departamento), ha sido profesor visitante en varias universidades, consultor de Naciones Unidas (PNUFID) y de la Organizaci\u00f3n Panamericana de Salud (OPS\/OMS), ocupado cargos en distintas sociedades cient\u00edficas nacionales (ej., Comit\u00e9 Nacional para la Prevenci\u00f3n del Tabaquismo). Ha recibido varios premios de investigaci\u00f3n y le han concedido la Cruz Blanca al M\u00e9rito del Plan Nacional sobre Drogas del Ministerio de Sanidad. Evaluador de ANECA (2018-2021) y de la Fundaci\u00f3n para el conocimiento Madri+d (2023-). Ha participado en varias comisiones t\u00e9cnicas del campo sanitario, tanto en su Comunidad Aut\u00f3noma como en el Ministerio de Sanidad.<\/p>\n<\/div>\n<\/div><\/div><\/div><\/div><\/div><\/p>\n","protected":false},"excerpt":{"rendered":"","protected":false},"author":1,"featured_media":0,"comment_status":"closed","ping_status":"open","sticky":false,"template":"","format":"standard","meta":{"footnotes":""},"categories":[11],"tags":[],"class_list":["post-2674","post","type-post","status-publish","format-standard","hentry","category-academicos"],"_links":{"self":[{"href":"https:\/\/www.academiapsicologia.com\/index.php\/wp-json\/wp\/v2\/posts\/2674","targetHints":{"allow":["GET"]}}],"collection":[{"href":"https:\/\/www.academiapsicologia.com\/index.php\/wp-json\/wp\/v2\/posts"}],"about":[{"href":"https:\/\/www.academiapsicologia.com\/index.php\/wp-json\/wp\/v2\/types\/post"}],"author":[{"embeddable":true,"href":"https:\/\/www.academiapsicologia.com\/index.php\/wp-json\/wp\/v2\/users\/1"}],"replies":[{"embeddable":true,"href":"https:\/\/www.academiapsicologia.com\/index.php\/wp-json\/wp\/v2\/comments?post=2674"}],"version-history":[{"count":1,"href":"https:\/\/www.academiapsicologia.com\/index.php\/wp-json\/wp\/v2\/posts\/2674\/revisions"}],"predecessor-version":[{"id":2675,"href":"https:\/\/www.academiapsicologia.com\/index.php\/wp-json\/wp\/v2\/posts\/2674\/revisions\/2675"}],"wp:attachment":[{"href":"https:\/\/www.academiapsicologia.com\/index.php\/wp-json\/wp\/v2\/media?parent=2674"}],"wp:term":[{"taxonomy":"category","embeddable":true,"href":"https:\/\/www.academiapsicologia.com\/index.php\/wp-json\/wp\/v2\/categories?post=2674"},{"taxonomy":"post_tag","embeddable":true,"href":"https:\/\/www.academiapsicologia.com\/index.php\/wp-json\/wp\/v2\/tags?post=2674"}],"curies":[{"name":"wp","href":"https:\/\/api.w.org\/{rel}","templated":true}]}}