{"id":2839,"date":"2024-11-29T16:03:40","date_gmt":"2024-11-29T15:03:40","guid":{"rendered":"https:\/\/www.academiapsicologia.com\/?p=2839"},"modified":"2025-02-11T14:33:17","modified_gmt":"2025-02-11T13:33:17","slug":"ignacio-morgado-bernal","status":"publish","type":"post","link":"https:\/\/www.academiapsicologia.com\/index.php\/2024\/11\/29\/ignacio-morgado-bernal\/","title":{"rendered":"Excmo. Sr. D. Ignacio Morgado Bernal"},"content":{"rendered":"<p><div class=\"fusion-fullwidth fullwidth-box fusion-builder-row-1 fusion-flex-container nonhundred-percent-fullwidth non-hundred-percent-height-scrolling\" style=\"--awb-border-radius-top-left:0px;--awb-border-radius-top-right:0px;--awb-border-radius-bottom-right:0px;--awb-border-radius-bottom-left:0px;--awb-flex-wrap:wrap;\" ><div class=\"fusion-builder-row fusion-row fusion-flex-align-items-flex-start fusion-flex-content-wrap\" style=\"max-width:1248px;margin-left: calc(-4% \/ 2 );margin-right: calc(-4% \/ 2 );\"><div class=\"fusion-layout-column fusion_builder_column fusion-builder-column-0 fusion_builder_column_1_1 1_1 fusion-flex-column\" style=\"--awb-bg-size:cover;--awb-width-large:100%;--awb-margin-top-large:0px;--awb-spacing-right-large:1.92%;--awb-margin-bottom-large:20px;--awb-spacing-left-large:1.92%;--awb-width-medium:100%;--awb-order-medium:0;--awb-spacing-right-medium:1.92%;--awb-spacing-left-medium:1.92%;--awb-width-small:100%;--awb-order-small:0;--awb-spacing-right-small:1.92%;--awb-spacing-left-small:1.92%;\"><div class=\"fusion-column-wrapper fusion-column-has-shadow fusion-flex-justify-content-flex-start fusion-content-layout-column\"><ul style=\"--awb-line-height:27.2px;--awb-icon-width:27.2px;--awb-icon-height:27.2px;--awb-icon-margin:11.2px;--awb-content-margin:38.4px;--awb-circlecolor:#b67cd1;--awb-circle-yes-font-size:14.08px;\" class=\"fusion-checklist fusion-checklist-1 fusion-checklist-default type-icons\"><li class=\"fusion-li-item\" style=\"\"><span class=\"icon-wrapper circle-yes\"><i class=\"fusion-li-icon fa-calendar-alt fas\" aria-hidden=\"true\"><\/i><\/span><div class=\"fusion-li-item-content\">\n<p><strong>14 de noviembre de 2024<\/strong><\/p>\n<\/div><\/li><li class=\"fusion-li-item\" style=\"\"><span class=\"icon-wrapper circle-yes\"><i class=\"fusion-li-icon fa-medal fas\" aria-hidden=\"true\"><\/i><\/span><div class=\"fusion-li-item-content\">\n<p><strong>Medalla N\u00ba 41<\/strong><\/p>\n<\/div><\/li><\/ul><\/div><\/div><\/div><\/div><div class=\"fusion-fullwidth fullwidth-box fusion-builder-row-2 fusion-flex-container nonhundred-percent-fullwidth non-hundred-percent-height-scrolling\" style=\"--awb-border-radius-top-left:0px;--awb-border-radius-top-right:0px;--awb-border-radius-bottom-right:0px;--awb-border-radius-bottom-left:0px;--awb-flex-wrap:wrap;\" ><div class=\"fusion-builder-row fusion-row fusion-flex-align-items-flex-start fusion-flex-content-wrap\" style=\"max-width:1248px;margin-left: calc(-4% \/ 2 );margin-right: calc(-4% \/ 2 );\"><div class=\"fusion-layout-column fusion_builder_column fusion-builder-column-1 fusion_builder_column_1_4 1_4 fusion-flex-column\" style=\"--awb-bg-size:cover;--awb-width-large:25%;--awb-margin-top-large:0px;--awb-spacing-right-large:7.68%;--awb-margin-bottom-large:20px;--awb-spacing-left-large:7.68%;--awb-width-medium:25%;--awb-order-medium:0;--awb-spacing-right-medium:7.68%;--awb-spacing-left-medium:7.68%;--awb-width-small:100%;--awb-order-small:0;--awb-spacing-right-small:1.92%;--awb-spacing-left-small:1.92%;\"><div class=\"fusion-column-wrapper fusion-column-has-shadow fusion-flex-justify-content-flex-start fusion-content-layout-column\"><div class=\"fusion-image-element \" style=\"--awb-caption-title-font-family:var(--h2_typography-font-family);--awb-caption-title-font-weight:var(--h2_typography-font-weight);--awb-caption-title-font-style:var(--h2_typography-font-style);--awb-caption-title-size:var(--h2_typography-font-size);--awb-caption-title-transform:var(--h2_typography-text-transform);--awb-caption-title-line-height:var(--h2_typography-line-height);--awb-caption-title-letter-spacing:var(--h2_typography-letter-spacing);\"><span class=\" fusion-imageframe imageframe-none imageframe-1 hover-type-none\"><a class=\"fusion-no-lightbox\" href=\"https:\/\/www.academiapsicologia.com\/wp-content\/uploads\/2025\/02\/Ignacio-Morgado-Bernal.jpg\" target=\"_blank\" aria-label=\"Ignacio Morgado Bernal\" rel=\"noopener noreferrer\"><img decoding=\"async\" width=\"226\" height=\"300\" src=\"https:\/\/www.academiapsicologia.com\/wp-content\/uploads\/2025\/02\/Ignacio-Morgado-Bernal-226x300.jpg\" alt class=\"img-responsive wp-image-3140\" srcset=\"https:\/\/www.academiapsicologia.com\/wp-content\/uploads\/2025\/02\/Ignacio-Morgado-Bernal-200x266.jpg 200w, https:\/\/www.academiapsicologia.com\/wp-content\/uploads\/2025\/02\/Ignacio-Morgado-Bernal.jpg 301w\" sizes=\"(max-width: 640px) 100vw, 226px\" \/><\/a><\/span><\/div><\/div><\/div><div class=\"fusion-layout-column fusion_builder_column fusion-builder-column-2 fusion_builder_column_3_4 3_4 fusion-flex-column\" style=\"--awb-bg-size:cover;--awb-width-large:75%;--awb-margin-top-large:0px;--awb-spacing-right-large:2.56%;--awb-margin-bottom-large:20px;--awb-spacing-left-large:2.56%;--awb-width-medium:75%;--awb-order-medium:0;--awb-spacing-right-medium:2.56%;--awb-spacing-left-medium:2.56%;--awb-width-small:100%;--awb-order-small:0;--awb-spacing-right-small:1.92%;--awb-spacing-left-small:1.92%;\"><div class=\"fusion-column-wrapper fusion-column-has-shadow fusion-flex-justify-content-flex-start fusion-content-layout-column\"><div class=\"fusion-text fusion-text-1\" style=\"--awb-text-transform:none;\"><\/div><div class=\"fusion-text fusion-text-2\"><div align=\"justify\">\n<p>Es catedr\u00e1tico em\u00e9rito de Psicobiolog\u00eda en la Universidad Aut\u00f3noma de Barcelona y miembro numerario de la Academia de Psicolog\u00eda de Espa\u00f1a. Ha realizado estudios y trabajos de investigaci\u00f3n en las universidades del Ruhr (Alemania), de Oxford (Reino Unido) y en el Instituto Tecnol\u00f3gico de California (Caltech, EE. UU.).<\/p>\n<p>Ha sido decano fundador de la Facultad de Psicolog\u00eda, director del Departamento de Psicobiolog\u00eda y de Metodolog\u00eda de las Ciencias de la Salud, director del Instituto de Neurociencias y director de M\u00e1ster en Psicobiolog\u00eda y Neurociencia Cognitiva, todo ello en la Universidad Aut\u00f3noma de Barcelona. Ha sido miembro de la Sociedad Espa\u00f1ola de Neurociencia (SENC) y del comit\u00e9 ejecutivo de la <em>European Brain and Behaviour Society<\/em> (EBBS).<\/p>\n<p>Durante m\u00e1s de 40 a\u00f1os ha impartido clases de Psicolog\u00eda Fisiol\u00f3gica y formado parte del grupo de investigaci\u00f3n de su universidad sobre <em>Potenciaci\u00f3n y recuperaci\u00f3n de la memoria por estimulaci\u00f3n el\u00e9ctrica cerebral en ratas normales y con da\u00f1o cerebral,<\/em> del que ha sido investigador principal en la mayor parte de su historia.<\/p>\n<p>Realiz\u00f3 el trabajo experimental de su tesis doctoral en la Universidad del Ruhr, Alemania, sobre autoestimulaci\u00f3n el\u00e9ctrica intracraneal en ratas, t\u00e9cnica que implant\u00f3 y desarroll\u00f3 en el laboratorio de psicobiolog\u00eda de la Universidad Aut\u00f3noma de Barcelona del que fue pionero y propulsor, siendo uno de los primeros laboratorios espa\u00f1oles de su especialidad en incluir t\u00e9cnicas electrofisiol\u00f3gicas, fabricaci\u00f3n e implantaci\u00f3n de electrodos intracraneales, cirug\u00eda estereot\u00e1xica y an\u00e1lisis histol\u00f3gico cerebral post-morten, adem\u00e1s de numerosas t\u00e9cnicas de evaluaci\u00f3n conductual en ratas. Su principal objetivo experimental en ese laboratorio durante m\u00e1s de 40 a\u00f1os ha sido la facilitaci\u00f3n del aprendizaje y la memoria por estimulaci\u00f3n el\u00e9ctrica de \u00e1reas cerebrales de la recompensa y el placer en ratas normales y con da\u00f1o cerebral.<\/p>\n<p>En su laboratorio se han formado decenas de investigadores nacionales e internacionales. Muchos de ellos, hombres y mujeres, hoy son profesores titulares o catedr\u00e1ticos de la especialidad de psicobiolog\u00eda en la propia Universidad Aut\u00f3noma de Barcelona y en otras universidades espa\u00f1olas o hispanoamericanas.<\/p>\n<p>Ignacio Morgado ha dirigido o codirigido una treintena de tesis doctorales y proyectos de fin de carrera. Es autor de un centenar de trabajos sobre psicobiolog\u00eda y neurociencia cognitiva, publicados en revistas y libros nacionales e internacionales. Tiene comunicaciones en forma de posters y orales en una treintena de congresos nacionales e internacionales. Ha sido autor del blog <em>En las entra\u00f1as de la mente<\/em> (en Investigaci\u00f3n y Ciencia, la edici\u00f3n espa\u00f1ola de Scientific American) y tiene un espacio propio (<em>Materia Gris<\/em>) en el diario El Pa\u00eds, donde, desde hace a\u00f1os publica regularmente art\u00edculos de divulgaci\u00f3n actualizada en psicobiolog\u00eda y neurociencia cognitiva. Ha publicado tambi\u00e9n art\u00edculos cient\u00edficos y de opini\u00f3n en otros diarios espa\u00f1oles como, El Mundo y La Vanguardia, y en revistas culturales como Claves de la Raz\u00f3n Pr\u00e1ctica o la Revista del Consejo Escolar del Estado.<\/p>\n<p>Durante su periplo acad\u00e9mico ha impartido conferencias y cursos de psicobiolog\u00eda y neurociencia en casi todos los pa\u00edses de Hispanoam\u00e9rica (M\u00e9xico, Costa Rica, Cuba, Puerto Rico, Colombia, Ecuador, Per\u00fa, Paraguay y Uruguay) y en Brasil, por lo que recientemente ha recibido la distinci\u00f3n de Miembro de Honor de la Red Iberoamericana de Neurociencia Cognitiva.<\/p>\n<p>Premio Extraordinario de Licenciatura (1976), Premio de la Sociedad Espa\u00f1ola de Psicolog\u00eda (1982, tesis doctoral), Premio Divulga del Museo de la Ciencia de Barcelona (1985), Premio Cient\u00edfico Profesional del Colegio Oficial de Psic\u00f3logos de Andaluc\u00eda Oriental (2001), Premio Atlas de art\u00edculos de divulgaci\u00f3n sobre Neurociencias (2014), Premio Ram\u00f3n Bay\u00e9s de la Societat Catalano-balear de Psicolog\u00eda a la mejor trayectoria profesional (2016) y Colegiado de Honor del Col.legi Oficial de Psicologia de Catalu\u00f1a (2019).<\/p>\n<p>Ha realizado asesor\u00edas cient\u00edficas para Editorial Ariel (Grupo Planeta) y CosmoCaixa de Barcelona.<\/p>\n<p>Durante varios a\u00f1os ha tenido tambi\u00e9n una actividad relevante como Miembro de la Comisi\u00f3n Evaluadora de Ciencias Sociales y Jur\u00eddicas de la Agencia Nacional de Evaluaci\u00f3n de la Calidad y la Acreditaci\u00f3n (ANECA) del Ministerio de Educaci\u00f3n y Ciencia y como miembro y presidente de la Comisi\u00f3n Nacional Evaluadora de la Actividad Investigadora (CNEAI).<\/p>\n<p>Sus principales obras de divulgaci\u00f3n cient\u00edfica, adem\u00e1s de sus numerosos art\u00edculos en diarios nacionales, son <em>Emociones e Inteligencia Social: Las claves para una alianza entre los sentimientos y la raz\u00f3n<\/em> (Ariel, 2007), <em>C\u00f3mo percibimos el mundo: una exploraci\u00f3n de la mente y los sentidos<\/em> (Ariel, 2012), <em>Aprender, recordar y olvidar: claves cerebrales de la memoria y la educaci\u00f3n<\/em> (Ariel, 2014 y 2024), <em>La f\u00e1brica de las ilusiones: Conocernos m\u00e1s para ser mejores<\/em> (Ariel, 2015), <em>Emociones corrosivas: C\u00f3mo afrontar la envidia, la codicia, la culpabilidad y la verg\u00fcenza, el odio y la vanidad<\/em> (Ariel, 2017). <em>Deseo y Placer: La ciencia de las motivaciones<\/em> (Ariel, 2019). <em>Materia Gris: La apasionante historia del conocimiento del cerebro <\/em>(Ariel, 2021) y <em>El cerebro y la mente humana: C\u00f3mo son y c\u00f3mo funcionan<\/em> (Ariel 2023).<\/p>\n<\/div>\n<\/div><\/div><\/div><\/div><\/div><\/p>\n","protected":false},"excerpt":{"rendered":"","protected":false},"author":1,"featured_media":0,"comment_status":"closed","ping_status":"open","sticky":false,"template":"","format":"standard","meta":{"footnotes":""},"categories":[11],"tags":[],"class_list":["post-2839","post","type-post","status-publish","format-standard","hentry","category-academicos"],"_links":{"self":[{"href":"https:\/\/www.academiapsicologia.com\/index.php\/wp-json\/wp\/v2\/posts\/2839","targetHints":{"allow":["GET"]}}],"collection":[{"href":"https:\/\/www.academiapsicologia.com\/index.php\/wp-json\/wp\/v2\/posts"}],"about":[{"href":"https:\/\/www.academiapsicologia.com\/index.php\/wp-json\/wp\/v2\/types\/post"}],"author":[{"embeddable":true,"href":"https:\/\/www.academiapsicologia.com\/index.php\/wp-json\/wp\/v2\/users\/1"}],"replies":[{"embeddable":true,"href":"https:\/\/www.academiapsicologia.com\/index.php\/wp-json\/wp\/v2\/comments?post=2839"}],"version-history":[{"count":3,"href":"https:\/\/www.academiapsicologia.com\/index.php\/wp-json\/wp\/v2\/posts\/2839\/revisions"}],"predecessor-version":[{"id":3142,"href":"https:\/\/www.academiapsicologia.com\/index.php\/wp-json\/wp\/v2\/posts\/2839\/revisions\/3142"}],"wp:attachment":[{"href":"https:\/\/www.academiapsicologia.com\/index.php\/wp-json\/wp\/v2\/media?parent=2839"}],"wp:term":[{"taxonomy":"category","embeddable":true,"href":"https:\/\/www.academiapsicologia.com\/index.php\/wp-json\/wp\/v2\/categories?post=2839"},{"taxonomy":"post_tag","embeddable":true,"href":"https:\/\/www.academiapsicologia.com\/index.php\/wp-json\/wp\/v2\/tags?post=2839"}],"curies":[{"name":"wp","href":"https:\/\/api.w.org\/{rel}","templated":true}]}}