{"id":2957,"date":"2024-12-31T12:04:03","date_gmt":"2024-12-31T11:04:03","guid":{"rendered":"https:\/\/www.academiapsicologia.com\/?p=2957"},"modified":"2024-12-31T12:07:26","modified_gmt":"2024-12-31T11:07:26","slug":"la-recomendacion-de-una-psicologa-para-no-sucumbir-emocionalmente-a-la-navidad-no-hay-que-hacer-nada-por-obligacion","status":"publish","type":"post","link":"https:\/\/www.academiapsicologia.com\/index.php\/2024\/12\/31\/la-recomendacion-de-una-psicologa-para-no-sucumbir-emocionalmente-a-la-navidad-no-hay-que-hacer-nada-por-obligacion\/","title":{"rendered":"La recomendaci\u00f3n de una psic\u00f3loga para no sucumbir emocionalmente a la Navidad: \u00abNo hay que hacer nada por obligaci\u00f3n\u00bb"},"content":{"rendered":"<div align=\"justify\">\n<blockquote>\n<h4><strong>Pablo Tall\u00f3n entrevista a Mar\u00eda Paz Garc\u00eda Vera, catedr\u00e1tica de Psicolog\u00eda de la Universidad Complutense de Madrid<\/strong><\/h4>\n<\/blockquote>\n<p>Estas fechas son tiempos de muchos encuentros familiares, de exaltaci\u00f3n de la ilusi\u00f3n y la felicidad. A final de a\u00f1o, se suelen hacer tambi\u00e9n balances personales, emocionales, y no siempre se llega en el mejor estado de \u00e1nimo. Por lo que sea, porque se ha perdido un empleo, o por una ruptura, porque se ha muerto un ser querido, o una mascota, porque llevas un tiempo con ansiedad porque te ahoga el alquiler o sencillamente porque todo te ha estado saliendo mal \u00faltimamente. \u00bfHay herramientas para saber gestionar una \u00e9poca as\u00ed mientras uno est\u00e1 atravesando alguno de estos puntos? En &#8216;Hora 25&#8217;, se lo preguntamos a Mar\u00eda Paz Garc\u00eda Vera, catedr\u00e1tica de Psicolog\u00eda de la Universidad Complutense de Madrid y acad\u00e9mica de N\u00famero de la Academia de Psicolog\u00eda de Espa\u00f1a.<\/p>\n<p>Para la psic\u00f3loga, las Navidades son una gran oportunidad para encontrar peque\u00f1os momentos reconfortantes: \u00abHay muchas cosas que facilitan que estemos alegres. Desde esos d\u00edas de vacaciones tan esperados y tan queridos por todos, hasta esos peque\u00f1os detalles de amabilidad que hacemos ahora y que nos dan alegr\u00eda a nosotros y a otras personas\u00bb, ha reflexionado en &#8216;Hora 25&#8217;. Sobre estar tristes en estas fechas, la psic\u00f3loga ha sido muy pr\u00e1ctica: \u00abLo primero que debemos pensar es si realmente es una tristeza que tiene sentido para nosotros. A lo mejor no tiene sentido estar toda la semana triste porque uno no ha podido hacer un viaje que quer\u00eda hacer\u00bb, ha sentenciado Garc\u00eda Vera.<\/p>\n<p>En esta \u00e9poca tambi\u00e9n es com\u00fan hacer un balance del a\u00f1o y valorar qu\u00e9 prop\u00f3sitos se han conseguido y cu\u00e1les se han quedado en el tintero. Algo para lo que, insiste la psic\u00f3loga, hay que \u00abcargarse de amabilidad hacia uno mismo\u00bb e intentar no caer en las comparaciones. \u00abA veces realmente no es tan f\u00e1cil, \u00bfno? Hay que ajustar un poco las expectativas y proponerse cosas para el nuevo per\u00edodo\u00bb, ha reflexionado Garc\u00eda Vera.<\/p>\n<p>La psic\u00f3loga ha recomendado esforzarse para salir de casa en estas fechas: \u00abTenemos que pensar en cosas que nos dan pereza, que no nos apetecen. A veces, cuando no las hacemos, nos perdemos cosas. Y luego a lo mejor resulta que se deciden a celebrarlo y al final se van contentos y diciendo: bueno, pues mira qu\u00e9 bien hemos estado juntos\u00bb, ha concluido.<\/p>\n<div align=\"center\"><div class=\"fusion-button-wrapper\"><a class=\"fusion-button button-flat fusion-button-default-size button-custom fusion-button-default button-1 fusion-button-default-span fusion-button-default-type\" style=\"--button_bevel_color:#8a5e9e;--button_accent_color:#ffffff;--button_accent_hover_color:#ffffff;--button_border_hover_color:#ffffff;--button_gradient_top_color:#b67cd1;--button_gradient_bottom_color:#b67cd1;--button_gradient_top_color_hover:#b67cd1;--button_gradient_bottom_color_hover:#b67cd1;\" target=\"_blank\" rel=\"noopener noreferrer\" href=\"https:\/\/cadenaser.com\/nacional\/2024\/12\/30\/la-recomendacion-de-una-psicologa-para-no-sucumbir-emocionalmente-a-la-navidad-no-hay-que-hacer-nada-por-obligacion-cadena-ser\/\"><i class=\"fa-assistive-listening-systems fas button-icon-left\" aria-hidden=\"true\"><\/i><span class=\"fusion-button-text\">Escuchar Entrevista<\/span><\/a><\/div><\/div>\n<\/div>\n","protected":false},"excerpt":{"rendered":"<p>Pablo Tall\u00f3n entrevista a Mar\u00eda Paz Garc\u00eda Vera, catedr\u00e1tica de  [&#8230;]<\/p>\n","protected":false},"author":1,"featured_media":2956,"comment_status":"closed","ping_status":"open","sticky":false,"template":"","format":"standard","meta":{"footnotes":""},"categories":[6],"tags":[],"class_list":["post-2957","post","type-post","status-publish","format-standard","has-post-thumbnail","hentry","category-noticias"],"_links":{"self":[{"href":"https:\/\/www.academiapsicologia.com\/index.php\/wp-json\/wp\/v2\/posts\/2957","targetHints":{"allow":["GET"]}}],"collection":[{"href":"https:\/\/www.academiapsicologia.com\/index.php\/wp-json\/wp\/v2\/posts"}],"about":[{"href":"https:\/\/www.academiapsicologia.com\/index.php\/wp-json\/wp\/v2\/types\/post"}],"author":[{"embeddable":true,"href":"https:\/\/www.academiapsicologia.com\/index.php\/wp-json\/wp\/v2\/users\/1"}],"replies":[{"embeddable":true,"href":"https:\/\/www.academiapsicologia.com\/index.php\/wp-json\/wp\/v2\/comments?post=2957"}],"version-history":[{"count":6,"href":"https:\/\/www.academiapsicologia.com\/index.php\/wp-json\/wp\/v2\/posts\/2957\/revisions"}],"predecessor-version":[{"id":2961,"href":"https:\/\/www.academiapsicologia.com\/index.php\/wp-json\/wp\/v2\/posts\/2957\/revisions\/2961"}],"wp:featuredmedia":[{"embeddable":true,"href":"https:\/\/www.academiapsicologia.com\/index.php\/wp-json\/wp\/v2\/media\/2956"}],"wp:attachment":[{"href":"https:\/\/www.academiapsicologia.com\/index.php\/wp-json\/wp\/v2\/media?parent=2957"}],"wp:term":[{"taxonomy":"category","embeddable":true,"href":"https:\/\/www.academiapsicologia.com\/index.php\/wp-json\/wp\/v2\/categories?post=2957"},{"taxonomy":"post_tag","embeddable":true,"href":"https:\/\/www.academiapsicologia.com\/index.php\/wp-json\/wp\/v2\/tags?post=2957"}],"curies":[{"name":"wp","href":"https:\/\/api.w.org\/{rel}","templated":true}]}}