{"id":2966,"date":"2025-01-03T13:44:03","date_gmt":"2025-01-03T12:44:03","guid":{"rendered":"https:\/\/www.academiapsicologia.com\/?p=2966"},"modified":"2025-01-03T13:44:03","modified_gmt":"2025-01-03T12:44:03","slug":"la-academica-araceli-macia-anton-recibe-el-premio-nacional-de-psicologia-jose-luis-pinillos-2024","status":"publish","type":"post","link":"https:\/\/www.academiapsicologia.com\/index.php\/2025\/01\/03\/la-academica-araceli-macia-anton-recibe-el-premio-nacional-de-psicologia-jose-luis-pinillos-2024\/","title":{"rendered":"La Acad\u00e9mica Araceli Maci\u00e1 Ant\u00f3n recibe el Premio Nacional de Psicolog\u00eda Jos\u00e9 Luis Pinillos 2024"},"content":{"rendered":"<div align=\"justify\">\n<p><a href=\"https:\/\/www.academiapsicologia.com\/wp-content\/uploads\/2025\/01\/Araceli-Macia-Anton-recibe-el-Premio-Nacional-de-Psicologia-Jose-Luis-Pinillos-2024.jpg\" target=\"_blank\" rel=\"noopener\"><img decoding=\"async\" class=\"alignleft wp-image-2964\" src=\"https:\/\/www.academiapsicologia.com\/wp-content\/uploads\/2025\/01\/Araceli-Macia-Anton-recibe-el-Premio-Nacional-de-Psicologia-Jose-Luis-Pinillos-2024-300x213.jpg\" alt=\"\" width=\"450\" height=\"319\" srcset=\"https:\/\/www.academiapsicologia.com\/wp-content\/uploads\/2025\/01\/Araceli-Macia-Anton-recibe-el-Premio-Nacional-de-Psicologia-Jose-Luis-Pinillos-2024-200x142.jpg 200w, https:\/\/www.academiapsicologia.com\/wp-content\/uploads\/2025\/01\/Araceli-Macia-Anton-recibe-el-Premio-Nacional-de-Psicologia-Jose-Luis-Pinillos-2024-300x214.jpg 300w, https:\/\/www.academiapsicologia.com\/wp-content\/uploads\/2025\/01\/Araceli-Macia-Anton-recibe-el-Premio-Nacional-de-Psicologia-Jose-Luis-Pinillos-2024-400x284.jpg 400w, https:\/\/www.academiapsicologia.com\/wp-content\/uploads\/2025\/01\/Araceli-Macia-Anton-recibe-el-Premio-Nacional-de-Psicologia-Jose-Luis-Pinillos-2024-600x426.jpg 600w, https:\/\/www.academiapsicologia.com\/wp-content\/uploads\/2025\/01\/Araceli-Macia-Anton-recibe-el-Premio-Nacional-de-Psicologia-Jose-Luis-Pinillos-2024-768x545.jpg 768w, https:\/\/www.academiapsicologia.com\/wp-content\/uploads\/2025\/01\/Araceli-Macia-Anton-recibe-el-Premio-Nacional-de-Psicologia-Jose-Luis-Pinillos-2024-800x567.jpg 800w, https:\/\/www.academiapsicologia.com\/wp-content\/uploads\/2025\/01\/Araceli-Macia-Anton-recibe-el-Premio-Nacional-de-Psicologia-Jose-Luis-Pinillos-2024-1024x726.jpg 1024w, https:\/\/www.academiapsicologia.com\/wp-content\/uploads\/2025\/01\/Araceli-Macia-Anton-recibe-el-Premio-Nacional-de-Psicologia-Jose-Luis-Pinillos-2024-1200x851.jpg 1200w, https:\/\/www.academiapsicologia.com\/wp-content\/uploads\/2025\/01\/Araceli-Macia-Anton-recibe-el-Premio-Nacional-de-Psicologia-Jose-Luis-Pinillos-2024.jpg 1500w\" sizes=\"(max-width: 450px) 100vw, 450px\" \/><\/a>La Acad\u00e9mica Araceli Maci\u00e1 Ant\u00f3n recibe el <strong>Premio Nacional de Psicolog\u00eda Jos\u00e9 Luis Pinillos 2024<\/strong> a la <strong>Excelencia e Innovaci\u00f3n en Psicolog\u00eda<\/strong>, como <strong>reconocimiento a la trayectoria profesional a lo largo de una vida<\/strong>, otorgado por la Fundaci\u00f3n Espa\u00f1ola para la Promoci\u00f3n y el Desarrollo Cient\u00edfico y Profesional de la Psicolog\u00eda (Psicofundaci\u00f3n).<\/p>\n<p>Enhorabuena por ese merecido premio a una vida dedicada a la Psicolog\u00eda.<\/p>\n<\/div>\n","protected":false},"excerpt":{"rendered":"<p>La Acad\u00e9mica Araceli Maci\u00e1 Ant\u00f3n recibe el Premio Nacional de  [&#8230;]<\/p>\n","protected":false},"author":1,"featured_media":2965,"comment_status":"closed","ping_status":"open","sticky":false,"template":"","format":"standard","meta":{"footnotes":""},"categories":[6],"tags":[],"class_list":["post-2966","post","type-post","status-publish","format-standard","has-post-thumbnail","hentry","category-noticias"],"_links":{"self":[{"href":"https:\/\/www.academiapsicologia.com\/index.php\/wp-json\/wp\/v2\/posts\/2966","targetHints":{"allow":["GET"]}}],"collection":[{"href":"https:\/\/www.academiapsicologia.com\/index.php\/wp-json\/wp\/v2\/posts"}],"about":[{"href":"https:\/\/www.academiapsicologia.com\/index.php\/wp-json\/wp\/v2\/types\/post"}],"author":[{"embeddable":true,"href":"https:\/\/www.academiapsicologia.com\/index.php\/wp-json\/wp\/v2\/users\/1"}],"replies":[{"embeddable":true,"href":"https:\/\/www.academiapsicologia.com\/index.php\/wp-json\/wp\/v2\/comments?post=2966"}],"version-history":[{"count":3,"href":"https:\/\/www.academiapsicologia.com\/index.php\/wp-json\/wp\/v2\/posts\/2966\/revisions"}],"predecessor-version":[{"id":2969,"href":"https:\/\/www.academiapsicologia.com\/index.php\/wp-json\/wp\/v2\/posts\/2966\/revisions\/2969"}],"wp:featuredmedia":[{"embeddable":true,"href":"https:\/\/www.academiapsicologia.com\/index.php\/wp-json\/wp\/v2\/media\/2965"}],"wp:attachment":[{"href":"https:\/\/www.academiapsicologia.com\/index.php\/wp-json\/wp\/v2\/media?parent=2966"}],"wp:term":[{"taxonomy":"category","embeddable":true,"href":"https:\/\/www.academiapsicologia.com\/index.php\/wp-json\/wp\/v2\/categories?post=2966"},{"taxonomy":"post_tag","embeddable":true,"href":"https:\/\/www.academiapsicologia.com\/index.php\/wp-json\/wp\/v2\/tags?post=2966"}],"curies":[{"name":"wp","href":"https:\/\/api.w.org\/{rel}","templated":true}]}}