{"id":307,"date":"2017-01-12T19:34:10","date_gmt":"2017-01-12T18:34:10","guid":{"rendered":"https:\/\/www.academiapsicologia.com\/?p=307"},"modified":"2021-02-08T19:48:01","modified_gmt":"2021-02-08T18:48:01","slug":"audiencia-en-la-casa-real-a-la-junta-de-gobierno-de-la-academia-de-psicologia-de-espana","status":"publish","type":"post","link":"https:\/\/www.academiapsicologia.com\/index.php\/2017\/01\/12\/audiencia-en-la-casa-real-a-la-junta-de-gobierno-de-la-academia-de-psicologia-de-espana\/","title":{"rendered":"Audiencia en la Casa Real a la Junta de Gobierno de la Academia de Psicolog\u00eda de Espa\u00f1a"},"content":{"rendered":"<h4><strong>Su Majestad el Rey recibi\u00f3 en el Palacio de La Zarzuela a la Junta de Gobierno de la Academia de Psicolog\u00eda de Espa\u00f1a con motivo de su reciente creaci\u00f3n.<\/strong><\/h4>\n<div align=\"justify\">\n<p><a href=\"https:\/\/www.academiapsicologia.com\/wp-content\/uploads\/2021\/02\/Audiencia-en-la-Casa-Real-a-la-Junta-de-Gobierno-de-la-Academia-de-Psicologia-de-Espana-02.jpg\" target=\"_blank\" rel=\"noopener\"><img decoding=\"async\" class=\"alignleft wp-image-309\" src=\"https:\/\/www.academiapsicologia.com\/wp-content\/uploads\/2021\/02\/Audiencia-en-la-Casa-Real-a-la-Junta-de-Gobierno-de-la-Academia-de-Psicologia-de-Espana-02-300x200.jpg\" alt=\"\" width=\"550\" height=\"367\" srcset=\"https:\/\/www.academiapsicologia.com\/wp-content\/uploads\/2021\/02\/Audiencia-en-la-Casa-Real-a-la-Junta-de-Gobierno-de-la-Academia-de-Psicologia-de-Espana-02-200x134.jpg 200w, https:\/\/www.academiapsicologia.com\/wp-content\/uploads\/2021\/02\/Audiencia-en-la-Casa-Real-a-la-Junta-de-Gobierno-de-la-Academia-de-Psicologia-de-Espana-02-300x200.jpg 300w, https:\/\/www.academiapsicologia.com\/wp-content\/uploads\/2021\/02\/Audiencia-en-la-Casa-Real-a-la-Junta-de-Gobierno-de-la-Academia-de-Psicologia-de-Espana-02-400x267.jpg 400w, https:\/\/www.academiapsicologia.com\/wp-content\/uploads\/2021\/02\/Audiencia-en-la-Casa-Real-a-la-Junta-de-Gobierno-de-la-Academia-de-Psicologia-de-Espana-02-600x401.jpg 600w, https:\/\/www.academiapsicologia.com\/wp-content\/uploads\/2021\/02\/Audiencia-en-la-Casa-Real-a-la-Junta-de-Gobierno-de-la-Academia-de-Psicologia-de-Espana-02-768x513.jpg 768w, https:\/\/www.academiapsicologia.com\/wp-content\/uploads\/2021\/02\/Audiencia-en-la-Casa-Real-a-la-Junta-de-Gobierno-de-la-Academia-de-Psicologia-de-Espana-02-800x534.jpg 800w, https:\/\/www.academiapsicologia.com\/wp-content\/uploads\/2021\/02\/Audiencia-en-la-Casa-Real-a-la-Junta-de-Gobierno-de-la-Academia-de-Psicologia-de-Espana-02-1024x684.jpg 1024w, https:\/\/www.academiapsicologia.com\/wp-content\/uploads\/2021\/02\/Audiencia-en-la-Casa-Real-a-la-Junta-de-Gobierno-de-la-Academia-de-Psicologia-de-Espana-02-1200x801.jpg 1200w, https:\/\/www.academiapsicologia.com\/wp-content\/uploads\/2021\/02\/Audiencia-en-la-Casa-Real-a-la-Junta-de-Gobierno-de-la-Academia-de-Psicologia-de-Espana-02.jpg 1400w\" sizes=\"(max-width: 550px) 100vw, 550px\" \/><\/a>Tras varios a\u00f1os de labor de una comisi\u00f3n promotora, se aprob\u00f3 la creaci\u00f3n la Academia de Psicolog\u00eda de Espa\u00f1a mediante el Real Decreto 378\/2015, de 14 de mayo, a propuesta del Ministerio de Educaci\u00f3n Cultura y Deporte, previo informe del Instituto de Espa\u00f1a y de la Real Academia de Ciencias Morales y Pol\u00edticas, como Academia de \u00e1mbito nacional m\u00e1s directamente relacionada con la materia.<\/p>\n<p>Seg\u00fan recogen sus estatutos, la Academia de Psicolog\u00eda de Espa\u00f1a tiene como misi\u00f3n general la consecuci\u00f3n, promoci\u00f3n y mantenimiento del m\u00e1s alto nivel cient\u00edfico, cultural y social en la Psicolog\u00eda, as\u00ed como el impulso de su pr\u00e1ctica en beneficio de los individuos y la sociedad.<\/p>\n<p>Estar\u00e1 conformada por cincuenta acad\u00e9micos de n\u00famero, as\u00ed como por acad\u00e9micos de honor, supernumerarios y correspondientes. Para ser miembro de la Academia se requiere haber realizado aportaciones de destacada importancia en materias te\u00f3ricas o aplicadas vinculadas a la Psicolog\u00eda que est\u00e9n reflejadas en publicaciones del pertinente nivel o haber demostrado excepcional competencia para lograr avances significativos en el \u00e1mbito aplicado de la Psicolog\u00eda, en cualquiera de sus diversos campos y en su progresivo desarrollo.<\/p>\n<\/div>\n<p>&nbsp;<\/p>\n<div align=\"center\"><iframe src=\"https:\/\/www.youtube.com\/embed\/jP5pJTAVdyY\" width=\"560\" height=\"315\" frameborder=\"0\" allowfullscreen=\"allowfullscreen\"><\/iframe><\/div>\n","protected":false},"excerpt":{"rendered":"<p>Su Majestad el Rey recibi\u00f3 en el Palacio de La  [&#8230;]<\/p>\n","protected":false},"author":1,"featured_media":311,"comment_status":"closed","ping_status":"open","sticky":false,"template":"","format":"standard","meta":{"footnotes":""},"categories":[6],"tags":[],"class_list":["post-307","post","type-post","status-publish","format-standard","has-post-thumbnail","hentry","category-noticias"],"_links":{"self":[{"href":"https:\/\/www.academiapsicologia.com\/index.php\/wp-json\/wp\/v2\/posts\/307","targetHints":{"allow":["GET"]}}],"collection":[{"href":"https:\/\/www.academiapsicologia.com\/index.php\/wp-json\/wp\/v2\/posts"}],"about":[{"href":"https:\/\/www.academiapsicologia.com\/index.php\/wp-json\/wp\/v2\/types\/post"}],"author":[{"embeddable":true,"href":"https:\/\/www.academiapsicologia.com\/index.php\/wp-json\/wp\/v2\/users\/1"}],"replies":[{"embeddable":true,"href":"https:\/\/www.academiapsicologia.com\/index.php\/wp-json\/wp\/v2\/comments?post=307"}],"version-history":[{"count":3,"href":"https:\/\/www.academiapsicologia.com\/index.php\/wp-json\/wp\/v2\/posts\/307\/revisions"}],"predecessor-version":[{"id":312,"href":"https:\/\/www.academiapsicologia.com\/index.php\/wp-json\/wp\/v2\/posts\/307\/revisions\/312"}],"wp:featuredmedia":[{"embeddable":true,"href":"https:\/\/www.academiapsicologia.com\/index.php\/wp-json\/wp\/v2\/media\/311"}],"wp:attachment":[{"href":"https:\/\/www.academiapsicologia.com\/index.php\/wp-json\/wp\/v2\/media?parent=307"}],"wp:term":[{"taxonomy":"category","embeddable":true,"href":"https:\/\/www.academiapsicologia.com\/index.php\/wp-json\/wp\/v2\/categories?post=307"},{"taxonomy":"post_tag","embeddable":true,"href":"https:\/\/www.academiapsicologia.com\/index.php\/wp-json\/wp\/v2\/tags?post=307"}],"curies":[{"name":"wp","href":"https:\/\/api.w.org\/{rel}","templated":true}]}}