{"id":3393,"date":"2025-09-15T13:17:25","date_gmt":"2025-09-15T11:17:25","guid":{"rendered":"https:\/\/www.academiapsicologia.com\/?p=3393"},"modified":"2025-09-15T13:17:25","modified_gmt":"2025-09-15T11:17:25","slug":"sylvia-sastre-riba","status":"publish","type":"post","link":"https:\/\/www.academiapsicologia.com\/index.php\/2025\/09\/15\/sylvia-sastre-riba\/","title":{"rendered":"Excma. Sra. D\u00aa. Sylvia Sastre-Riba"},"content":{"rendered":"<p><div class=\"fusion-fullwidth fullwidth-box fusion-builder-row-1 fusion-flex-container nonhundred-percent-fullwidth non-hundred-percent-height-scrolling\" style=\"--awb-border-radius-top-left:0px;--awb-border-radius-top-right:0px;--awb-border-radius-bottom-right:0px;--awb-border-radius-bottom-left:0px;--awb-flex-wrap:wrap;\" ><div class=\"fusion-builder-row fusion-row fusion-flex-align-items-flex-start fusion-flex-content-wrap\" style=\"max-width:1248px;margin-left: calc(-4% \/ 2 );margin-right: calc(-4% \/ 2 );\"><div class=\"fusion-layout-column fusion_builder_column fusion-builder-column-0 fusion_builder_column_1_1 1_1 fusion-flex-column\" style=\"--awb-bg-size:cover;--awb-width-large:100%;--awb-margin-top-large:0px;--awb-spacing-right-large:1.92%;--awb-margin-bottom-large:20px;--awb-spacing-left-large:1.92%;--awb-width-medium:100%;--awb-order-medium:0;--awb-spacing-right-medium:1.92%;--awb-spacing-left-medium:1.92%;--awb-width-small:100%;--awb-order-small:0;--awb-spacing-right-small:1.92%;--awb-spacing-left-small:1.92%;\"><div class=\"fusion-column-wrapper fusion-column-has-shadow fusion-flex-justify-content-flex-start fusion-content-layout-column\"><ul style=\"--awb-line-height:27.2px;--awb-icon-width:27.2px;--awb-icon-height:27.2px;--awb-icon-margin:11.2px;--awb-content-margin:38.4px;--awb-circlecolor:#b67cd1;--awb-circle-yes-font-size:14.08px;\" class=\"fusion-checklist fusion-checklist-1 fusion-checklist-default type-icons\"><li class=\"fusion-li-item\" style=\"\"><span class=\"icon-wrapper circle-yes\"><i class=\"fusion-li-icon fa-calendar-alt fas\" aria-hidden=\"true\"><\/i><\/span><div class=\"fusion-li-item-content\">\n<p><strong>11 de septiembre de 2025<\/strong><\/p>\n<\/div><\/li><li class=\"fusion-li-item\" style=\"\"><span class=\"icon-wrapper circle-yes\"><i class=\"fusion-li-icon fa-medal fas\" aria-hidden=\"true\"><\/i><\/span><div class=\"fusion-li-item-content\">\n<p><strong>Medalla N\u00ba 46<\/strong><\/p>\n<\/div><\/li><\/ul><\/div><\/div><\/div><\/div><div class=\"fusion-fullwidth fullwidth-box fusion-builder-row-2 fusion-flex-container nonhundred-percent-fullwidth non-hundred-percent-height-scrolling\" style=\"--awb-border-radius-top-left:0px;--awb-border-radius-top-right:0px;--awb-border-radius-bottom-right:0px;--awb-border-radius-bottom-left:0px;--awb-flex-wrap:wrap;\" ><div class=\"fusion-builder-row fusion-row fusion-flex-align-items-flex-start fusion-flex-content-wrap\" style=\"max-width:1248px;margin-left: calc(-4% \/ 2 );margin-right: calc(-4% \/ 2 );\"><div class=\"fusion-layout-column fusion_builder_column fusion-builder-column-1 fusion_builder_column_1_4 1_4 fusion-flex-column\" style=\"--awb-bg-size:cover;--awb-width-large:25%;--awb-margin-top-large:0px;--awb-spacing-right-large:7.68%;--awb-margin-bottom-large:20px;--awb-spacing-left-large:7.68%;--awb-width-medium:25%;--awb-order-medium:0;--awb-spacing-right-medium:7.68%;--awb-spacing-left-medium:7.68%;--awb-width-small:100%;--awb-order-small:0;--awb-spacing-right-small:1.92%;--awb-spacing-left-small:1.92%;\"><div class=\"fusion-column-wrapper fusion-column-has-shadow fusion-flex-justify-content-flex-start fusion-content-layout-column\"><div class=\"fusion-image-element \" style=\"--awb-caption-title-font-family:var(--h2_typography-font-family);--awb-caption-title-font-weight:var(--h2_typography-font-weight);--awb-caption-title-font-style:var(--h2_typography-font-style);--awb-caption-title-size:var(--h2_typography-font-size);--awb-caption-title-transform:var(--h2_typography-text-transform);--awb-caption-title-line-height:var(--h2_typography-line-height);--awb-caption-title-letter-spacing:var(--h2_typography-letter-spacing);\"><span class=\" fusion-imageframe imageframe-none imageframe-1 hover-type-none\"><a class=\"fusion-no-lightbox\" href=\"https:\/\/www.academiapsicologia.com\/wp-content\/uploads\/2025\/09\/Sylvia-Sastre-Riba.jpg\" target=\"_blank\" aria-label=\"Sylvia Sastre-Riba\" rel=\"noopener noreferrer\"><img decoding=\"async\" width=\"238\" height=\"300\" src=\"https:\/\/www.academiapsicologia.com\/wp-content\/uploads\/2025\/09\/Sylvia-Sastre-Riba-238x300.jpg\" alt class=\"img-responsive wp-image-3392\" srcset=\"https:\/\/www.academiapsicologia.com\/wp-content\/uploads\/2025\/09\/Sylvia-Sastre-Riba-200x253.jpg 200w, https:\/\/www.academiapsicologia.com\/wp-content\/uploads\/2025\/09\/Sylvia-Sastre-Riba-400x505.jpg 400w, https:\/\/www.academiapsicologia.com\/wp-content\/uploads\/2025\/09\/Sylvia-Sastre-Riba-600x758.jpg 600w, https:\/\/www.academiapsicologia.com\/wp-content\/uploads\/2025\/09\/Sylvia-Sastre-Riba-800x1011.jpg 800w, https:\/\/www.academiapsicologia.com\/wp-content\/uploads\/2025\/09\/Sylvia-Sastre-Riba.jpg 836w\" sizes=\"(max-width: 640px) 100vw, 400px\" \/><\/a><\/span><\/div><\/div><\/div><div class=\"fusion-layout-column fusion_builder_column fusion-builder-column-2 fusion_builder_column_3_4 3_4 fusion-flex-column\" style=\"--awb-bg-size:cover;--awb-width-large:75%;--awb-margin-top-large:0px;--awb-spacing-right-large:2.56%;--awb-margin-bottom-large:20px;--awb-spacing-left-large:2.56%;--awb-width-medium:75%;--awb-order-medium:0;--awb-spacing-right-medium:2.56%;--awb-spacing-left-medium:2.56%;--awb-width-small:100%;--awb-order-small:0;--awb-spacing-right-small:1.92%;--awb-spacing-left-small:1.92%;\"><div class=\"fusion-column-wrapper fusion-column-has-shadow fusion-flex-justify-content-flex-start fusion-content-layout-column\"><div class=\"fusion-text fusion-text-1\"><div align=\"justify\">\n<p>Doctora en Psicolog\u00eda. Universidad de Barcelona (1990).<\/p>\n<p>Catedr\u00e1tica de Psicolog\u00eda Evolutiva y de la Educaci\u00f3n (Universidad de La Rioja, 1999). Vicerrectora de Relaciones Internacionales e Institucionales de la Universidad de La Rioja (2008-2012), \u00a0Directora del \u00a0Departamento de \u00a0Ciencias de \u00a0la \u00a0Educaci\u00f3n (2006-2008 y 2015- 2019), \u00a0Directora \u00a0del Departamento \u00a0de Ciencias \u00a0Humanas \u00a0y \u00a0Sociales (2001-2006) \u00a0en \u00a0Universidad de La Rioja (UR).<\/p>\n<p>Coordinadora del Programa de Doctorado <em>Psicolog\u00eda y Educaci\u00f3n F\u00edsico-Deportiva <\/em>2002-2018 (UR). Coordinadora del Programa de Doctorado <em>Educaci\u00f3n y Psicolog\u00eda <\/em>desde 2018 (UR). Directora de m\u00e1s de 12 tesis doctorales, alguna con premio extraordinario o menci\u00f3n internacional.<\/p>\n<p>Creadora y Directora (2008-2022) del <em>Programa de Enriquecimiento Extracurricular en La Rioja para alumnos de Altas Capacidades<\/em>. Universidad de La Rioja-Consejer\u00eda de Educaci\u00f3n y Cultura (Gobierno de La Rioja). Directora del <em>Programa de Enriquecimiento Extracurricular en La Rioja para alumnos de Altas Capacidades <\/em>(2022-2023). IberCaja. Co-Directora acad\u00e9mica del M\u00e1ster universitario en <em>Neuropsicolog\u00eda de la Alta Capacidad Intelectual <\/em>en la UR (2014 a 2023) y de los Expertos universitarios en <em>Identificaci\u00f3n e Intervenci\u00f3n educativa en Alta Capacidad Intelectual <\/em>en la Universidad de Vic (2025).<\/p>\n<p>IP de proyectos nacionales competitivos de I+D+I, sobre desarrollo cognitivo de beb\u00e9s y sobre alta capacidad intelectual. IP de Convenios con las Consejer\u00edas de Salud (1999-2007) y Educaci\u00f3n del Gobierno de La Rioja (2009-2022).<\/p>\n<p>Investigadora Principal del equipo consolidado de Investigaci\u00f3n Cognitiva de la Universidad de La Rioja (EICUR). Redes de investigaci\u00f3n internacionales (MASI, GIEI). Ha publicado m\u00e1s de\u00a0100 art\u00edculos en revistas de impacto internacional, y Libros y Cap\u00edtulos de libro en editoriales de prestigio internacional. Ha sido ponente invitada en m\u00e1s de 90 congresos internacionales de prestigio, y Presidenta de dos de ellos.<\/p>\n<p>Evaluadora en ANECA, AQU, CNEAI desde 2005.<\/p>\n<p>Co-fundadora de la Sociedad Espa\u00f1ola para el Estudio de la Superdotaci\u00f3n (SEES), Fundadora y Presidenta de APIDACI (2008-2023) y miembro de la Junta Directiva de ACIPE.<\/p>\n<\/div>\n<\/div><\/div><\/div><\/div><\/div><\/p>\n","protected":false},"excerpt":{"rendered":"","protected":false},"author":1,"featured_media":0,"comment_status":"closed","ping_status":"open","sticky":false,"template":"","format":"standard","meta":{"footnotes":""},"categories":[11],"tags":[],"class_list":["post-3393","post","type-post","status-publish","format-standard","hentry","category-academicos"],"_links":{"self":[{"href":"https:\/\/www.academiapsicologia.com\/index.php\/wp-json\/wp\/v2\/posts\/3393","targetHints":{"allow":["GET"]}}],"collection":[{"href":"https:\/\/www.academiapsicologia.com\/index.php\/wp-json\/wp\/v2\/posts"}],"about":[{"href":"https:\/\/www.academiapsicologia.com\/index.php\/wp-json\/wp\/v2\/types\/post"}],"author":[{"embeddable":true,"href":"https:\/\/www.academiapsicologia.com\/index.php\/wp-json\/wp\/v2\/users\/1"}],"replies":[{"embeddable":true,"href":"https:\/\/www.academiapsicologia.com\/index.php\/wp-json\/wp\/v2\/comments?post=3393"}],"version-history":[{"count":2,"href":"https:\/\/www.academiapsicologia.com\/index.php\/wp-json\/wp\/v2\/posts\/3393\/revisions"}],"predecessor-version":[{"id":3396,"href":"https:\/\/www.academiapsicologia.com\/index.php\/wp-json\/wp\/v2\/posts\/3393\/revisions\/3396"}],"wp:attachment":[{"href":"https:\/\/www.academiapsicologia.com\/index.php\/wp-json\/wp\/v2\/media?parent=3393"}],"wp:term":[{"taxonomy":"category","embeddable":true,"href":"https:\/\/www.academiapsicologia.com\/index.php\/wp-json\/wp\/v2\/categories?post=3393"},{"taxonomy":"post_tag","embeddable":true,"href":"https:\/\/www.academiapsicologia.com\/index.php\/wp-json\/wp\/v2\/tags?post=3393"}],"curies":[{"name":"wp","href":"https:\/\/api.w.org\/{rel}","templated":true}]}}