{"id":349,"date":"2020-01-21T12:14:16","date_gmt":"2020-01-21T11:14:16","guid":{"rendered":"https:\/\/www.academiapsicologia.com\/?p=349"},"modified":"2021-02-09T14:03:19","modified_gmt":"2021-02-09T13:03:19","slug":"homenaje-al-profesor-jose-luis-pinillos-09-12-2019","status":"publish","type":"post","link":"https:\/\/www.academiapsicologia.com\/index.php\/2020\/01\/21\/homenaje-al-profesor-jose-luis-pinillos-09-12-2019\/","title":{"rendered":"Homenaje al Profesor Jos\u00e9 Luis Pinillos (09\/12\/2019)"},"content":{"rendered":"<h3>Celebrando el Centenario de su nacimiento.<\/h3>\n<h4><strong>Sal\u00f3n de Actos de la Facultad de Ciencias Sociosanitarias (Psicolog\u00eda).<\/strong><\/h4>\n<h4>Intervenciones de:<\/h4>\n<div class=\"row\">\n<div class=\"col-sm-12\">\n<blockquote>\n<h4><strong>Prof. Heliodoro Carpintero Capell\u00a0<\/strong><em>(Presidente de la Real Academia de Psicolog\u00eda de Espa\u00f1a)<\/em><br \/>\n<strong>\u00abJ.J. PINILLOS: RETOS Y RESPUESTAS DE UNA VIDA\u00bb<\/strong><br \/>\n<strong>Prof. Jes\u00fas Rodriguez-Mar\u00edn\u00a0<\/strong><em>(Profesor Em\u00e9rito de la Universidad MH y Acad\u00e9mico de N\u00famero de la Academia de Psicolog\u00eda de Espa\u00f1a)<\/em><br \/>\n<strong>\u00abRECUERDOS DE UN MAESTRO\u00bb<\/strong><br \/>\n<strong>Prof. Alberto Pinillos\u00a0<\/strong><em>(Profesor de la Universidad de Alicante)<\/em><br \/>\n<strong>\u00abJ.L. PINILLOS: UNA VISI\u00d3N DESDE DENTRO\u00bb<\/strong><br \/>\n<strong>Inauguraci\u00f3n y Clausura: Prof. Jos\u00e9 Pedro Espada<\/strong><em>\u00a0(Catedr\u00e1tico de la UMH de Elche y Decano de la Facultad de Ciencias Sociosanitarias)<\/em><\/h4>\n<\/blockquote>\n<\/div>\n<\/div>\n","protected":false},"excerpt":{"rendered":"<p>Celebrando el Centenario de su nacimiento. Sal\u00f3n de Actos de  [&#8230;]<\/p>\n","protected":false},"author":1,"featured_media":0,"comment_status":"closed","ping_status":"open","sticky":false,"template":"","format":"standard","meta":{"footnotes":""},"categories":[4],"tags":[],"class_list":["post-349","post","type-post","status-publish","format-standard","hentry","category-mesas-redondas"],"_links":{"self":[{"href":"https:\/\/www.academiapsicologia.com\/index.php\/wp-json\/wp\/v2\/posts\/349","targetHints":{"allow":["GET"]}}],"collection":[{"href":"https:\/\/www.academiapsicologia.com\/index.php\/wp-json\/wp\/v2\/posts"}],"about":[{"href":"https:\/\/www.academiapsicologia.com\/index.php\/wp-json\/wp\/v2\/types\/post"}],"author":[{"embeddable":true,"href":"https:\/\/www.academiapsicologia.com\/index.php\/wp-json\/wp\/v2\/users\/1"}],"replies":[{"embeddable":true,"href":"https:\/\/www.academiapsicologia.com\/index.php\/wp-json\/wp\/v2\/comments?post=349"}],"version-history":[{"count":5,"href":"https:\/\/www.academiapsicologia.com\/index.php\/wp-json\/wp\/v2\/posts\/349\/revisions"}],"predecessor-version":[{"id":436,"href":"https:\/\/www.academiapsicologia.com\/index.php\/wp-json\/wp\/v2\/posts\/349\/revisions\/436"}],"wp:attachment":[{"href":"https:\/\/www.academiapsicologia.com\/index.php\/wp-json\/wp\/v2\/media?parent=349"}],"wp:term":[{"taxonomy":"category","embeddable":true,"href":"https:\/\/www.academiapsicologia.com\/index.php\/wp-json\/wp\/v2\/categories?post=349"},{"taxonomy":"post_tag","embeddable":true,"href":"https:\/\/www.academiapsicologia.com\/index.php\/wp-json\/wp\/v2\/tags?post=349"}],"curies":[{"name":"wp","href":"https:\/\/api.w.org\/{rel}","templated":true}]}}