{"id":3564,"date":"2025-12-04T13:22:07","date_gmt":"2025-12-04T12:22:07","guid":{"rendered":"https:\/\/www.academiapsicologia.com\/?p=3564"},"modified":"2025-12-04T13:31:32","modified_gmt":"2025-12-04T12:31:32","slug":"aurora-gavino-lazaro","status":"publish","type":"post","link":"https:\/\/www.academiapsicologia.com\/index.php\/2025\/12\/04\/aurora-gavino-lazaro\/","title":{"rendered":"Excma. Sra. D\u00aa. Aurora Gavino L\u00e1zaro"},"content":{"rendered":"<p><div class=\"fusion-fullwidth fullwidth-box fusion-builder-row-1 fusion-flex-container nonhundred-percent-fullwidth non-hundred-percent-height-scrolling\" style=\"--awb-border-radius-top-left:0px;--awb-border-radius-top-right:0px;--awb-border-radius-bottom-right:0px;--awb-border-radius-bottom-left:0px;--awb-flex-wrap:wrap;\" ><div class=\"fusion-builder-row fusion-row fusion-flex-align-items-flex-start fusion-flex-content-wrap\" style=\"max-width:1248px;margin-left: calc(-4% \/ 2 );margin-right: calc(-4% \/ 2 );\"><div class=\"fusion-layout-column fusion_builder_column fusion-builder-column-0 fusion_builder_column_1_1 1_1 fusion-flex-column\" style=\"--awb-bg-size:cover;--awb-width-large:100%;--awb-margin-top-large:0px;--awb-spacing-right-large:1.92%;--awb-margin-bottom-large:20px;--awb-spacing-left-large:1.92%;--awb-width-medium:100%;--awb-order-medium:0;--awb-spacing-right-medium:1.92%;--awb-spacing-left-medium:1.92%;--awb-width-small:100%;--awb-order-small:0;--awb-spacing-right-small:1.92%;--awb-spacing-left-small:1.92%;\"><div class=\"fusion-column-wrapper fusion-column-has-shadow fusion-flex-justify-content-flex-start fusion-content-layout-column\"><ul style=\"--awb-line-height:27.2px;--awb-icon-width:27.2px;--awb-icon-height:27.2px;--awb-icon-margin:11.2px;--awb-content-margin:38.4px;--awb-circlecolor:#b67cd1;--awb-circle-yes-font-size:14.08px;\" class=\"fusion-checklist fusion-checklist-1 fusion-checklist-default type-icons\"><li class=\"fusion-li-item\" style=\"\"><span class=\"icon-wrapper circle-yes\"><i class=\"fusion-li-icon fa-calendar-alt fas\" aria-hidden=\"true\"><\/i><\/span><div class=\"fusion-li-item-content\">\n<p><strong>9 de octubre de 2025<\/strong><\/p>\n<\/div><\/li><li class=\"fusion-li-item\" style=\"\"><span class=\"icon-wrapper circle-yes\"><i class=\"fusion-li-icon fa-medal fas\" aria-hidden=\"true\"><\/i><\/span><div class=\"fusion-li-item-content\">\n<p><strong>Medalla N\u00ba 48<\/strong><\/p>\n<\/div><\/li><\/ul><\/div><\/div><\/div><\/div><div class=\"fusion-fullwidth fullwidth-box fusion-builder-row-2 fusion-flex-container nonhundred-percent-fullwidth non-hundred-percent-height-scrolling\" style=\"--awb-border-radius-top-left:0px;--awb-border-radius-top-right:0px;--awb-border-radius-bottom-right:0px;--awb-border-radius-bottom-left:0px;--awb-flex-wrap:wrap;\" ><div class=\"fusion-builder-row fusion-row fusion-flex-align-items-flex-start fusion-flex-content-wrap\" style=\"max-width:1248px;margin-left: calc(-4% \/ 2 );margin-right: calc(-4% \/ 2 );\"><div class=\"fusion-layout-column fusion_builder_column fusion-builder-column-1 fusion_builder_column_1_4 1_4 fusion-flex-column\" style=\"--awb-bg-size:cover;--awb-width-large:25%;--awb-margin-top-large:0px;--awb-spacing-right-large:7.68%;--awb-margin-bottom-large:20px;--awb-spacing-left-large:7.68%;--awb-width-medium:25%;--awb-order-medium:0;--awb-spacing-right-medium:7.68%;--awb-spacing-left-medium:7.68%;--awb-width-small:100%;--awb-order-small:0;--awb-spacing-right-small:1.92%;--awb-spacing-left-small:1.92%;\"><div class=\"fusion-column-wrapper fusion-column-has-shadow fusion-flex-justify-content-flex-start fusion-content-layout-column\"><div class=\"fusion-image-element \" style=\"--awb-caption-title-font-family:var(--h2_typography-font-family);--awb-caption-title-font-weight:var(--h2_typography-font-weight);--awb-caption-title-font-style:var(--h2_typography-font-style);--awb-caption-title-size:var(--h2_typography-font-size);--awb-caption-title-transform:var(--h2_typography-text-transform);--awb-caption-title-line-height:var(--h2_typography-line-height);--awb-caption-title-letter-spacing:var(--h2_typography-letter-spacing);\"><span class=\" fusion-imageframe imageframe-none imageframe-1 hover-type-none\"><a class=\"fusion-no-lightbox\" href=\"https:\/\/www.academiapsicologia.com\/wp-content\/uploads\/2025\/12\/Aurora-Gavino-Lazaro.jpg\" target=\"_blank\" aria-label=\"Aurora Gavino L\u00e1zaro\" rel=\"noopener noreferrer\"><img decoding=\"async\" width=\"238\" height=\"300\" src=\"https:\/\/www.academiapsicologia.com\/wp-content\/uploads\/2025\/12\/Aurora-Gavino-Lazaro-238x300.jpg\" alt class=\"img-responsive wp-image-3559\" srcset=\"https:\/\/www.academiapsicologia.com\/wp-content\/uploads\/2025\/12\/Aurora-Gavino-Lazaro-200x253.jpg 200w, https:\/\/www.academiapsicologia.com\/wp-content\/uploads\/2025\/12\/Aurora-Gavino-Lazaro-400x505.jpg 400w, https:\/\/www.academiapsicologia.com\/wp-content\/uploads\/2025\/12\/Aurora-Gavino-Lazaro-600x758.jpg 600w, https:\/\/www.academiapsicologia.com\/wp-content\/uploads\/2025\/12\/Aurora-Gavino-Lazaro-800x1011.jpg 800w, https:\/\/www.academiapsicologia.com\/wp-content\/uploads\/2025\/12\/Aurora-Gavino-Lazaro.jpg 836w\" sizes=\"(max-width: 640px) 100vw, 400px\" \/><\/a><\/span><\/div><\/div><\/div><div class=\"fusion-layout-column fusion_builder_column fusion-builder-column-2 fusion_builder_column_3_4 3_4 fusion-flex-column\" style=\"--awb-bg-size:cover;--awb-width-large:75%;--awb-margin-top-large:0px;--awb-spacing-right-large:2.56%;--awb-margin-bottom-large:20px;--awb-spacing-left-large:2.56%;--awb-width-medium:75%;--awb-order-medium:0;--awb-spacing-right-medium:2.56%;--awb-spacing-left-medium:2.56%;--awb-width-small:100%;--awb-order-small:0;--awb-spacing-right-small:1.92%;--awb-spacing-left-small:1.92%;\"><div class=\"fusion-column-wrapper fusion-column-has-shadow fusion-flex-justify-content-flex-start fusion-content-layout-column\"><div class=\"fusion-text fusion-text-1\"><div align=\"justify\">\n<p>Catedr\u00e1tica del Departamento de Personalidad, Evaluaci\u00f3n y Tratamiento Psicol\u00f3gicos de la Facultad de Psicolog\u00eda de la Universidad de M\u00e1laga.<\/p>\n<p>Ha realizado diversas estancias en universidades y hospitales americanos y europeos entre otros:<\/p>\n<ul>\n<li><em>Centre de Jour Marcel Rivi\u00e8re <\/em>del hospital <em>Wagram<\/em>, Par\u00eds, (1978 \u2013 1981).<\/li>\n<li><em>Hospital Saint Patrick<\/em>, en St. Edbusbary, Dubl\u00edn, 1998.<\/li>\n<li>Universidad Estatal de Nueva York (SUNY-Binghamton) (1994 -1995).<\/li>\n<li>University of Hawaii at Manoa, en Honolulu, septiembre 2006 a febrero de 2007. <em>Department of Psychiatry, School of Medicine <\/em>del <em>Mount Sinai Hospital<\/em>, de Nueva York, agosto de 2009 a junio de 2010.<\/li>\n<\/ul>\n<p>Estancias mensuales:<\/p>\n<ul>\n<li><em>Radbout Universitei, <\/em>Nimega, Holanda, 1996.<\/li>\n<li>Universidad Diego Portales, Santiago de Chile, 2002.<\/li>\n<li>Universidad Santo Tom\u00e1s de Aquino, Santiago de Chile, 2007, 2008.<\/li>\n<\/ul>\n<p>En sus publicaciones figuran 19 libros, 28 cap\u00edtulos de libros y 48 art\u00edculos en revistas cient\u00edficas, as\u00ed como 30 trabajos en congresos nacionales y 64 internacionales.<\/p>\n<p>Ha desarrollado distintos puestos de gesti\u00f3n: En 1987 cre\u00f3 el Servicio de Atenci\u00f3n Psicol\u00f3gica. Directora hasta 1993. Presidenta de la Sociedad Espa\u00f1ola para el Avance de la Psicolog\u00eda Cl\u00ednica y de la Salud. \u00a0Directora de la colecci\u00f3n de Ediciones Pir\u00e1mide \u201cRecursos terap\u00e9uticos. Tratando\u2026\u201d desde 2005 hasta la actualidad. Codirectora de la colecci\u00f3n Psicocuentos, Editorial Pir\u00e1mide. Desde 2015 hasta la actualidad. Y, en la Universidad de M\u00e1laga: Directora del Departamento de Psicolog\u00eda, Vicerrectora Adjunta de Programaci\u00f3n e Inversiones (de 1\/2\/1989 a 24\/2\/1991), directora de Cursos de. Universidad de M\u00e1laga (1988-1990), Creadora y directora del Master \u201cIntervenci\u00f3n y Tratamientos Psicol\u00f3gicos\u201d (1988 -1991), directora del curso de Especialista \u201cPsicolog\u00eda cl\u00ednica y de la salud\u201d (1996-1997), Coordinadora del Master General Sanitario, 2014-2017.<\/p>\n<p>Goza de diversas distinciones: Premio Aitana a la contribuci\u00f3n de la psicolog\u00eda infantil y juvenil. 2015. Premio <em>\u201cMujeres revolucionarias que han dejado huella en la historia de la psicolog\u00eda\u201d<\/em>, del Ilustre Colegio Oficial de Psicolog\u00eda de Andaluc\u00eda Oriental: 7\/2\/2024. Premio a la mejor iniciativa editorial: la colecci\u00f3n Psicocuentos de la Editorial Pir\u00e1mide. Grupo de Investigaci\u00f3n AITANA. 10th International Congress of Clinical and Health Psychology with Children and Adolescents. Noviembre de 2024.<\/p>\n<\/div>\n<\/div><\/div><\/div><\/div><\/div><\/p>\n","protected":false},"excerpt":{"rendered":"","protected":false},"author":1,"featured_media":0,"comment_status":"closed","ping_status":"open","sticky":false,"template":"","format":"standard","meta":{"footnotes":""},"categories":[11],"tags":[],"class_list":["post-3564","post","type-post","status-publish","format-standard","hentry","category-academicos"],"_links":{"self":[{"href":"https:\/\/www.academiapsicologia.com\/index.php\/wp-json\/wp\/v2\/posts\/3564","targetHints":{"allow":["GET"]}}],"collection":[{"href":"https:\/\/www.academiapsicologia.com\/index.php\/wp-json\/wp\/v2\/posts"}],"about":[{"href":"https:\/\/www.academiapsicologia.com\/index.php\/wp-json\/wp\/v2\/types\/post"}],"author":[{"embeddable":true,"href":"https:\/\/www.academiapsicologia.com\/index.php\/wp-json\/wp\/v2\/users\/1"}],"replies":[{"embeddable":true,"href":"https:\/\/www.academiapsicologia.com\/index.php\/wp-json\/wp\/v2\/comments?post=3564"}],"version-history":[{"count":1,"href":"https:\/\/www.academiapsicologia.com\/index.php\/wp-json\/wp\/v2\/posts\/3564\/revisions"}],"predecessor-version":[{"id":3565,"href":"https:\/\/www.academiapsicologia.com\/index.php\/wp-json\/wp\/v2\/posts\/3564\/revisions\/3565"}],"wp:attachment":[{"href":"https:\/\/www.academiapsicologia.com\/index.php\/wp-json\/wp\/v2\/media?parent=3564"}],"wp:term":[{"taxonomy":"category","embeddable":true,"href":"https:\/\/www.academiapsicologia.com\/index.php\/wp-json\/wp\/v2\/categories?post=3564"},{"taxonomy":"post_tag","embeddable":true,"href":"https:\/\/www.academiapsicologia.com\/index.php\/wp-json\/wp\/v2\/tags?post=3564"}],"curies":[{"name":"wp","href":"https:\/\/api.w.org\/{rel}","templated":true}]}}