{"id":3651,"date":"2026-03-02T13:54:50","date_gmt":"2026-03-02T12:54:50","guid":{"rendered":"https:\/\/www.academiapsicologia.com\/?p=3651"},"modified":"2026-03-02T13:54:50","modified_gmt":"2026-03-02T12:54:50","slug":"jose-maria-peiro-nuevo-presidente-de-la-academia-de-psicologia-de-espana","status":"publish","type":"post","link":"https:\/\/www.academiapsicologia.com\/index.php\/2026\/03\/02\/jose-maria-peiro-nuevo-presidente-de-la-academia-de-psicologia-de-espana\/","title":{"rendered":"Jos\u00e9 Mar\u00eda Peir\u00f3, nuevo presidente de la Academia de Psicolog\u00eda de Espa\u00f1a"},"content":{"rendered":"<div align=\"justify\">\n<p>En las elecciones parciales a la Junta de Gobierno, la Junta General de la Academia de Psicolog\u00eda de Espa\u00f1a, celebrada el 26 de febrero de 2026, ha sido elegido Presidente de esta el Exmo. Sr. D. Jos\u00e9 Mar\u00eda Peir\u00f3 Silla, Acad\u00e9mico de N\u00famero y Catedr\u00e1tico em\u00e9rito de la Universidad de Valencia.<\/p>\n<p>En el mismo acto ha sido elegido Tesorero de la Academia el Exmo. Sr. D. Fernando Chac\u00f3n Fuertes, Acad\u00e9mico de N\u00famero y Catedr\u00e1tico de la Universidad Complutense de Madrid y como Director de la Biblioteca el Excmo. Sr. D. Amalio Blanco Abarca, Acad\u00e9mico de N\u00famero y Catedr\u00e1tico em\u00e9rito de la Universidad Aut\u00f3noma de Madrid.<\/p>\n<p>Sustituyen en sus cargos a los Excmos. Srs. D. Helio Carpintero Capell (Presidente), D. Francisco Santolaya Ochando (Tesorero) y D. Jes\u00fas Rodr\u00edguez Mar\u00edn (Director de la Biblioteca).<\/p>\n<p>Ver notas biogr\u00e1ficas en<\/p>\n<p><a href=\"https:\/\/urldefense.com\/v3\/__https:\/www.academiapsicologia.com\/index.php\/2018\/01\/03\/jose-maria-peiro-silla\/__;!!D9dNQwwGXtA!Uyj8EEnVLkXvxgN5sY-kT8i2yB0LEGLfJEn7UyqfOph3EhTiYSCFRwrwXlNDUVhFnbqpm7sHy5kWQwhE1lXgEw$\">https:\/\/www.academiapsicologia.com\/index.php\/2018\/01\/03\/jose-maria-peiro-silla\/<\/a><\/p>\n<p><a href=\"https:\/\/urldefense.com\/v3\/__https:\/www.academiapsicologia.com\/index.php\/2015\/07\/16\/fernando-chacon-fuertes\/__;!!D9dNQwwGXtA!Uyj8EEnVLkXvxgN5sY-kT8i2yB0LEGLfJEn7UyqfOph3EhTiYSCFRwrwXlNDUVhFnbqpm7sHy5kWQwifXkxsIw$\">https:\/\/www.academiapsicologia.com\/index.php\/2015\/07\/16\/fernando-chacon-fuertes\/<\/a><\/p>\n<p><a href=\"https:\/\/urldefense.com\/v3\/__https:\/www.academiapsicologia.com\/index.php\/2019\/10\/15\/amalio-blanco-abarca\/__;!!D9dNQwwGXtA!Uyj8EEnVLkXvxgN5sY-kT8i2yB0LEGLfJEn7UyqfOph3EhTiYSCFRwrwXlNDUVhFnbqpm7sHy5kWQwifVR5Q_A$\">https:\/\/www.academiapsicologia.com\/index.php\/2019\/10\/15\/amalio-blanco-abarca\/<\/a><\/p>\n<\/div>\n","protected":false},"excerpt":{"rendered":"<p>En las elecciones parciales a la Junta de Gobierno, la  [&#8230;]<\/p>\n","protected":false},"author":1,"featured_media":3653,"comment_status":"closed","ping_status":"open","sticky":false,"template":"","format":"standard","meta":{"footnotes":""},"categories":[6],"tags":[],"class_list":["post-3651","post","type-post","status-publish","format-standard","has-post-thumbnail","hentry","category-noticias"],"_links":{"self":[{"href":"https:\/\/www.academiapsicologia.com\/index.php\/wp-json\/wp\/v2\/posts\/3651","targetHints":{"allow":["GET"]}}],"collection":[{"href":"https:\/\/www.academiapsicologia.com\/index.php\/wp-json\/wp\/v2\/posts"}],"about":[{"href":"https:\/\/www.academiapsicologia.com\/index.php\/wp-json\/wp\/v2\/types\/post"}],"author":[{"embeddable":true,"href":"https:\/\/www.academiapsicologia.com\/index.php\/wp-json\/wp\/v2\/users\/1"}],"replies":[{"embeddable":true,"href":"https:\/\/www.academiapsicologia.com\/index.php\/wp-json\/wp\/v2\/comments?post=3651"}],"version-history":[{"count":2,"href":"https:\/\/www.academiapsicologia.com\/index.php\/wp-json\/wp\/v2\/posts\/3651\/revisions"}],"predecessor-version":[{"id":3654,"href":"https:\/\/www.academiapsicologia.com\/index.php\/wp-json\/wp\/v2\/posts\/3651\/revisions\/3654"}],"wp:featuredmedia":[{"embeddable":true,"href":"https:\/\/www.academiapsicologia.com\/index.php\/wp-json\/wp\/v2\/media\/3653"}],"wp:attachment":[{"href":"https:\/\/www.academiapsicologia.com\/index.php\/wp-json\/wp\/v2\/media?parent=3651"}],"wp:term":[{"taxonomy":"category","embeddable":true,"href":"https:\/\/www.academiapsicologia.com\/index.php\/wp-json\/wp\/v2\/categories?post=3651"},{"taxonomy":"post_tag","embeddable":true,"href":"https:\/\/www.academiapsicologia.com\/index.php\/wp-json\/wp\/v2\/tags?post=3651"}],"curies":[{"name":"wp","href":"https:\/\/api.w.org\/{rel}","templated":true}]}}