{"id":3664,"date":"2026-03-13T11:12:51","date_gmt":"2026-03-13T10:12:51","guid":{"rendered":"https:\/\/www.academiapsicologia.com\/?p=3664"},"modified":"2026-03-13T11:12:51","modified_gmt":"2026-03-13T10:12:51","slug":"homenaje-al-academico-dr-gonzalo-musitu-ochoa","status":"publish","type":"post","link":"https:\/\/www.academiapsicologia.com\/index.php\/2026\/03\/13\/homenaje-al-academico-dr-gonzalo-musitu-ochoa\/","title":{"rendered":"Homenaje al Acad\u00e9mico Dr. Gonzalo Musitu Ochoa"},"content":{"rendered":"<div align=\"justify\"><a href=\"https:\/\/www.academiapsicologia.com\/wp-content\/uploads\/2026\/03\/Homenaje-al-Academico-Dr.-Gonzalo-Musitu-Ochoa-01.jpg\" target=\"_blank\" rel=\"noopener\"><img decoding=\"async\" class=\"wp-image-3666 alignleft\" src=\"https:\/\/www.academiapsicologia.com\/wp-content\/uploads\/2026\/03\/Homenaje-al-Academico-Dr.-Gonzalo-Musitu-Ochoa-01-200x300.jpg\" alt=\"\" width=\"400\" height=\"600\" srcset=\"https:\/\/www.academiapsicologia.com\/wp-content\/uploads\/2026\/03\/Homenaje-al-Academico-Dr.-Gonzalo-Musitu-Ochoa-01-200x300.jpg 200w, https:\/\/www.academiapsicologia.com\/wp-content\/uploads\/2026\/03\/Homenaje-al-Academico-Dr.-Gonzalo-Musitu-Ochoa-01-400x600.jpg 400w, https:\/\/www.academiapsicologia.com\/wp-content\/uploads\/2026\/03\/Homenaje-al-Academico-Dr.-Gonzalo-Musitu-Ochoa-01-600x900.jpg 600w, https:\/\/www.academiapsicologia.com\/wp-content\/uploads\/2026\/03\/Homenaje-al-Academico-Dr.-Gonzalo-Musitu-Ochoa-01-683x1024.jpg 683w, https:\/\/www.academiapsicologia.com\/wp-content\/uploads\/2026\/03\/Homenaje-al-Academico-Dr.-Gonzalo-Musitu-Ochoa-01-768x1152.jpg 768w, https:\/\/www.academiapsicologia.com\/wp-content\/uploads\/2026\/03\/Homenaje-al-Academico-Dr.-Gonzalo-Musitu-Ochoa-01-800x1200.jpg 800w, https:\/\/www.academiapsicologia.com\/wp-content\/uploads\/2026\/03\/Homenaje-al-Academico-Dr.-Gonzalo-Musitu-Ochoa-01.jpg 900w\" sizes=\"(max-width: 400px) 100vw, 400px\" \/><\/a>La Academia de Psicolog\u00eda de Espa\u00f1a ha participado, representada por la Acad\u00e9mica Dra. Lourdes Munduate Jaca, en el homenaje realizado al Acad\u00e9mico de n\u00famero Dr. Gonzalo Musito Ochoa, en la Universidad Pablo de Olavide (UPO), el pasado 9 de marzo de 2026. El homenaje fue organizado por la Facultad de Ciencias Sociales y el Departamento de Educaci\u00f3n y Psicolog\u00eda Social de la UPO. En la apertura del homenaje participaron el Vicerrector de Planificaci\u00f3n Estrat\u00e9gica, el Decano de la Facultad y la Directora del Dpto.<\/div>\n","protected":false},"excerpt":{"rendered":"<p>La Academia de Psicolog\u00eda de Espa\u00f1a ha participado, representada por  [&#8230;]<\/p>\n","protected":false},"author":1,"featured_media":3667,"comment_status":"closed","ping_status":"open","sticky":false,"template":"","format":"standard","meta":{"footnotes":""},"categories":[6],"tags":[],"class_list":["post-3664","post","type-post","status-publish","format-standard","has-post-thumbnail","hentry","category-noticias"],"_links":{"self":[{"href":"https:\/\/www.academiapsicologia.com\/index.php\/wp-json\/wp\/v2\/posts\/3664","targetHints":{"allow":["GET"]}}],"collection":[{"href":"https:\/\/www.academiapsicologia.com\/index.php\/wp-json\/wp\/v2\/posts"}],"about":[{"href":"https:\/\/www.academiapsicologia.com\/index.php\/wp-json\/wp\/v2\/types\/post"}],"author":[{"embeddable":true,"href":"https:\/\/www.academiapsicologia.com\/index.php\/wp-json\/wp\/v2\/users\/1"}],"replies":[{"embeddable":true,"href":"https:\/\/www.academiapsicologia.com\/index.php\/wp-json\/wp\/v2\/comments?post=3664"}],"version-history":[{"count":3,"href":"https:\/\/www.academiapsicologia.com\/index.php\/wp-json\/wp\/v2\/posts\/3664\/revisions"}],"predecessor-version":[{"id":3669,"href":"https:\/\/www.academiapsicologia.com\/index.php\/wp-json\/wp\/v2\/posts\/3664\/revisions\/3669"}],"wp:featuredmedia":[{"embeddable":true,"href":"https:\/\/www.academiapsicologia.com\/index.php\/wp-json\/wp\/v2\/media\/3667"}],"wp:attachment":[{"href":"https:\/\/www.academiapsicologia.com\/index.php\/wp-json\/wp\/v2\/media?parent=3664"}],"wp:term":[{"taxonomy":"category","embeddable":true,"href":"https:\/\/www.academiapsicologia.com\/index.php\/wp-json\/wp\/v2\/categories?post=3664"},{"taxonomy":"post_tag","embeddable":true,"href":"https:\/\/www.academiapsicologia.com\/index.php\/wp-json\/wp\/v2\/tags?post=3664"}],"curies":[{"name":"wp","href":"https:\/\/api.w.org\/{rel}","templated":true}]}}