{"id":391,"date":"2019-02-01T13:25:55","date_gmt":"2019-02-01T12:25:55","guid":{"rendered":"https:\/\/www.academiapsicologia.com\/?p=391"},"modified":"2021-02-09T13:54:37","modified_gmt":"2021-02-09T12:54:37","slug":"una-vida-vivida-16-01-2019","status":"publish","type":"post","link":"https:\/\/www.academiapsicologia.com\/index.php\/2019\/02\/01\/una-vida-vivida-16-01-2019\/","title":{"rendered":"Una vida vivida (16\/01\/2019)"},"content":{"rendered":"<h3>Los Mi\u00e9rcoles con la Academia.<\/h3>\n<h4><strong>Excmo. Sr. Dr. D. Francisco Javier Urra Portillo.<\/strong><br \/>\n<em>Acad\u00e9mico de N\u00famero de la Academia de Psicolog\u00eda de Espa\u00f1a.<\/em><\/h4>\n","protected":false},"excerpt":{"rendered":"<p>Los Mi\u00e9rcoles con la Academia. Excmo. Sr. Dr. D. Francisco  [&#8230;]<\/p>\n","protected":false},"author":1,"featured_media":0,"comment_status":"closed","ping_status":"open","sticky":false,"template":"","format":"standard","meta":{"footnotes":""},"categories":[3],"tags":[],"class_list":["post-391","post","type-post","status-publish","format-standard","hentry","category-los-miercoles-con-la-academia"],"_links":{"self":[{"href":"https:\/\/www.academiapsicologia.com\/index.php\/wp-json\/wp\/v2\/posts\/391","targetHints":{"allow":["GET"]}}],"collection":[{"href":"https:\/\/www.academiapsicologia.com\/index.php\/wp-json\/wp\/v2\/posts"}],"about":[{"href":"https:\/\/www.academiapsicologia.com\/index.php\/wp-json\/wp\/v2\/types\/post"}],"author":[{"embeddable":true,"href":"https:\/\/www.academiapsicologia.com\/index.php\/wp-json\/wp\/v2\/users\/1"}],"replies":[{"embeddable":true,"href":"https:\/\/www.academiapsicologia.com\/index.php\/wp-json\/wp\/v2\/comments?post=391"}],"version-history":[{"count":2,"href":"https:\/\/www.academiapsicologia.com\/index.php\/wp-json\/wp\/v2\/posts\/391\/revisions"}],"predecessor-version":[{"id":423,"href":"https:\/\/www.academiapsicologia.com\/index.php\/wp-json\/wp\/v2\/posts\/391\/revisions\/423"}],"wp:attachment":[{"href":"https:\/\/www.academiapsicologia.com\/index.php\/wp-json\/wp\/v2\/media?parent=391"}],"wp:term":[{"taxonomy":"category","embeddable":true,"href":"https:\/\/www.academiapsicologia.com\/index.php\/wp-json\/wp\/v2\/categories?post=391"},{"taxonomy":"post_tag","embeddable":true,"href":"https:\/\/www.academiapsicologia.com\/index.php\/wp-json\/wp\/v2\/tags?post=391"}],"curies":[{"name":"wp","href":"https:\/\/api.w.org\/{rel}","templated":true}]}}