{"id":50,"date":"2021-01-18T16:20:43","date_gmt":"2021-01-18T15:20:43","guid":{"rendered":"https:\/\/www.academiapsicologia.com\/?p=50"},"modified":"2021-02-08T11:57:48","modified_gmt":"2021-02-08T10:57:48","slug":"in-memoriam-marc-richelle-1930-2021","status":"publish","type":"post","link":"https:\/\/www.academiapsicologia.com\/index.php\/2021\/01\/18\/in-memoriam-marc-richelle-1930-2021\/","title":{"rendered":"In Memoriam: Marc Richelle (1930-2021)"},"content":{"rendered":"<div align=\"justify\">\n<h4><strong>Por Helio Carpintero<\/strong><\/h4>\n<h6><strong>Publicado el lunes, 18 de enero de 2021 @ Infocop Online \u2022 Consejo General de la Psicolog\u00eda de Espa\u00f1a.<\/strong><\/h6>\n<p>En su B\u00e9lgica natal, entre Namur y Lieja, en un peque\u00f1o y pl\u00e1cido lugar, ha fallecido el pasado 6 de enero el profesor Marc Richelle, uno de los grandes psic\u00f3logos europeos que ten\u00edamos, amigo y conocedor de la psicolog\u00eda espa\u00f1ola.<\/p>\n<p>Lo encontr\u00e9 a finales de los a\u00f1os 80 del siglo pasado, en una reuni\u00f3n de decanos de psicolog\u00eda de varios pa\u00edses europeos que \u00e9l organiz\u00f3 en Luxemburgo, y revalidamos la amistad cuando tom\u00f3 la decisi\u00f3n singular de aprovechar un a\u00f1o sab\u00e1tico en su c\u00e1tedra de la Universidad de Lieja, para venir a conocer de cerca a los psic\u00f3logos espa\u00f1oles, cuyo espectacular crecimiento por aquel tiempo le hab\u00eda sorprendido e interesado. Estuvo principalmente en Madrid, viaj\u00f3 a Facultades de psicolog\u00eda de otros lugares, pas\u00f3 un tiempo en Granada, con el grupo de j\u00f3venes profesores que all\u00ed se hab\u00edan reunido, y estuvo incluso en el II Congreso de psicolog\u00eda que organiz\u00f3 de modo perfecto el Colegio Oficial de Psic\u00f3logos, en Valencia, en 1990.<\/p>\n<p>Richelle, nacido en 1930 en una peque\u00f1a ciudad de provincias belga, persona amable y generosa, ha cumplido un sorprendente proyecto intelectual, que le permiti\u00f3 tener una visi\u00f3n amplia, sin fisuras, del mundo que le toc\u00f3 vivir.\u00a0 Se hab\u00eda licenciado, primero, en literatura rom\u00e1nica, pero luego, influido por un fil\u00f3sofo con intereses m\u00faltiples, el profesor Jean Paulus, decidi\u00f3 dedicarse a la psicolog\u00eda, y pudo hacerlo en Ginebra, estudiando con Jean Piaget y Andr\u00e9 Rey. Durante esos a\u00f1os universitarios, trabaj\u00f3 en temas de aculturaci\u00f3n de ni\u00f1os de origen jud\u00edo que desde Marruecos aspiraban a trasladarse a Israel, y as\u00ed hizo su primera experiencia del mundo no europeo; despu\u00e9s, trabaj\u00f3 en un centro rural piloto en Katanga, en el Congo, estudiando los problemas migratorios de los campesinos que emigraban a la ciudad.\u00a0 Y desde all\u00ed, con una oportuna beca, pas\u00f3 a estudiar en Harvard con B.F. Skinner, completando as\u00ed su visi\u00f3n del mundo psicol\u00f3gico de aquel momento.<\/p>\n<p>Sin terminar aquella estancia, fue llamado a Lieja donde empezaban los estudios de psicolog\u00eda, y all\u00ed cre\u00f3 la c\u00e1tedra y laboratorio de psicolog\u00eda experimental, uniendo una metodolog\u00eda conductista con temas que iban desde la psicofarmacolog\u00eda a la percepci\u00f3n del tiempo. Su centro ha sido sin duda uno de los m\u00e1s sobresalientes en Europa, si no el que m\u00e1s, dedicado al estudio sobre condicionamiento y aprendizaje, animal y humano, a nivel de lo que en aquellos mismos a\u00f1os se hac\u00eda en los Estados Unidos. Ello le ha permitido ser un singular pionero en la tarea de integrar las dos m\u00e1s importantes secuelas psicol\u00f3gicas contempor\u00e1neas en que se hab\u00eda formado:\u00a0 el conductismo y la psicolog\u00eda cognitiva. En lugar de mantener ambas enfrentadas, supo reunir muchos de sus hallazgos complementarios en una visi\u00f3n que integra los procesos complejos de los sistemas de aprendizaje con aquellos otros que en el hombre hacen posible el conocimiento, la conciencia y el lenguaje.<\/p>\n<p>All\u00ed creo un grupo de investigadores, algunos de los cuales, como el Prof. Xavier Seron, o Fran\u00e7oise Parot, son hoy figuras distinguidas de la investigaci\u00f3n en lengua francesa.<\/p>\n<p>En su haber cuenta, adem\u00e1s, con la edici\u00f3n de manuales muy importantes, como el M.Richelle y R. Droz, Manual de psicolog\u00eda, (Herder, 1982) o el M.Richelle, J. Requin y M. Robert, Trait\u00e9 de psychologie experimentale (PUF, 2 vols. 1994),y estudios como B.F.Skinner: a reappraisal, (1993), La adquisici\u00f3n del lenguaje (1975), o Du Nouveau sur l\u2019esprit (1993), entre otros; numerosos trabajos en revistas y libros colectivos, y una interesante reflexi\u00f3n sobre el sentido de la profesi\u00f3n psicol\u00f3gica, en su peque\u00f1o libro\u00a0 Los psic\u00f3logos, \u00bfpara qu\u00e9? (1973). Y no se puede olvidar la labor que ha hecho dirigiendo y asesorando a la editorial Pierre Mardaga en la edici\u00f3n de libros de psicolog\u00eda y ciencias humanas, enriqueciendo la literatura psicol\u00f3gica en lengua francesa.<\/p>\n<p>Richelle ha sido experto en numerosos comit\u00e9s internacionales sobre an\u00e1lisis de la conducta, cerebro y conducta, percepci\u00f3n temporal en el animal, etc.; ha organizado y dirigido grupos de una red Erasmus en psicolog\u00eda, y ha sido galardonado con premios, como el Quinquenal Premio Solvay (en B\u00e9lgica, 1990), o los doctorados Honoris Causa\u00a0 de Lille, Coimbra, Ginebra, Lisboa o L\u00e9rida. Era miembro de la Academia Real de B\u00e9lgica, y miembro correspondiente de la Academia de Ciencias de Lisboa, y de la Real Academia de Ciencias Morales y Pol\u00edticas de Espa\u00f1a. Fue tambi\u00e9n el primer presidente del Grupo Compostela de Universidades, que re\u00fane numerosas instituciones de Europa y Am\u00e9rica.<\/p>\n<p>Ahora, calladamente, desde su retiro, se nos ha ido. Queda su obra, sus disc\u00edpulos, y su voluntad de hacer de la psicolog\u00eda una ciencia del hombre integral, social e hist\u00f3rico.<\/p>\n<\/div>\n","protected":false},"excerpt":{"rendered":"<p>Por Helio Carpintero Publicado el lunes, 18 de enero de  [&#8230;]<\/p>\n","protected":false},"author":1,"featured_media":56,"comment_status":"closed","ping_status":"open","sticky":false,"template":"","format":"standard","meta":{"footnotes":""},"categories":[7,6],"tags":[],"class_list":["post-50","post","type-post","status-publish","format-standard","has-post-thumbnail","hentry","category-in-memoriam","category-noticias"],"_links":{"self":[{"href":"https:\/\/www.academiapsicologia.com\/index.php\/wp-json\/wp\/v2\/posts\/50","targetHints":{"allow":["GET"]}}],"collection":[{"href":"https:\/\/www.academiapsicologia.com\/index.php\/wp-json\/wp\/v2\/posts"}],"about":[{"href":"https:\/\/www.academiapsicologia.com\/index.php\/wp-json\/wp\/v2\/types\/post"}],"author":[{"embeddable":true,"href":"https:\/\/www.academiapsicologia.com\/index.php\/wp-json\/wp\/v2\/users\/1"}],"replies":[{"embeddable":true,"href":"https:\/\/www.academiapsicologia.com\/index.php\/wp-json\/wp\/v2\/comments?post=50"}],"version-history":[{"count":3,"href":"https:\/\/www.academiapsicologia.com\/index.php\/wp-json\/wp\/v2\/posts\/50\/revisions"}],"predecessor-version":[{"id":102,"href":"https:\/\/www.academiapsicologia.com\/index.php\/wp-json\/wp\/v2\/posts\/50\/revisions\/102"}],"wp:featuredmedia":[{"embeddable":true,"href":"https:\/\/www.academiapsicologia.com\/index.php\/wp-json\/wp\/v2\/media\/56"}],"wp:attachment":[{"href":"https:\/\/www.academiapsicologia.com\/index.php\/wp-json\/wp\/v2\/media?parent=50"}],"wp:term":[{"taxonomy":"category","embeddable":true,"href":"https:\/\/www.academiapsicologia.com\/index.php\/wp-json\/wp\/v2\/categories?post=50"},{"taxonomy":"post_tag","embeddable":true,"href":"https:\/\/www.academiapsicologia.com\/index.php\/wp-json\/wp\/v2\/tags?post=50"}],"curies":[{"name":"wp","href":"https:\/\/api.w.org\/{rel}","templated":true}]}}