{"id":540,"date":"2019-10-15T14:31:45","date_gmt":"2019-10-15T12:31:45","guid":{"rendered":"https:\/\/www.academiapsicologia.com\/?p=540"},"modified":"2026-03-02T13:28:00","modified_gmt":"2026-03-02T12:28:00","slug":"amalio-blanco-abarca","status":"publish","type":"post","link":"https:\/\/www.academiapsicologia.com\/index.php\/2019\/10\/15\/amalio-blanco-abarca\/","title":{"rendered":"Excmo. Sr. D. Amalio Blanco Abarca"},"content":{"rendered":"<p><div class=\"fusion-fullwidth fullwidth-box fusion-builder-row-1 fusion-flex-container nonhundred-percent-fullwidth non-hundred-percent-height-scrolling\" style=\"--awb-border-radius-top-left:0px;--awb-border-radius-top-right:0px;--awb-border-radius-bottom-right:0px;--awb-border-radius-bottom-left:0px;--awb-flex-wrap:wrap;\" ><div class=\"fusion-builder-row fusion-row fusion-flex-align-items-flex-start fusion-flex-content-wrap\" style=\"max-width:1248px;margin-left: calc(-4% \/ 2 );margin-right: calc(-4% \/ 2 );\"><div class=\"fusion-layout-column fusion_builder_column fusion-builder-column-0 fusion_builder_column_1_1 1_1 fusion-flex-column\" style=\"--awb-bg-size:cover;--awb-width-large:100%;--awb-margin-top-large:0px;--awb-spacing-right-large:1.92%;--awb-margin-bottom-large:20px;--awb-spacing-left-large:1.92%;--awb-width-medium:100%;--awb-order-medium:0;--awb-spacing-right-medium:1.92%;--awb-spacing-left-medium:1.92%;--awb-width-small:100%;--awb-order-small:0;--awb-spacing-right-small:1.92%;--awb-spacing-left-small:1.92%;\"><div class=\"fusion-column-wrapper fusion-column-has-shadow fusion-flex-justify-content-flex-start fusion-content-layout-column\"><ul style=\"--awb-line-height:27.2px;--awb-icon-width:27.2px;--awb-icon-height:27.2px;--awb-icon-margin:11.2px;--awb-content-margin:38.4px;--awb-circlecolor:#b67cd1;--awb-circle-yes-font-size:14.08px;\" class=\"fusion-checklist fusion-checklist-1 fusion-checklist-default type-icons\"><li class=\"fusion-li-item\" style=\"\"><span class=\"icon-wrapper circle-yes\"><i class=\"fusion-li-icon fa-calendar-alt fas\" aria-hidden=\"true\"><\/i><\/span><div class=\"fusion-li-item-content\">\n<p><strong>15 de octubre de 2019<\/strong><\/p>\n<\/div><\/li><li class=\"fusion-li-item\" style=\"\"><span class=\"icon-wrapper circle-yes\"><i class=\"fusion-li-icon fa-medal fas\" aria-hidden=\"true\"><\/i><\/span><div class=\"fusion-li-item-content\">\n<p><strong>Medalla N\u00ba 26<\/strong><\/p>\n<\/div><\/li><\/ul><\/div><\/div><\/div><\/div><div class=\"fusion-fullwidth fullwidth-box fusion-builder-row-2 fusion-flex-container nonhundred-percent-fullwidth non-hundred-percent-height-scrolling\" style=\"--awb-border-radius-top-left:0px;--awb-border-radius-top-right:0px;--awb-border-radius-bottom-right:0px;--awb-border-radius-bottom-left:0px;--awb-flex-wrap:wrap;\" ><div class=\"fusion-builder-row fusion-row fusion-flex-align-items-flex-start fusion-flex-content-wrap\" style=\"max-width:1248px;margin-left: calc(-4% \/ 2 );margin-right: calc(-4% \/ 2 );\"><div class=\"fusion-layout-column fusion_builder_column fusion-builder-column-1 fusion_builder_column_1_4 1_4 fusion-flex-column\" style=\"--awb-bg-size:cover;--awb-width-large:25%;--awb-margin-top-large:0px;--awb-spacing-right-large:7.68%;--awb-margin-bottom-large:20px;--awb-spacing-left-large:7.68%;--awb-width-medium:25%;--awb-order-medium:0;--awb-spacing-right-medium:7.68%;--awb-spacing-left-medium:7.68%;--awb-width-small:100%;--awb-order-small:0;--awb-spacing-right-small:1.92%;--awb-spacing-left-small:1.92%;\"><div class=\"fusion-column-wrapper fusion-column-has-shadow fusion-flex-justify-content-flex-start fusion-content-layout-column\"><div class=\"fusion-image-element \" style=\"--awb-caption-title-font-family:var(--h2_typography-font-family);--awb-caption-title-font-weight:var(--h2_typography-font-weight);--awb-caption-title-font-style:var(--h2_typography-font-style);--awb-caption-title-size:var(--h2_typography-font-size);--awb-caption-title-transform:var(--h2_typography-text-transform);--awb-caption-title-line-height:var(--h2_typography-line-height);--awb-caption-title-letter-spacing:var(--h2_typography-letter-spacing);\"><span class=\" fusion-imageframe imageframe-none imageframe-1 hover-type-none\"><a class=\"fusion-no-lightbox\" href=\"https:\/\/www.academiapsicologia.com\/wp-content\/uploads\/2021\/02\/Amalio-Blanco-Abarca.jpg\" target=\"_blank\" aria-label=\"Amalio Blanco Abarca\" rel=\"noopener noreferrer\"><img decoding=\"async\" width=\"225\" height=\"300\" src=\"https:\/\/www.academiapsicologia.com\/wp-content\/uploads\/2021\/02\/Amalio-Blanco-Abarca-225x300.jpg\" alt class=\"img-responsive wp-image-541\" srcset=\"https:\/\/www.academiapsicologia.com\/wp-content\/uploads\/2021\/02\/Amalio-Blanco-Abarca-200x267.jpg 200w, https:\/\/www.academiapsicologia.com\/wp-content\/uploads\/2021\/02\/Amalio-Blanco-Abarca-400x533.jpg 400w, https:\/\/www.academiapsicologia.com\/wp-content\/uploads\/2021\/02\/Amalio-Blanco-Abarca-600x800.jpg 600w, https:\/\/www.academiapsicologia.com\/wp-content\/uploads\/2021\/02\/Amalio-Blanco-Abarca-800x1067.jpg 800w, https:\/\/www.academiapsicologia.com\/wp-content\/uploads\/2021\/02\/Amalio-Blanco-Abarca.jpg 1200w\" sizes=\"(max-width: 640px) 100vw, 400px\" \/><\/a><\/span><\/div><\/div><\/div><div class=\"fusion-layout-column fusion_builder_column fusion-builder-column-2 fusion_builder_column_3_4 3_4 fusion-flex-column\" style=\"--awb-bg-size:cover;--awb-width-large:75%;--awb-margin-top-large:0px;--awb-spacing-right-large:2.56%;--awb-margin-bottom-large:20px;--awb-spacing-left-large:2.56%;--awb-width-medium:75%;--awb-order-medium:0;--awb-spacing-right-medium:2.56%;--awb-spacing-left-medium:2.56%;--awb-width-small:100%;--awb-order-small:0;--awb-spacing-right-small:1.92%;--awb-spacing-left-small:1.92%;\"><div class=\"fusion-column-wrapper fusion-column-has-shadow fusion-flex-justify-content-flex-start fusion-content-layout-column\"><div class=\"fusion-text fusion-text-1\"><div align=\"justify\">\n<h3>DIRECTOR BIBLIOTECA<\/h3>\n<article class=\"contentarea\">\n<div align=\"justify\">\n<p>Amalio Blanco Abarca es conquense de nacimiento y de vocaci\u00f3n. Se licenci\u00f3 en Psicolog\u00eda en la Universidad Complutense de Madrid en 1975. Curs\u00f3 estudios de Sociolog\u00eda en la Universidad de St.Gallen (Suiza) entre 1975 y 1977, a\u00f1o en que se incorpor\u00f3 como profesor al Departamento de Psicolog\u00eda de la Universidad Aut\u00f3noma de Madrid (UAM). Los m\u00e1s de cuarenta a\u00f1os transcurridos desde entonces han sido testigos de acontecimientos muy comunes en el marco universitario como la lectura de la tesis doctoral bajo la direcci\u00f3n del profesor Jim\u00e9nez Burillo en 1979, estancia el \u201cSpanish Speaking Research Center\u201d, de la Universidad de California en Los \u00c1ngeles (UCLA) mediante una beca Fullbright, el inicio de las primeras publicaciones, etc. La vuelta a la UAM en 1986 fue el desencadenante de la actividad de gesti\u00f3n, primero como Director del Departamento de Psicolog\u00eda B\u00e1sica, Social y Metodolog\u00eda, y despu\u00e9s como Decano de la Facultad de Psicolog\u00eda entre 1990 y 1998 desde donde colabor\u00f3 de manera activa en la creaci\u00f3n de la Conferencia de Decanos de la que fue tambi\u00e9n su primer Presidente. Todo ello sin descuidar la labor docente y de investigaci\u00f3n, que, como en el resto de los miembros de la Academia de Psicolog\u00eda, ha dado lugar a la publicaci\u00f3n de numerosos art\u00edculos, libros y cap\u00edtulos de libros, a la direcci\u00f3n de tesis doctorales, a la participaci\u00f3n en numerosos Congresos nacionales e internacionales, a formar parte el Consejo Editorial de varias revistas de Psicolog\u00eda, a dirigir proyectos de investigaci\u00f3n, etc. Son todas estas actividades las que han sembrado la excusa para ser profesor invitado en numerosas Universidades de Am\u00e9rica Latina. En algunas de ellas (Universidad Nacional Mayor de San Marcos y Universidad Garcilaso de la Vega, ambas en Per\u00fa, y Universidad del Norte, en Colombia) ha sido nombrado Profesor Honorario. En 2016 recibi\u00f3 la Medalla de Oro de la Universidad Centroamericana (UCA) de El Salvador con\u00a0 motivo del 50 Aniversario de su creaci\u00f3n. En 1999 recibi\u00f3 la Menci\u00f3n de Honor del Colegio Oficial de Psic\u00f3logos de Madrid, en 2011 el Premio Periodismo del Colegio Oficial de Psic\u00f3logos de Madrid, en 2017 el Premio \u201cJos\u00e9 Luis Pinillos\u201d a la trayectoria profesional a lo largo de la vida, y en 2019 fue elegido Acad\u00e9mico de N\u00famero de la Academia de Psicolog\u00eda de Espa\u00f1a con la Medalla 26.<\/p>\n<\/div>\n<\/article>\n<\/div>\n<\/div><\/div><\/div><\/div><\/div><\/p>\n","protected":false},"excerpt":{"rendered":"","protected":false},"author":1,"featured_media":0,"comment_status":"closed","ping_status":"open","sticky":false,"template":"","format":"standard","meta":{"footnotes":""},"categories":[11],"tags":[],"class_list":["post-540","post","type-post","status-publish","format-standard","hentry","category-academicos"],"_links":{"self":[{"href":"https:\/\/www.academiapsicologia.com\/index.php\/wp-json\/wp\/v2\/posts\/540","targetHints":{"allow":["GET"]}}],"collection":[{"href":"https:\/\/www.academiapsicologia.com\/index.php\/wp-json\/wp\/v2\/posts"}],"about":[{"href":"https:\/\/www.academiapsicologia.com\/index.php\/wp-json\/wp\/v2\/types\/post"}],"author":[{"embeddable":true,"href":"https:\/\/www.academiapsicologia.com\/index.php\/wp-json\/wp\/v2\/users\/1"}],"replies":[{"embeddable":true,"href":"https:\/\/www.academiapsicologia.com\/index.php\/wp-json\/wp\/v2\/comments?post=540"}],"version-history":[{"count":2,"href":"https:\/\/www.academiapsicologia.com\/index.php\/wp-json\/wp\/v2\/posts\/540\/revisions"}],"predecessor-version":[{"id":3635,"href":"https:\/\/www.academiapsicologia.com\/index.php\/wp-json\/wp\/v2\/posts\/540\/revisions\/3635"}],"wp:attachment":[{"href":"https:\/\/www.academiapsicologia.com\/index.php\/wp-json\/wp\/v2\/media?parent=540"}],"wp:term":[{"taxonomy":"category","embeddable":true,"href":"https:\/\/www.academiapsicologia.com\/index.php\/wp-json\/wp\/v2\/categories?post=540"},{"taxonomy":"post_tag","embeddable":true,"href":"https:\/\/www.academiapsicologia.com\/index.php\/wp-json\/wp\/v2\/tags?post=540"}],"curies":[{"name":"wp","href":"https:\/\/api.w.org\/{rel}","templated":true}]}}