{"id":544,"date":"2015-11-09T15:22:22","date_gmt":"2015-11-09T14:22:22","guid":{"rendered":"https:\/\/www.academiapsicologia.com\/?p=544"},"modified":"2026-03-02T13:28:07","modified_gmt":"2026-03-02T12:28:07","slug":"heliodoro-carpintero-capell","status":"publish","type":"post","link":"https:\/\/www.academiapsicologia.com\/index.php\/2015\/11\/09\/heliodoro-carpintero-capell\/","title":{"rendered":"Excmo. Sr. D. Heliodoro Carpintero Capell"},"content":{"rendered":"<p><div class=\"fusion-fullwidth fullwidth-box fusion-builder-row-1 fusion-flex-container nonhundred-percent-fullwidth non-hundred-percent-height-scrolling\" style=\"--awb-border-radius-top-left:0px;--awb-border-radius-top-right:0px;--awb-border-radius-bottom-right:0px;--awb-border-radius-bottom-left:0px;--awb-flex-wrap:wrap;\" ><div class=\"fusion-builder-row fusion-row fusion-flex-align-items-flex-start fusion-flex-content-wrap\" style=\"max-width:1248px;margin-left: calc(-4% \/ 2 );margin-right: calc(-4% \/ 2 );\"><div class=\"fusion-layout-column fusion_builder_column fusion-builder-column-0 fusion_builder_column_1_1 1_1 fusion-flex-column\" style=\"--awb-bg-size:cover;--awb-width-large:100%;--awb-margin-top-large:0px;--awb-spacing-right-large:1.92%;--awb-margin-bottom-large:20px;--awb-spacing-left-large:1.92%;--awb-width-medium:100%;--awb-order-medium:0;--awb-spacing-right-medium:1.92%;--awb-spacing-left-medium:1.92%;--awb-width-small:100%;--awb-order-small:0;--awb-spacing-right-small:1.92%;--awb-spacing-left-small:1.92%;\"><div class=\"fusion-column-wrapper fusion-column-has-shadow fusion-flex-justify-content-flex-start fusion-content-layout-column\"><ul style=\"--awb-line-height:27.2px;--awb-icon-width:27.2px;--awb-icon-height:27.2px;--awb-icon-margin:11.2px;--awb-content-margin:38.4px;--awb-circlecolor:#b67cd1;--awb-circle-yes-font-size:14.08px;\" class=\"fusion-checklist fusion-checklist-1 fusion-checklist-default type-icons\"><li class=\"fusion-li-item\" style=\"\"><span class=\"icon-wrapper circle-yes\"><i class=\"fusion-li-icon fa-calendar-alt fas\" aria-hidden=\"true\"><\/i><\/span><div class=\"fusion-li-item-content\">\n<p><strong>9 de noviembre de 2015<\/strong><\/p>\n<\/div><\/li><li class=\"fusion-li-item\" style=\"\"><span class=\"icon-wrapper circle-yes\"><i class=\"fusion-li-icon fa-medal fas\" aria-hidden=\"true\"><\/i><\/span><div class=\"fusion-li-item-content\">\n<p><strong>Medalla N\u00ba 8<\/strong><\/p>\n<\/div><\/li><\/ul><\/div><\/div><\/div><\/div><div class=\"fusion-fullwidth fullwidth-box fusion-builder-row-2 fusion-flex-container nonhundred-percent-fullwidth non-hundred-percent-height-scrolling\" style=\"--awb-border-radius-top-left:0px;--awb-border-radius-top-right:0px;--awb-border-radius-bottom-right:0px;--awb-border-radius-bottom-left:0px;--awb-flex-wrap:wrap;\" ><div class=\"fusion-builder-row fusion-row fusion-flex-align-items-flex-start fusion-flex-content-wrap\" style=\"max-width:1248px;margin-left: calc(-4% \/ 2 );margin-right: calc(-4% \/ 2 );\"><div class=\"fusion-layout-column fusion_builder_column fusion-builder-column-1 fusion_builder_column_1_4 1_4 fusion-flex-column\" style=\"--awb-bg-size:cover;--awb-width-large:25%;--awb-margin-top-large:0px;--awb-spacing-right-large:7.68%;--awb-margin-bottom-large:20px;--awb-spacing-left-large:7.68%;--awb-width-medium:25%;--awb-order-medium:0;--awb-spacing-right-medium:7.68%;--awb-spacing-left-medium:7.68%;--awb-width-small:100%;--awb-order-small:0;--awb-spacing-right-small:1.92%;--awb-spacing-left-small:1.92%;\"><div class=\"fusion-column-wrapper fusion-column-has-shadow fusion-flex-justify-content-flex-start fusion-content-layout-column\"><div class=\"fusion-image-element \" style=\"--awb-caption-title-font-family:var(--h2_typography-font-family);--awb-caption-title-font-weight:var(--h2_typography-font-weight);--awb-caption-title-font-style:var(--h2_typography-font-style);--awb-caption-title-size:var(--h2_typography-font-size);--awb-caption-title-transform:var(--h2_typography-text-transform);--awb-caption-title-line-height:var(--h2_typography-line-height);--awb-caption-title-letter-spacing:var(--h2_typography-letter-spacing);\"><span class=\" fusion-imageframe imageframe-none imageframe-1 hover-type-none\"><a class=\"fusion-no-lightbox\" href=\"https:\/\/www.academiapsicologia.com\/wp-content\/uploads\/2021\/02\/HELIODORO-CARPINTERO.jpg\" target=\"_blank\" aria-label=\"HELIODORO CARPINTERO\" rel=\"noopener noreferrer\"><img decoding=\"async\" width=\"279\" height=\"300\" src=\"https:\/\/www.academiapsicologia.com\/wp-content\/uploads\/2021\/02\/HELIODORO-CARPINTERO-279x300.jpg\" alt class=\"img-responsive wp-image-545\" srcset=\"https:\/\/www.academiapsicologia.com\/wp-content\/uploads\/2021\/02\/HELIODORO-CARPINTERO-200x215.jpg 200w, https:\/\/www.academiapsicologia.com\/wp-content\/uploads\/2021\/02\/HELIODORO-CARPINTERO.jpg 354w\" sizes=\"(max-width: 640px) 100vw, 279px\" \/><\/a><\/span><\/div><\/div><\/div><div class=\"fusion-layout-column fusion_builder_column fusion-builder-column-2 fusion_builder_column_3_4 3_4 fusion-flex-column\" style=\"--awb-bg-size:cover;--awb-width-large:75%;--awb-margin-top-large:0px;--awb-spacing-right-large:2.56%;--awb-margin-bottom-large:20px;--awb-spacing-left-large:2.56%;--awb-width-medium:75%;--awb-order-medium:0;--awb-spacing-right-medium:2.56%;--awb-spacing-left-medium:2.56%;--awb-width-small:100%;--awb-order-small:0;--awb-spacing-right-small:1.92%;--awb-spacing-left-small:1.92%;\"><div class=\"fusion-column-wrapper fusion-column-has-shadow fusion-flex-justify-content-flex-start fusion-content-layout-column\"><div class=\"fusion-text fusion-text-1\"><div align=\"justify\">\n<p>Barcelona, 30\/06\/1939 Catedr\u00e1tico de universidad (Psicolog\u00eda Basica) jubilado. Doctor en Filosof\u00eda por la Universidad Complutense de Madrid.<\/p>\n<p>Ha sido catedr\u00e1tico de psicolog\u00eda en las Universidades Aut\u00f3noma de Barcelona, Valencia, y Complutense de Madrid; tambi\u00e9n en la Universidad a Distancia de Madrid UDIMA. Primer Decano de la Facultad de Psicolog\u00eda de la U. de Valencia (1983-8). Director de m\u00e1s de diez proyectos de investigaci\u00f3n, y medio centenar de tesis doctorales. Ha sido fundador y director de la \u201cRevista de Historia de la Psicolog\u00eda\u201d, y fundador y primer presidente de la Sociedad Espa\u00f1ola de Historia de la Psicolog\u00eda. Presidente de la Federaci\u00f3n Espa\u00f1ola de Asociaciones de Psicolog\u00eda (1994-2004), Miembro de los comit\u00e9s directivos de la \u201cInternational Union of Psychological Science\u201d (2004-2012), y de la \u201cInternational Union of Applied Psychology (IAAP)\u201d (1994-2012), y \u201cfellow\u201d de la misma (2006). Fundador y primer presidente de la Divisi\u00f3n de Historia de Psicolog\u00eda Aplicada de IAAP (2010-14). Entre sus libros figuran: Historia de las Ideas Psicol\u00f3gicas. 1996; Esbozo de una Psicolog\u00eda seg\u00fan la raz\u00f3n vital. 2000; Historia de la Psicolog\u00eda en Espa\u00f1a. 2004; Luis Simarro. Entre la psicolog\u00eda y la acci\u00f3n ciudadana. Valencia, Universidad de Valencia, 2014.Es autor de numerosos art\u00edculos en revistas internacionales y nacionales, sobre historia de la psicolog\u00eda. Doctor Honoris Causa por las Universidades UNED (Madrid), Valencia, C\u00f3rdoba (Argentina) y San Luis (Argentina). Miembro de Honor del Consejo General de los Colegios de Psic\u00f3logos de Espa\u00f1a, Premio \u201cHuarte de S.Juan\u201d del COP de Castilla-Le\u00f3n Es Acad\u00e9mico \u201cassoci\u00e9\u201d de la Acad\u00e9mie Royale de Belgique, y correspondiente extranjero de la Academia das Ci\u00eancias de Lisboa (2005) y Acad\u00e9mico de N\u00famero, de la Real Academia de Ciencias Morales y Pol\u00edticas de Espa\u00f1a (2000) y de la Academia de Psicolog\u00eda de Espa\u00f1a (2015).<\/p>\n<\/div>\n<\/div><\/div><\/div><\/div><\/div><\/p>\n","protected":false},"excerpt":{"rendered":"","protected":false},"author":1,"featured_media":0,"comment_status":"closed","ping_status":"open","sticky":false,"template":"","format":"standard","meta":{"footnotes":""},"categories":[11],"tags":[],"class_list":["post-544","post","type-post","status-publish","format-standard","hentry","category-academicos"],"_links":{"self":[{"href":"https:\/\/www.academiapsicologia.com\/index.php\/wp-json\/wp\/v2\/posts\/544","targetHints":{"allow":["GET"]}}],"collection":[{"href":"https:\/\/www.academiapsicologia.com\/index.php\/wp-json\/wp\/v2\/posts"}],"about":[{"href":"https:\/\/www.academiapsicologia.com\/index.php\/wp-json\/wp\/v2\/types\/post"}],"author":[{"embeddable":true,"href":"https:\/\/www.academiapsicologia.com\/index.php\/wp-json\/wp\/v2\/users\/1"}],"replies":[{"embeddable":true,"href":"https:\/\/www.academiapsicologia.com\/index.php\/wp-json\/wp\/v2\/comments?post=544"}],"version-history":[{"count":6,"href":"https:\/\/www.academiapsicologia.com\/index.php\/wp-json\/wp\/v2\/posts\/544\/revisions"}],"predecessor-version":[{"id":3639,"href":"https:\/\/www.academiapsicologia.com\/index.php\/wp-json\/wp\/v2\/posts\/544\/revisions\/3639"}],"wp:attachment":[{"href":"https:\/\/www.academiapsicologia.com\/index.php\/wp-json\/wp\/v2\/media?parent=544"}],"wp:term":[{"taxonomy":"category","embeddable":true,"href":"https:\/\/www.academiapsicologia.com\/index.php\/wp-json\/wp\/v2\/categories?post=544"},{"taxonomy":"post_tag","embeddable":true,"href":"https:\/\/www.academiapsicologia.com\/index.php\/wp-json\/wp\/v2\/tags?post=544"}],"curies":[{"name":"wp","href":"https:\/\/api.w.org\/{rel}","templated":true}]}}