{"id":562,"date":"2015-07-16T15:49:55","date_gmt":"2015-07-16T13:49:55","guid":{"rendered":"https:\/\/www.academiapsicologia.com\/?p=562"},"modified":"2021-02-15T14:28:42","modified_gmt":"2021-02-15T13:28:42","slug":"rocio-fernandez-ballesteros-garcia","status":"publish","type":"post","link":"https:\/\/www.academiapsicologia.com\/index.php\/2015\/07\/16\/rocio-fernandez-ballesteros-garcia\/","title":{"rendered":"Excma. Sra. D\u00aa. Roc\u00edo Fern\u00e1ndez-Ballesteros Garc\u00eda"},"content":{"rendered":"<p><div class=\"fusion-fullwidth fullwidth-box fusion-builder-row-1 fusion-flex-container nonhundred-percent-fullwidth non-hundred-percent-height-scrolling\" style=\"--awb-border-radius-top-left:0px;--awb-border-radius-top-right:0px;--awb-border-radius-bottom-right:0px;--awb-border-radius-bottom-left:0px;--awb-flex-wrap:wrap;\" ><div class=\"fusion-builder-row fusion-row fusion-flex-align-items-flex-start fusion-flex-content-wrap\" style=\"max-width:1248px;margin-left: calc(-4% \/ 2 );margin-right: calc(-4% \/ 2 );\"><div class=\"fusion-layout-column fusion_builder_column fusion-builder-column-0 fusion_builder_column_1_1 1_1 fusion-flex-column\" style=\"--awb-bg-size:cover;--awb-width-large:100%;--awb-margin-top-large:0px;--awb-spacing-right-large:1.92%;--awb-margin-bottom-large:20px;--awb-spacing-left-large:1.92%;--awb-width-medium:100%;--awb-order-medium:0;--awb-spacing-right-medium:1.92%;--awb-spacing-left-medium:1.92%;--awb-width-small:100%;--awb-order-small:0;--awb-spacing-right-small:1.92%;--awb-spacing-left-small:1.92%;\"><div class=\"fusion-column-wrapper fusion-column-has-shadow fusion-flex-justify-content-flex-start fusion-content-layout-column\"><ul style=\"--awb-line-height:27.2px;--awb-icon-width:27.2px;--awb-icon-height:27.2px;--awb-icon-margin:11.2px;--awb-content-margin:38.4px;--awb-circlecolor:#b67cd1;--awb-circle-yes-font-size:14.08px;\" class=\"fusion-checklist fusion-checklist-1 fusion-checklist-default type-icons\"><li class=\"fusion-li-item\" style=\"\"><span class=\"icon-wrapper circle-yes\"><i class=\"fusion-li-icon fa-calendar-alt fas\" aria-hidden=\"true\"><\/i><\/span><div class=\"fusion-li-item-content\">\n<p><strong>16 de julio de 2015<\/strong><\/p>\n<\/div><\/li><li class=\"fusion-li-item\" style=\"\"><span class=\"icon-wrapper circle-yes\"><i class=\"fusion-li-icon fa-medal fas\" aria-hidden=\"true\"><\/i><\/span><div class=\"fusion-li-item-content\">\n<p><strong>Medalla N\u00ba 5<\/strong><\/p>\n<\/div><\/li><\/ul><\/div><\/div><\/div><\/div><div class=\"fusion-fullwidth fullwidth-box fusion-builder-row-2 fusion-flex-container nonhundred-percent-fullwidth non-hundred-percent-height-scrolling\" style=\"--awb-border-radius-top-left:0px;--awb-border-radius-top-right:0px;--awb-border-radius-bottom-right:0px;--awb-border-radius-bottom-left:0px;--awb-flex-wrap:wrap;\" ><div class=\"fusion-builder-row fusion-row fusion-flex-align-items-flex-start fusion-flex-content-wrap\" style=\"max-width:1248px;margin-left: calc(-4% \/ 2 );margin-right: calc(-4% \/ 2 );\"><div class=\"fusion-layout-column fusion_builder_column fusion-builder-column-1 fusion_builder_column_1_4 1_4 fusion-flex-column\" style=\"--awb-bg-size:cover;--awb-width-large:25%;--awb-margin-top-large:0px;--awb-spacing-right-large:7.68%;--awb-margin-bottom-large:20px;--awb-spacing-left-large:7.68%;--awb-width-medium:25%;--awb-order-medium:0;--awb-spacing-right-medium:7.68%;--awb-spacing-left-medium:7.68%;--awb-width-small:100%;--awb-order-small:0;--awb-spacing-right-small:1.92%;--awb-spacing-left-small:1.92%;\"><div class=\"fusion-column-wrapper fusion-column-has-shadow fusion-flex-justify-content-flex-start fusion-content-layout-column\"><div class=\"fusion-image-element \" style=\"--awb-caption-title-font-family:var(--h2_typography-font-family);--awb-caption-title-font-weight:var(--h2_typography-font-weight);--awb-caption-title-font-style:var(--h2_typography-font-style);--awb-caption-title-size:var(--h2_typography-font-size);--awb-caption-title-transform:var(--h2_typography-text-transform);--awb-caption-title-line-height:var(--h2_typography-line-height);--awb-caption-title-letter-spacing:var(--h2_typography-letter-spacing);\"><span class=\" fusion-imageframe imageframe-none imageframe-1 hover-type-none\"><a class=\"fusion-no-lightbox\" href=\"https:\/\/www.academiapsicologia.com\/wp-content\/uploads\/2021\/02\/ROCIO-FERNANDEZ-BALLESTEROS.jpg\" target=\"_blank\" aria-label=\"ROC\u00cdO FERN\u00c1NDEZ-BALLESTEROS\" rel=\"noopener noreferrer\"><img decoding=\"async\" width=\"281\" height=\"300\" src=\"https:\/\/www.academiapsicologia.com\/wp-content\/uploads\/2021\/02\/ROCIO-FERNANDEZ-BALLESTEROS-281x300.jpg\" alt class=\"img-responsive wp-image-563\" srcset=\"https:\/\/www.academiapsicologia.com\/wp-content\/uploads\/2021\/02\/ROCIO-FERNANDEZ-BALLESTEROS-200x214.jpg 200w, https:\/\/www.academiapsicologia.com\/wp-content\/uploads\/2021\/02\/ROCIO-FERNANDEZ-BALLESTEROS-400x427.jpg 400w, https:\/\/www.academiapsicologia.com\/wp-content\/uploads\/2021\/02\/ROCIO-FERNANDEZ-BALLESTEROS.jpg 413w\" sizes=\"(max-width: 640px) 100vw, 400px\" \/><\/a><\/span><\/div><\/div><\/div><div class=\"fusion-layout-column fusion_builder_column fusion-builder-column-2 fusion_builder_column_3_4 3_4 fusion-flex-column\" style=\"--awb-bg-size:cover;--awb-width-large:75%;--awb-margin-top-large:0px;--awb-spacing-right-large:2.56%;--awb-margin-bottom-large:20px;--awb-spacing-left-large:2.56%;--awb-width-medium:75%;--awb-order-medium:0;--awb-spacing-right-medium:2.56%;--awb-spacing-left-medium:2.56%;--awb-width-small:100%;--awb-order-small:0;--awb-spacing-right-small:1.92%;--awb-spacing-left-small:1.92%;\"><div class=\"fusion-column-wrapper fusion-column-has-shadow fusion-flex-justify-content-flex-start fusion-content-layout-column\"><div class=\"fusion-text fusion-text-1\"><div align=\"justify\">Doctora en Ciencias Pol\u00edticas y Sociolog\u00eda (1973) Universidad Complutense de Madrid, Dpl. en Psicolog\u00eda y en Sociolog\u00eda por la International University of Social Studies de Roma (1962) y Especialista en Psicolog\u00eda cl\u00ednica (2005).Catedr\u00e1tica de Evaluaci\u00f3n psicol\u00f3gica. Facultad de Psicolog\u00eda de la Universidad Aut\u00f3noma de Madrid en la que, entre otros cargos, ha sido Directora de Departamento (1980-83), Decana de la Facultad de Psicolog\u00eda (1983-87), Directora del M\u00e1ster en Gerontolog\u00eda social (1990-06) y Directora del Programa Universidad para Mayores (2003-10). Actualmente Profesora Em\u00e9rita y Directora del Grupo de Investigaci\u00f3n EVEN (EValuaci\u00f3n y Envejecimiento) de la Universidad Aut\u00f3noma de Madrid.<br \/>\nAutora de 28 libros en psicolog\u00eda, evaluaci\u00f3n y envejecimiento y de 150 art\u00edculos en revistas de impacto y 123 cap\u00edtulos de libros en Espa\u00f1ol, Ingl\u00e9s, Alem\u00e1n.Cabe destacar: Encyclopedia of Psychological Assessment (2002, SAGE pub.), Active Aging. Contribution of Psychology (2007, Hogrefe) y GeroPsychology. European perspective for an aging world (2008, Hogrefe&amp;Huber).<br \/>\nL\u00edneas principales de investigaci\u00f3n: plasticidad cognitiva, enriquecimiento ambiental, salud y envejecimiento, im\u00e1genes sobre la vejez y amenaza del estereotipo, IP o investigadora en proyectos cient\u00edficos de la Uni\u00f3n Europea, entre otros: EUGERON (Aging, Health and Competence, 1996-99). EXCELSA (1998-01), VITAL-GELL C (2000-02); CASOENAC (2009-11) Uni\u00f3n-Europea y Estados Mexicanos.<\/p>\n<p>Fundadora y Primera Presidente de la European Association of Psychological Assessment (EAPA). Fundadora y Editor-in-Chief (1985-2005) de la revista European J. of Psychological Assessment (EJPA) y miembro de Consejo Editorial de diversas revistas nacionales e internacionales en ciencias sociales, gerontolog\u00eda y psicolog\u00eda. Miembro del Board of Directors de la International Association of Applied Psychology (IAAP) (1990-2006) y Presidente de las Divisiones en Assessment and Evaluation (1990-98) y Social Gerontology (2002-06). Directora del grupo de trabajo GeroPsychology de la European Federation of Psychologists Assocations (EFPA)(2003-2009).<br \/>\nExperta de Naciones Unidas y evaluadora del II International Plan of Action on Ageing y consultora de la OMS para \u201cActive Ageing. A policy framework\u201d. Evaluadora de programas en distintos \u00f3rganos internacionales: la UNESCO y Uni\u00f3n Europea.<\/p>\n<p>Ha recibido distintos premios: Aristoteles Prize otorgado por la European Federation of Psychologists Associations-EFPA, Distinguish Contribution de la International Association of Applied Psychology-IAAP y de la European Association of Psychological Assessment (EAPA) y otros muchos galardones recibidos de instituciones universitarias y colegiales espa\u00f1olas, por su trabajo cient\u00edfico en psicolog\u00eda y envejecimiento.<\/p>\n<\/div>\n<p>&nbsp;<\/p>\n<div align=\"center\"><div class=\"fusion-button-wrapper\"><a class=\"fusion-button button-flat fusion-button-default-size button-custom fusion-button-default button-1 fusion-button-default-span fusion-button-default-type\" style=\"--button_accent_color:#ffffff;--button_border_color:#8a5e9e;--button_accent_hover_color:#000000;--button_border_hover_color:#000000;--button_gradient_top_color:#b67cd1;--button_gradient_bottom_color:#b67cd1;--button_gradient_top_color_hover:#b67cd1;--button_gradient_bottom_color_hover:#b67cd1;\" target=\"_blank\" rel=\"noopener noreferrer\" href=\"https:\/\/www.academiapsicologia.com\/wp-content\/uploads\/2021\/02\/CV-ROCIO-FERNANDEZ-BALLESTEROS-GARCIA.pdf\"><i class=\"fa-info-circle fas button-icon-left\" aria-hidden=\"true\"><\/i><span class=\"fusion-button-text\">CURRICULUM VITAE<\/span><\/a><\/div><\/div>\n<\/div><\/div><\/div><\/div><\/div><\/p>\n","protected":false},"excerpt":{"rendered":"","protected":false},"author":1,"featured_media":0,"comment_status":"closed","ping_status":"open","sticky":false,"template":"","format":"standard","meta":{"footnotes":""},"categories":[11],"tags":[],"class_list":["post-562","post","type-post","status-publish","format-standard","hentry","category-academicos"],"_links":{"self":[{"href":"https:\/\/www.academiapsicologia.com\/index.php\/wp-json\/wp\/v2\/posts\/562","targetHints":{"allow":["GET"]}}],"collection":[{"href":"https:\/\/www.academiapsicologia.com\/index.php\/wp-json\/wp\/v2\/posts"}],"about":[{"href":"https:\/\/www.academiapsicologia.com\/index.php\/wp-json\/wp\/v2\/types\/post"}],"author":[{"embeddable":true,"href":"https:\/\/www.academiapsicologia.com\/index.php\/wp-json\/wp\/v2\/users\/1"}],"replies":[{"embeddable":true,"href":"https:\/\/www.academiapsicologia.com\/index.php\/wp-json\/wp\/v2\/comments?post=562"}],"version-history":[{"count":3,"href":"https:\/\/www.academiapsicologia.com\/index.php\/wp-json\/wp\/v2\/posts\/562\/revisions"}],"predecessor-version":[{"id":625,"href":"https:\/\/www.academiapsicologia.com\/index.php\/wp-json\/wp\/v2\/posts\/562\/revisions\/625"}],"wp:attachment":[{"href":"https:\/\/www.academiapsicologia.com\/index.php\/wp-json\/wp\/v2\/media?parent=562"}],"wp:term":[{"taxonomy":"category","embeddable":true,"href":"https:\/\/www.academiapsicologia.com\/index.php\/wp-json\/wp\/v2\/categories?post=562"},{"taxonomy":"post_tag","embeddable":true,"href":"https:\/\/www.academiapsicologia.com\/index.php\/wp-json\/wp\/v2\/tags?post=562"}],"curies":[{"name":"wp","href":"https:\/\/api.w.org\/{rel}","templated":true}]}}