{"id":597,"date":"2019-10-21T19:09:33","date_gmt":"2019-10-21T17:09:33","guid":{"rendered":"https:\/\/www.academiapsicologia.com\/?p=597"},"modified":"2021-02-15T14:29:21","modified_gmt":"2021-02-15T13:29:21","slug":"maria-vicenta-mestre","status":"publish","type":"post","link":"https:\/\/www.academiapsicologia.com\/index.php\/2019\/10\/21\/maria-vicenta-mestre\/","title":{"rendered":"Excma. Sra. D\u00aa. Mar\u00eda Vicenta Mestre"},"content":{"rendered":"<p><div class=\"fusion-fullwidth fullwidth-box fusion-builder-row-1 fusion-flex-container nonhundred-percent-fullwidth non-hundred-percent-height-scrolling\" style=\"--awb-border-radius-top-left:0px;--awb-border-radius-top-right:0px;--awb-border-radius-bottom-right:0px;--awb-border-radius-bottom-left:0px;--awb-flex-wrap:wrap;\" ><div class=\"fusion-builder-row fusion-row fusion-flex-align-items-flex-start fusion-flex-content-wrap\" style=\"max-width:1248px;margin-left: calc(-4% \/ 2 );margin-right: calc(-4% \/ 2 );\"><div class=\"fusion-layout-column fusion_builder_column fusion-builder-column-0 fusion_builder_column_1_1 1_1 fusion-flex-column\" style=\"--awb-bg-size:cover;--awb-width-large:100%;--awb-margin-top-large:0px;--awb-spacing-right-large:1.92%;--awb-margin-bottom-large:20px;--awb-spacing-left-large:1.92%;--awb-width-medium:100%;--awb-order-medium:0;--awb-spacing-right-medium:1.92%;--awb-spacing-left-medium:1.92%;--awb-width-small:100%;--awb-order-small:0;--awb-spacing-right-small:1.92%;--awb-spacing-left-small:1.92%;\"><div class=\"fusion-column-wrapper fusion-column-has-shadow fusion-flex-justify-content-flex-start fusion-content-layout-column\"><ul style=\"--awb-line-height:27.2px;--awb-icon-width:27.2px;--awb-icon-height:27.2px;--awb-icon-margin:11.2px;--awb-content-margin:38.4px;--awb-circlecolor:#b67cd1;--awb-circle-yes-font-size:14.08px;\" class=\"fusion-checklist fusion-checklist-1 fusion-checklist-default type-icons\"><li class=\"fusion-li-item\" style=\"\"><span class=\"icon-wrapper circle-yes\"><i class=\"fusion-li-icon fa-calendar-alt fas\" aria-hidden=\"true\"><\/i><\/span><div class=\"fusion-li-item-content\">\n<p><strong>21 de octubre de 2019<\/strong><\/p>\n<\/div><\/li><li class=\"fusion-li-item\" style=\"\"><span class=\"icon-wrapper circle-yes\"><i class=\"fusion-li-icon fa-medal fas\" aria-hidden=\"true\"><\/i><\/span><div class=\"fusion-li-item-content\">\n<p><strong>Medalla N\u00ba 25<\/strong><\/p>\n<\/div><\/li><\/ul><\/div><\/div><\/div><\/div><div class=\"fusion-fullwidth fullwidth-box fusion-builder-row-2 fusion-flex-container nonhundred-percent-fullwidth non-hundred-percent-height-scrolling\" style=\"--awb-border-radius-top-left:0px;--awb-border-radius-top-right:0px;--awb-border-radius-bottom-right:0px;--awb-border-radius-bottom-left:0px;--awb-flex-wrap:wrap;\" ><div class=\"fusion-builder-row fusion-row fusion-flex-align-items-flex-start fusion-flex-content-wrap\" style=\"max-width:1248px;margin-left: calc(-4% \/ 2 );margin-right: calc(-4% \/ 2 );\"><div class=\"fusion-layout-column fusion_builder_column fusion-builder-column-1 fusion_builder_column_1_4 1_4 fusion-flex-column\" style=\"--awb-bg-size:cover;--awb-width-large:25%;--awb-margin-top-large:0px;--awb-spacing-right-large:7.68%;--awb-margin-bottom-large:20px;--awb-spacing-left-large:7.68%;--awb-width-medium:25%;--awb-order-medium:0;--awb-spacing-right-medium:7.68%;--awb-spacing-left-medium:7.68%;--awb-width-small:100%;--awb-order-small:0;--awb-spacing-right-small:1.92%;--awb-spacing-left-small:1.92%;\"><div class=\"fusion-column-wrapper fusion-column-has-shadow fusion-flex-justify-content-flex-start fusion-content-layout-column\"><div class=\"fusion-image-element \" style=\"--awb-caption-title-font-family:var(--h2_typography-font-family);--awb-caption-title-font-weight:var(--h2_typography-font-weight);--awb-caption-title-font-style:var(--h2_typography-font-style);--awb-caption-title-size:var(--h2_typography-font-size);--awb-caption-title-transform:var(--h2_typography-text-transform);--awb-caption-title-line-height:var(--h2_typography-line-height);--awb-caption-title-letter-spacing:var(--h2_typography-letter-spacing);\"><span class=\" fusion-imageframe imageframe-none imageframe-1 hover-type-none\"><a class=\"fusion-no-lightbox\" href=\"https:\/\/www.academiapsicologia.com\/wp-content\/uploads\/2021\/02\/MARIA-VICENTA-MESTRE-ESCRIVA.jpg\" target=\"_blank\" aria-label=\"MARIA VICENTA MESTRE ESCRIV\u00c1\" rel=\"noopener noreferrer\"><img decoding=\"async\" width=\"200\" height=\"300\" src=\"https:\/\/www.academiapsicologia.com\/wp-content\/uploads\/2021\/02\/MARIA-VICENTA-MESTRE-ESCRIVA-200x300.jpg\" alt class=\"img-responsive wp-image-598\" srcset=\"https:\/\/www.academiapsicologia.com\/wp-content\/uploads\/2021\/02\/MARIA-VICENTA-MESTRE-ESCRIVA-200x300.jpg 200w, https:\/\/www.academiapsicologia.com\/wp-content\/uploads\/2021\/02\/MARIA-VICENTA-MESTRE-ESCRIVA-400x600.jpg 400w, https:\/\/www.academiapsicologia.com\/wp-content\/uploads\/2021\/02\/MARIA-VICENTA-MESTRE-ESCRIVA.jpg 600w\" sizes=\"(max-width: 640px) 100vw, 400px\" \/><\/a><\/span><\/div><\/div><\/div><div class=\"fusion-layout-column fusion_builder_column fusion-builder-column-2 fusion_builder_column_3_4 3_4 fusion-flex-column\" style=\"--awb-bg-size:cover;--awb-width-large:75%;--awb-margin-top-large:0px;--awb-spacing-right-large:2.56%;--awb-margin-bottom-large:20px;--awb-spacing-left-large:2.56%;--awb-width-medium:75%;--awb-order-medium:0;--awb-spacing-right-medium:2.56%;--awb-spacing-left-medium:2.56%;--awb-width-small:100%;--awb-order-small:0;--awb-spacing-right-small:1.92%;--awb-spacing-left-small:1.92%;\"><div class=\"fusion-column-wrapper fusion-column-has-shadow fusion-flex-justify-content-flex-start fusion-content-layout-column\"><div class=\"fusion-text fusion-text-1\"><div align=\"justify\">\n<article class=\"contentarea\">\n<div align=\"justify\">\n<p>M\u00aa Vicenta Mestre naci\u00f3 en Oliva y es catedr\u00e1tica de Psicolog\u00eda B\u00e1sica en la\u00a0<em>Universitat de Val\u00e8ncia<\/em>. Licenciada en Filosof\u00eda y Ciencias de la Educaci\u00f3n, en las especialidades de Psicolog\u00eda y Ciencias de la Educaci\u00f3n, fue distinguida con el Premio Nacional a los mejores becarios y con el premio extraordinario de licenciatura. Doctora en Psicolog\u00eda, obtuvo tambi\u00e9n el Premio Extraordinario e Doctorado.<\/p>\n<p>Como directora de un grupo de investigaci\u00f3n ha sido investigadora principal de 34 proyectos competitivos, entre los cuales hay que destacar dos proyectos PROMETEO con la Universidad de Missouri (USA) y el CONICET de Buenos Aires y la direcci\u00f3n de la red de excelencia ISIC \u2018Fortalecimiento personal, inclusi\u00f3n social y calidad de vida, CVIFOR\u2019. Su objetivo fue detectar factores de protecci\u00f3n y vulnerabilidad e intervenir en la infancia y la adolescencia en riesgo por pobreza y\/o exclusi\u00f3n social.<\/p>\n<p>Actualmente es IP del Proyecto \u2018Violencia y victimizaci\u00f3n en la adolescencia: el rol de los valores\u2019 \u00a0(Plan \u00a0Nacional \u00a0I+D+i, \u00a0PSI2016-78242-R); \u00a0y \u00a0el \u00a0Proyecto \u00a0PROMETEO \u00a0sobre\u00a0\u2018Competencia socioemocional y personal como prevenci\u00f3n de la conducta desadaptada\u201d.<\/p>\n<p>Es codirectora de la C\u00e1tedra Luis Amig\u00f3 entre la\u00a0<em>Universitat de Val\u00e8ncia\u00a0<\/em>y la Fundaci\u00f3n\u00a0Amig\u00f3 para la Intervenci\u00f3n psicosocial en menores en situaci\u00f3n de riesgo.<\/p>\n<p>Es autora de m\u00e1s de 160 art\u00edculos en revistas nacionales e internacionales, de 23 libros y 50 cap\u00edtulos de libros. Ha dirigido 20 tesis doctorales. Su trayectoria investigadora ha sido reconocida con seis sexenios de investigaci\u00f3n.<\/p>\n<p>Comprometida con la transformaci\u00f3n de la universidad, en su trayectoria la Dra. Mestre ha conocido los diferentes niveles de la carrera acad\u00e9mica, as\u00ed como los principales \u00e1mbitos de la gesti\u00f3n universitaria siendo, sucesivamente, Secretaria del Departamento de Psicolog\u00eda B\u00e1sica (1986-1989), Vicedecana de Infraestructuras de la Facultad de Psicolog\u00eda (2001-2002), (Primera) Decana de la Facultad de Psicolog\u00eda (2002-2006), Vicerrectora \u00a0de \u00a0Estudios \u00a0(2006-2010), \u00a0Vicerrectora \u00a0de \u00a0Ordenaci\u00f3n \u00a0Acad\u00e9mica \u00a0y\u00a0Profesorado (2010-2015), y Vicerrectora de Ordenaci\u00f3n Acad\u00e9mica, Profesorado y Sostenibilidad (2015-2018). En 2018, fue elegida como la primera mujer Rectora de la\u00a0<em>Universitat de Val\u00e8ncia\u00a0<\/em>(nombrada por Decreto 41\/2018, de 6 de abril, del\u00a0<em>Consell\u00a0<\/em>de la\u00a0<em>Generalitat<\/em>).<\/p>\n<p>En el \u00e1mbito nacional, ha sido Secretaria Ejecutiva de la Comisi\u00f3n Sectorial de la CRUE\u00a0de Asuntos Acad\u00e9micos y de la Comisi\u00f3n Sectorial de la CRUE de Sostenibilidad. Desde mayo de 2019 preside la Sectorial del Profesorado de la CRUE Universidades espa\u00f1olas. Siendo responsable de la inclusi\u00f3n y la integraci\u00f3n de personas con discapacidad como Vicerrectora de Ordenaci\u00f3n Acad\u00e9mica, Profesorado y Sostenibilidad su universidad, la Universidad de Valencia ha recibido diferentes reconocimientos a nivel nacional como Premios Solidarios Fundaci\u00f3n ONCE y Telef\u00f3nica Ability Awards.<\/p>\n<p>Acad\u00e9mica de n\u00famero de la Academia de Psicolog\u00eda de Espa\u00f1a, recibi\u00f3 el premio al m\u00e9rito policial de la Unidad del Cuerpo Nacional de Polic\u00eda adscrita a la\u00a0<em>Comunitat Valenciana\u00a0<\/em>(Decreto 189\/2019, de 13 diciembre, del\u00a0<em>Consell\u00a0<\/em>de la\u00a0<em>Generalitat Valenciana<\/em>), y los premios de la Federaci\u00f3n de Mujeres Progresistas de la\u00a0<em>Comunitat Valenciana<\/em>, Ferrer Pastor de la Mancomunidad de Municipios de La Safor, el premio honor\u00edfico a la Trayectoria Cultural de\u00a0<em>Foment AIC\u00a0<\/em>de Gand\u00eda y el d\u00eda 9 de octubre de\u00a02018 recibi\u00f3 la Distinci\u00f3n de la\u00a0<em>Generalitat Valenciana\u00a0<\/em>(Decreto 160\/2018, de 5 de octubre).<\/p>\n<p>En 2018 recibi\u00f3 el Premio Jos\u00e9 Luis Pinillos de Psicofundaci\u00f3n a la Excelencia e Innovaci\u00f3n en Psicolog\u00eda en la categor\u00eda \u2018Psic\u00f3loga del a\u00f1o\u2019 que reconoce la excelencia en la actividad profesional y acad\u00e9mica de la Psicolog\u00eda espa\u00f1ola.<\/p>\n<\/div>\n<\/article>\n<\/div>\n<\/div><\/div><\/div><\/div><\/div><\/p>\n","protected":false},"excerpt":{"rendered":"","protected":false},"author":1,"featured_media":0,"comment_status":"closed","ping_status":"open","sticky":false,"template":"","format":"standard","meta":{"footnotes":""},"categories":[11],"tags":[],"class_list":["post-597","post","type-post","status-publish","format-standard","hentry","category-academicos"],"_links":{"self":[{"href":"https:\/\/www.academiapsicologia.com\/index.php\/wp-json\/wp\/v2\/posts\/597","targetHints":{"allow":["GET"]}}],"collection":[{"href":"https:\/\/www.academiapsicologia.com\/index.php\/wp-json\/wp\/v2\/posts"}],"about":[{"href":"https:\/\/www.academiapsicologia.com\/index.php\/wp-json\/wp\/v2\/types\/post"}],"author":[{"embeddable":true,"href":"https:\/\/www.academiapsicologia.com\/index.php\/wp-json\/wp\/v2\/users\/1"}],"replies":[{"embeddable":true,"href":"https:\/\/www.academiapsicologia.com\/index.php\/wp-json\/wp\/v2\/comments?post=597"}],"version-history":[{"count":1,"href":"https:\/\/www.academiapsicologia.com\/index.php\/wp-json\/wp\/v2\/posts\/597\/revisions"}],"predecessor-version":[{"id":599,"href":"https:\/\/www.academiapsicologia.com\/index.php\/wp-json\/wp\/v2\/posts\/597\/revisions\/599"}],"wp:attachment":[{"href":"https:\/\/www.academiapsicologia.com\/index.php\/wp-json\/wp\/v2\/media?parent=597"}],"wp:term":[{"taxonomy":"category","embeddable":true,"href":"https:\/\/www.academiapsicologia.com\/index.php\/wp-json\/wp\/v2\/categories?post=597"},{"taxonomy":"post_tag","embeddable":true,"href":"https:\/\/www.academiapsicologia.com\/index.php\/wp-json\/wp\/v2\/tags?post=597"}],"curies":[{"name":"wp","href":"https:\/\/api.w.org\/{rel}","templated":true}]}}